{"id":405453,"date":"2025-09-20T18:46:11","date_gmt":"2025-09-20T18:46:11","guid":{"rendered":"https:\/\/www.europesays.com\/fr\/405453\/"},"modified":"2025-09-20T18:46:11","modified_gmt":"2025-09-20T18:46:11","slug":"deception-frustration-et-un-peu-dincomprehension-pour-beye-apres-le-match-nul-de-rennes-a-nantes","status":"publish","type":"post","link":"https:\/\/www.europesays.com\/fr\/405453\/","title":{"rendered":"\u00abD\u00e9ception, frustration et un peu d\u2019incompr\u00e9hension\u00bb pour Beye apr\u00e8s le match nul de Rennes \u00e0 Nantes"},"content":{"rendered":"<p>L\u2019entra\u00eeneur du Stade Rennais, Habib Beye, a regrett\u00e9 les deux points perdus par son \u00e9quipe, qui menait 0-2 face aux Canaris dans le derby.<\/p>\n<p class=\"fig-paragraph\">Repris au bout du temps additionnel\u00a0<a href=\"http:\/\/www.lefigaro.fr\/sports\/football\/ligue-1\/ligue-1-a-la-derniere-seconde-nantes-arrache-le-match-nul-dans-le-derby-face-a-rennes-20250920\" data-fig-type=\"NewsFlash\" data-gtm-custom-categorie=\"navigation\" data-gtm-custom-action=\"crossclick\" data-gtm-custom-label=\"Contextuel\" data-gtm-event=\"customEventSPE\" data-fig-domain=\"LEFIGARO\" target=\"_blank\" rel=\"noopener\">par Nantes (2-2) apr\u00e8s avoir men\u00e9 2-0<\/a>, Rennes s&rsquo;est liqu\u00e9fi\u00e9 en seconde p\u00e9riode apr\u00e8s un premier acte ma\u00eetris\u00e9, samedi, pour la 5e journ\u00e9e de Ligue 1, provoquant \u00abl&rsquo;incompr\u00e9hension\u00bb de son coach Habib Beye. \u00abIl y a de la d\u00e9ception, de la frustration et un peu d&rsquo;incompr\u00e9hension\u00bb, a admis le technicien apr\u00e8s le match.\u00abUne mi-temps pour le Stade Rennais et une mi-temps pour le FC Nantes, et le r\u00e9sultat, au vu du match, est logique\u00bb, a-t-il \u00e9galement r\u00e9sum\u00e9.<\/p>\n<p class=\"fig-paragraph\">\u00abCe sont deux points de perdus parce que lorsque vous menez 2-0 dans un sc\u00e9nario comme celui-ci, dans un derby, on doit \u00eatre capable de garder ces deux buts d&rsquo;avance\u00bb, a reconnu Beye. \u00abMais je vous l&rsquo;ai dit apr\u00e8s Lyon (victoire 3-1 apr\u00e8s avoir \u00e9t\u00e9 men\u00e9 1-0) et je le redis aujourd&rsquo;hui: il n&rsquo;y a pas de r\u00e9sultat par le hasard. On a trop l\u00e2ch\u00e9 sur cette seconde p\u00e9riode et eux ont \u00e9t\u00e9 chercher leur destin comme nous\u00bb, a-t-il ajout\u00e9.<\/p>\n<p>                                    <a class=\"fig-a11y-skip a11y-hidden\" href=\"#fig-a11y-skip-main-inarticle\"><br \/>\n        Passer la publicit\u00e9<br \/>\n    <\/a><\/p>\n<p>Les coups durs Rongier et Seidu<\/p>\n<p class=\"fig-paragraph\">Beye avait m\u00eame d\u00e9tect\u00e9 \u00abdes signes un petit peu avant-coureurs sur la fin de premi\u00e8re p\u00e9riode\u00bb, notamment deux occasions de 2-1 pour Matthis Abline. \u00abJ&rsquo;avais mis en garde le groupe sur cette intensit\u00e9 qui serait suppl\u00e9mentaire et sur les changements aussi qu&rsquo;ils allaient op\u00e9rer dans leur animation. Si on avait maintenu le contr\u00f4le qu&rsquo;on avait en premi\u00e8re p\u00e9riode, on aurait \u00e9t\u00e9 capable de canaliser \u00e7a\u00bb, a-t-il estim\u00e9.<\/p>\n<p class=\"fig-paragraph\">\u00abMalheureusement, on n&rsquo;est jamais r\u00e9ellement revenu dans cette deuxi\u00e8me p\u00e9riode sur la ma\u00eetrise qu&rsquo;on avait affich\u00e9e en premi\u00e8re\u00bb, a-t-il compl\u00e9t\u00e9. Son \u00e9quipe a \u00e9t\u00e9 aussi \u00abd\u00e9stabilis\u00e9e par les deux blessures de Alidu Seidu et Valentin Rongier, qui \u00e9taient vraiment deux moteurs sur cette premi\u00e8re p\u00e9riode\u00bb, a soulign\u00e9 le Franco-s\u00e9n\u00e9galais.<\/p>\n<p class=\"fig-paragraph\">Sans vouloir \u00e9voquer des cas individuels, les entr\u00e9es de Djaoui Ciss\u00e9 au milieu et\u00a0<a href=\"http:\/\/www.lefigaro.fr\/sports\/football\/ligue-1\/nantes-rennes-blas-maestro-el-arabi-sauveur-hateboer-plombe-les-tops-et-flops-20250920\" data-fig-type=\"NewsFlash\" data-gtm-custom-categorie=\"navigation\" data-gtm-custom-action=\"crossclick\" data-gtm-custom-label=\"Contextuel\" data-gtm-event=\"customEventSPE\" data-fig-domain=\"LEFIGARO\" target=\"_blank\" rel=\"noopener\">Hans Hateboer<\/a>\u00a0en d\u00e9fense ont, elles, \u00e9t\u00e9 particuli\u00e8rement pr\u00e9judiciables.<\/p>\n<p class=\"fig-paragraph\">\u00abOn sait qu&rsquo;on aura un groupe de 13-14 joueurs qui va se d\u00e9gager et \u00e0 un moment donn\u00e9, si vous voulez rentrer dans cette \u00e9quipe et si l&rsquo;\u00e9quipe est performante, il faudra \u00eatre capable, sur ces moments o\u00f9 vous \u00eates un +impact player+ (un rempla\u00e7ant), de montrer toutes vos qualit\u00e9s\u00bb, a-t-il reconnu. \u00abC&rsquo;\u00e9tait le cas contre Lyon, \u00e7a n&rsquo;a \u00e9t\u00e9 moins le cas aujourd&rsquo;hui (mais) \u00e7a n&rsquo;est la v\u00e9rit\u00e9 que du match d&rsquo;aujourd&rsquo;hui\u00bb, a-t-il relativis\u00e9.<\/p>\n","protected":false},"excerpt":{"rendered":"L\u2019entra\u00eeneur du Stade Rennais, Habib Beye, a regrett\u00e9 les deux points perdus par son \u00e9quipe, qui menait 0-2&hellip;\n","protected":false},"author":2,"featured_media":405454,"comment_status":"","ping_status":"","sticky":false,"template":"","format":"standard","meta":{"footnotes":""},"categories":[2821],"tags":[1111,11,829,1777,674,462,1011,27,12,584,25,3087],"class_list":{"0":"post-405453","1":"post","2":"type-post","3":"status-publish","4":"format-standard","5":"has-post-thumbnail","7":"category-rennes","8":"tag-actu","9":"tag-actualites","10":"tag-bretagne","11":"tag-eu","12":"tag-europe","13":"tag-fc-nantes","14":"tag-fr","15":"tag-france","16":"tag-news","17":"tag-rennes","18":"tag-republique-francaise","19":"tag-stade-rennais"},"share_on_mastodon":{"url":"https:\/\/pubeurope.com\/@fr\/115238114660268700","error":""},"_links":{"self":[{"href":"https:\/\/www.europesays.com\/fr\/wp-json\/wp\/v2\/posts\/405453","targetHints":{"allow":["GET"]}}],"collection":[{"href":"https:\/\/www.europesays.com\/fr\/wp-json\/wp\/v2\/posts"}],"about":[{"href":"https:\/\/www.europesays.com\/fr\/wp-json\/wp\/v2\/types\/post"}],"author":[{"embeddable":true,"href":"https:\/\/www.europesays.com\/fr\/wp-json\/wp\/v2\/users\/2"}],"replies":[{"embeddable":true,"href":"https:\/\/www.europesays.com\/fr\/wp-json\/wp\/v2\/comments?post=405453"}],"version-history":[{"count":0,"href":"https:\/\/www.europesays.com\/fr\/wp-json\/wp\/v2\/posts\/405453\/revisions"}],"wp:featuredmedia":[{"embeddable":true,"href":"https:\/\/www.europesays.com\/fr\/wp-json\/wp\/v2\/media\/405454"}],"wp:attachment":[{"href":"https:\/\/www.europesays.com\/fr\/wp-json\/wp\/v2\/media?parent=405453"}],"wp:term":[{"taxonomy":"category","embeddable":true,"href":"https:\/\/www.europesays.com\/fr\/wp-json\/wp\/v2\/categories?post=405453"},{"taxonomy":"post_tag","embeddable":true,"href":"https:\/\/www.europesays.com\/fr\/wp-json\/wp\/v2\/tags?post=405453"}],"curies":[{"name":"wp","href":"https:\/\/api.w.org\/{rel}","templated":true}]}}