{"id":405464,"date":"2025-09-20T18:54:20","date_gmt":"2025-09-20T18:54:20","guid":{"rendered":"https:\/\/www.europesays.com\/fr\/405464\/"},"modified":"2025-09-20T18:54:20","modified_gmt":"2025-09-20T18:54:20","slug":"au-festival-hypermondes-de-merignac-ils-viennent-dune-autre-planete-en-delorean","status":"publish","type":"post","link":"https:\/\/www.europesays.com\/fr\/405464\/","title":{"rendered":"Au festival Hypermondes de M\u00e9rignac, ils viennent d\u2019une autre plan\u00e8te&#8230; en DeLorean"},"content":{"rendered":"<p>Au milieu de l\u2019effervescence du <a href=\"https:\/\/www.sudouest.fr\/gironde\/gironde-le-festival-hypermondes-ouvre-ses-portes-pour-un-voyage-dans-la-sf-25998197.php\" target=\"_blank\" rel=\"follow nofollow noopener\">festival Hypermondes<\/a> \u00e0 M\u00e9rignac, qui c\u00e9l\u00e8bre cette ann\u00e9e les \u00ab\u00a0Plan\u00e8tes\u00a0\u00bb, un objet venu d\u2019un autre temps attire tous les regards. Ce n\u2019est pas un vaisseau spatial, mais une ic\u00f4ne de la pop culture\u00a0: la DeLorean DMC-12 qui fait voyager dans le temps. D\u2019o\u00f9 vient son propri\u00e9taire\u00a0? \u00ab\u00a0Du futur\u00a0\u00bb, se marre Olivier Fradin, qui couve son bolide des films \u201cRetour vers le futur\u201d depuis 25\u00a0ans. \u00ab\u00a0\u00c0 l\u2019\u00e9poque, les sites de petites annonces n\u2019existaient pas, souligne le quinquag\u00e9naire originaire de r\u00e9gion parisienne. Je l\u2019ai achet\u00e9 \u00e0 un \u00e9mir de Duba\u00ef qui l\u2019avait ramen\u00e9e dans sa villa du 16e arrondissement \u00e0 Paris.\u00a0\u00bb<\/p>\n<p>C\u2019est une v\u00e9ritable <a href=\"https:\/\/www.sudouest.fr\/charente-maritime\/royan\/la-mythique-delorean-va-faire-tourner-les-tetes-ce-samedi-dans-royan-15710599.php\" target=\"_blank\" rel=\"follow nofollow noopener\">DeLorean DMC-12<\/a>, comme l\u2019atteste la plaque du constructeur, mais la transformer en r\u00e9plique a demand\u00e9 pr\u00e8s de trois ans de travail. Il a fallu retrouver les pi\u00e8ces utilis\u00e9es par les accessoiristes du film. \u00ab\u00a0Ils n\u2019ont pas cr\u00e9\u00e9 de pi\u00e8ces sp\u00e9cifiques \u00e0 la voiture, r\u00e9v\u00e8le Olivier Fradin. Ils ont pris des pi\u00e8ces qui existaient et en ont d\u00e9tourn\u00e9 leur usage.\u00a0\u00bb La poign\u00e9e au niveau du levier de vitesse\u00a0? Un outil pour nettoyer les batteries. Le module blanc \u00e0 l\u2019arri\u00e8re estampill\u00e9 \u00ab\u00a0Mr Fusion, home energy reactor\u00a0\u00bb\u00a0? \u00ab\u00a0C\u2019est une machine pour moudre des grains de caf\u00e9.\u00a0\u00bb Certaines restent difficiles \u00e0 d\u00e9nicher, notamment l\u2019arri\u00e8re du v\u00e9hicule, qui a \u00e9t\u00e9 customis\u00e9 de pi\u00e8ces d\u2019aviation. \u00ab\u00a0Il y a notamment une pi\u00e8ce de r\u00e9acteur. Si vous la trouvez, c\u2019est 4\u00a0000\u00a0ou 5\u00a0000 euros.\u00a0\u00bb<\/p>\n<p>        <img decoding=\"async\" id=\"26011770\" src=\"https:\/\/www.europesays.com\/fr\/wp-content\/uploads\/2025\/09\/20250920150026-davt3195.jpg\" alt=\"La DeLorean DMC-12 a \u00e9t\u00e9 achet\u00e9e il y a\u00a025 ans. Il a fallu trois ans pour en faire une r\u00e9plique de celle du film.\" itemprop=\"contentURL\"\/><\/p>\n<p>    La DeLorean DMC-12 a \u00e9t\u00e9 achet\u00e9e il y a\u00a025 ans. Il a fallu trois ans pour en faire une r\u00e9plique de celle du film.<\/p>\n<p>Thierry DAVID\u00a0\/\u00a0SO<\/p>\n<p>    Retour vers le cin\u00e9ma<\/p>\n<p>La DeLorean d\u2019Olivier Fradin n\u2019est pas une oeuvre de mus\u00e9e. \u00ab\u00a0Vous pouvez v\u00e9rifier le contr\u00f4le technique\u00a0\u00bb, sourit le propri\u00e9taire. Par contre, il faudra repasser pour la vignette Crit\u2019air. \u00ab\u00a0Elle est hors cat\u00e9gorie car c\u2019est un v\u00e9hicule nucl\u00e9aire\u00a0!\u00a0\u00bb Cela n\u2019a pas emp\u00each\u00e9 ce passionn\u00e9 d\u2019emprunter l\u2019A10 pour la convoyer en Gironde. \u00ab\u00a0Il faut faire attention, pr\u00e9vient-il. Parce que les gens doublent, prennent la voiture en vid\u00e9o\u2026 ils te klaxonnent\u00a0!\u00a0\u00bb<\/p>\n<p>        <img decoding=\"async\" id=\"26011779\" src=\"https:\/\/www.europesays.com\/fr\/wp-content\/uploads\/2025\/09\/20250920150032-davt3188.jpg\" alt=\"Dans la DeLorean DMC-12 d\u2019Olivier Fradin se trouve le fameux almanach des sports, pr\u00e9sent dans le deuxi\u00e8me volet de la trilogie.\" itemprop=\"contentURL\"\/><\/p>\n<p>    Dans la DeLorean DMC-12 d\u2019Olivier Fradin se trouve le fameux almanach des sports, pr\u00e9sent dans le deuxi\u00e8me volet de la trilogie.<\/p>\n<p>Thierry DAVID\u00a0\/\u00a0SO<\/p>\n<p>Posons une colle\u00a0: \u00e0 quelle vitesse faut-il rouler pour transpercer l\u2019espace-temps\u00a0? \u00ab\u00a0158 milles \u00e0 l\u2019heure\u00a0\u00bb, se hasarde Esther, M\u00e9rignacaise de 16\u00a0ans. Le Doc et Marty McFly auraient corrig\u00e9 en choeur\u00a0: 88 miles \u00e0 l\u2019heure. \u00ab\u00a0J\u2019avais le chiffre 8\u00a0\u00bb, se rassure l\u2019adolescente qui a vu les films de la trilogie \u00ab\u00a0au moins quatre fois chacun\u00a0\u00bb. Sa m\u00e8re Nadia avait toujours regrett\u00e9 de ne pas avoir vu les films au cin\u00e9ma, \u00e0 leur sortie en 1985. Elle pourra se rattraper, avec une s\u00e9ance programm\u00e9e ce dimanche\u00a0\u00e0 13\u00a0h\u00a045 \u00e0 M\u00e9rignac Cin\u00e9. Un vrai bond de quarante ann\u00e9es en arri\u00e8re.<\/p>\n<p>        <img decoding=\"async\" id=\"26011785\" src=\"https:\/\/www.europesays.com\/fr\/wp-content\/uploads\/2025\/09\/20250920150035-davt3241.jpg\" alt=\"La DeLorean fait le bonheur des familles \u00e0 M\u00e9rignac.\" itemprop=\"contentURL\"\/><\/p>\n<p>    La DeLorean fait le bonheur des familles \u00e0 M\u00e9rignac.<\/p>\n<p>Thierry DAVID\u00a0\/\u00a0SO<\/p>\n<p>    Le programme de dimanche<br \/>\nCe dimanche 21\u00a0septembre, le programme d\u2019Hypermondes d\u00e9butera \u00e0 10 heures, avec une discussion sur Tolkien et ses h\u00e9ritiers, avec Anne Besson. \u00c0 11\u00a0h\u00a010, l\u2019exploration se poursuivra vers l\u2019espace avec une rencontre entre science et imaginaire, tandis qu\u2019une autre conf\u00e9rence explorera les voyages de Jules Verne dans la pop culture. L\u2019apr\u00e8s-midi sera ponctu\u00e9e par des temps forts, notamment une rencontre avec le r\u00e9alisateur Jan Kounen \u00e0 13\u00a0h\u00a030, puis un \u00e9change avec le parrain du festival, Antoine Bauza, \u00e0 14\u00a0h\u00a040. La journ\u00e9e se conclura en musique avec un concert \u00e0 16\u00a0heures \u00e0 l\u2019\u00e9glise Saint Vincent, avant la cl\u00f4ture officielle du festival \u00e0 17\u00a0heures. L\u2019acc\u00e8s au festival est gratuit.<\/p>\n<p>        <img decoding=\"async\" id=\"26011769\" src=\"https:\/\/www.europesays.com\/fr\/wp-content\/uploads\/2025\/09\/20250920150027-davt32.jpg\" alt=\"La DeLorean DMC-12 d\u2019Olivier Fradin est notamment sign\u00e9e par Christopher Lloyd, qui jouait le r\u00f4le du Doc dans le film. Toujours vivant, l\u2019acteur est aujourd\u2019hui \u00e2g\u00e9 de 86\u00a0ans.\" itemprop=\"contentURL\"\/><\/p>\n<p>    La DeLorean DMC-12 d\u2019Olivier Fradin est notamment sign\u00e9e par Christopher Lloyd, qui jouait le r\u00f4le du Doc dans le film. Toujours vivant, l\u2019acteur est aujourd\u2019hui \u00e2g\u00e9 de 86\u00a0ans.<\/p>\n<p>Thierry DAVID\u00a0\/\u00a0SO<\/p>\n","protected":false},"excerpt":{"rendered":"Au milieu de l\u2019effervescence du festival Hypermondes \u00e0 M\u00e9rignac, qui c\u00e9l\u00e8bre cette ann\u00e9e les \u00ab\u00a0Plan\u00e8tes\u00a0\u00bb, un objet venu&hellip;\n","protected":false},"author":2,"featured_media":405465,"comment_status":"","ping_status":"","sticky":false,"template":"","format":"standard","meta":{"footnotes":""},"categories":[2817],"tags":[1111,11,1997,1777,674,1011,27,12,2219,25],"class_list":{"0":"post-405464","1":"post","2":"type-post","3":"status-publish","4":"format-standard","5":"has-post-thumbnail","7":"category-bordeaux","8":"tag-actu","9":"tag-actualites","10":"tag-bordeaux","11":"tag-eu","12":"tag-europe","13":"tag-fr","14":"tag-france","15":"tag-news","16":"tag-nouvelle-aquitaine","17":"tag-republique-francaise"},"share_on_mastodon":{"url":"https:\/\/pubeurope.com\/@fr\/115238146821123164","error":""},"_links":{"self":[{"href":"https:\/\/www.europesays.com\/fr\/wp-json\/wp\/v2\/posts\/405464","targetHints":{"allow":["GET"]}}],"collection":[{"href":"https:\/\/www.europesays.com\/fr\/wp-json\/wp\/v2\/posts"}],"about":[{"href":"https:\/\/www.europesays.com\/fr\/wp-json\/wp\/v2\/types\/post"}],"author":[{"embeddable":true,"href":"https:\/\/www.europesays.com\/fr\/wp-json\/wp\/v2\/users\/2"}],"replies":[{"embeddable":true,"href":"https:\/\/www.europesays.com\/fr\/wp-json\/wp\/v2\/comments?post=405464"}],"version-history":[{"count":0,"href":"https:\/\/www.europesays.com\/fr\/wp-json\/wp\/v2\/posts\/405464\/revisions"}],"wp:featuredmedia":[{"embeddable":true,"href":"https:\/\/www.europesays.com\/fr\/wp-json\/wp\/v2\/media\/405465"}],"wp:attachment":[{"href":"https:\/\/www.europesays.com\/fr\/wp-json\/wp\/v2\/media?parent=405464"}],"wp:term":[{"taxonomy":"category","embeddable":true,"href":"https:\/\/www.europesays.com\/fr\/wp-json\/wp\/v2\/categories?post=405464"},{"taxonomy":"post_tag","embeddable":true,"href":"https:\/\/www.europesays.com\/fr\/wp-json\/wp\/v2\/tags?post=405464"}],"curies":[{"name":"wp","href":"https:\/\/api.w.org\/{rel}","templated":true}]}}