{"id":405466,"date":"2025-09-20T18:55:28","date_gmt":"2025-09-20T18:55:28","guid":{"rendered":"https:\/\/www.europesays.com\/fr\/405466\/"},"modified":"2025-09-20T18:55:28","modified_gmt":"2025-09-20T18:55:28","slug":"lubb-lemporte-avec-le-bonus-face-a-lusm-actualites-union-bordeaux-begles-ubb-rugby","status":"publish","type":"post","link":"https:\/\/www.europesays.com\/fr\/405466\/","title":{"rendered":"L&rsquo;UBB l\u2019emporte avec le bonus face \u00e0 l&rsquo;USM ! &#8211; Actualit\u00e9s &#8211; Union Bordeaux B\u00e8gles (UBB Rugby)"},"content":{"rendered":"<p class=\"h2 h2-alt h3\">L&rsquo;UBB\u00a0s&rsquo;impose 71-24 \u00e0 Chaban face \u00e0 de valeureux promus montalbanais. Une\u00a0victoire bonifi\u00e9e qui replace nos girondins dans le Top 6\u00a0avant le d\u00e9placement au Stade Fran\u00e7ais samedi prochain pour la 4e journ\u00e9e du championnat.<\/p>\n<p>Pour cette deuxi\u00e8me r\u00e9ception de la saison\u00a0nos girondins accueillaient pour la premi\u00e8re fois \u00e0 Chaban les montalbanais de l&rsquo;USM Sapiac\u00a0dans un stade<strong>\u00a0\u00e0 guichets ferm\u00e9s pour la 19e fois de suite.<\/strong><\/p>\n<p>Dans\u00a0la touffeur de la fin d&rsquo;apr\u00e8s-midi, les Bordeaux &amp; Blanc commen\u00e7aient parfaitement le match avec un essai <strong>d\u00e8s la 3e minute<\/strong> de jeu inscrit par <strong>LBB<\/strong> apr\u00e8s une prise d&rsquo;intervalle tranchante de Mathieu Jalibert. <strong>Martin Page-Relo transformait<\/strong> et l&rsquo;UBB prenait d&#8217;embl\u00e9e les commandes (7-0).<\/p>\n<p>D\u00e9cha\u00een\u00e9s les hommes de Bastien Vergnes-Taillefer ench\u00e2inaient \u00e0 la <strong>10e minute<\/strong> avec un <strong>essai de MPR<\/strong> bien servi par Mathieu Jalibert juste avant la ligne, cons\u00e9cutivement \u00e0 une perc\u00e9e au ras de Matis Perchaud. <strong>Le num\u00e9ro 9 transformait lui-m\u00eame<\/strong> son essai et donnait 14 points d&rsquo;avance aux girondins <strong>(10e, 14-0)<\/strong>.<\/p>\n<p><img loading=\"lazy\" decoding=\"async\" src=\"https:\/\/www.europesays.com\/fr\/wp-content\/uploads\/2025\/09\/ICONSPORT_271278_0045.jpg\" alt=\"\" width=\"782\" height=\"521\"\/>Gros d\u00e9but de match de nos girondins \u00e0 chaban\u00a0(CREDIT : ICONSPORT)<\/p>\n<p>Mais les sapiacains ne s&rsquo;en laissaient pas compter et revenaient au score au quart d&rsquo;heure de jeu <strong>(14-7)<\/strong> gr\u00e2ce \u00e0 un <strong>essai sur ballon port\u00e9 de J.Maurouard<\/strong> (transform\u00e9 par Mouchous). Tout de suite, les girondins r\u00e9pliquaient par un <strong>essai de BVT<\/strong> apr\u00e8s une bonne s\u00e9quence de pilonnage des avants <strong>(19e , 21-7).<\/strong><\/p>\n<p>Puis c&rsquo;est <strong>Baptiste Mouchous\u00a0<\/strong>qui r\u00e9compensait les siens par une\u00a0p\u00e9nalit\u00e9 <strong>(21-10, 23e)<\/strong>. Avant un <strong>nouvel essai bordelais inscrit par Damian Penaud (26e).. finalement refus\u00e9 <\/strong>pour un passage \u00e0 vide de BVT&#8230; <strong>Rebelote \u00e0 la demi-heure de jeu (32e),<\/strong> avec <strong>cette fois un essai refus\u00e9 aux\u00a0montalbanais<\/strong> (inscrit\u00a0sur un nouveau maul par K\u00e9vin Firmin) pour une faute des visiteurs.<\/p>\n<p>Les tarn et garonnais s&rsquo;en remettaient au pied de Mouchous (34e) pour grignoter leur retard mais la tentative lointaine de l&rsquo;ouvreur sapiacain heurtait la barre transversale&#8230; Juste avant la pause, c&rsquo;est finalement <strong>Louis Bielle-Biarrey qui s&rsquo;offrait un doubl\u00e9 (son 45e essai en Bordeaux &amp; Blanc)<\/strong>, bien d\u00e9cal\u00e9 dans son couloir par une longue passe de M.Jalibert puis un bon service de Jon Echegaray, notre ailier tapait par-dessus l&rsquo;arri\u00e8re montalbanais pour lui-m\u00eame et <strong>marquait un quatri\u00e8me essai pour les girondins<\/strong><strong>.\u00a0<\/strong>Ce qui portait le score \u00e0 <strong>26-10 en faveur de nos joueurs \u00e0 la pause !<\/strong><\/p>\n<p><img loading=\"lazy\" decoding=\"async\" src=\"https:\/\/www.europesays.com\/fr\/wp-content\/uploads\/2025\/09\/ICONSPORT_271278_0032.jpg\" alt=\"\" width=\"1200\" height=\"799\"\/>3 essais en 3 matchs pour lbb cette saison\u00a0(CREDIT : ICONSPORT)<\/p>\n<p>Apr\u00e8s la pause, les hommes de Yannick Bru poursuivaient sur la m\u00eame lanc\u00e9e et trouvaient de nouveau l&rsquo;ouverture par leurs trois-quarts sur le c\u00f4t\u00e9 droit ! C&rsquo;est <strong>Damian Penaud qui marquait son 44e essai en Bordeaux &amp; Blanc<\/strong>, bien d\u00e9cal\u00e9\u00a0par Nicolas Depoortere dans son couloir <strong>(31-10 , 43e)<\/strong> ! Puis 3 minutes plus tard <strong>Matthieu Jalibert y allait \u00e9galement de son essai<\/strong>. Il trouvait la faille apr\u00e8s une touche r\u00e9cup\u00e9r\u00e9e et tapait par-dessus Larregain pour marquer sans opposition <strong>(46e , 38-10).<\/strong><\/p>\n<p>Les montalbanais ne se d\u00e9courageaient pas et inscrivaient imm\u00e9diatement <strong>un nouvel essai en force par J.Jackson (49e)<\/strong> pour revenir \u00e0 <strong>38-17 apr\u00e8s la transformation<\/strong>. Ils s&rsquo;approchaient encore de la ligne quelques minutes plus tard mais perdaient le ballon&#8230; Nos girondins en profitaient pour <strong>contre-attaquer depuis leur en-but<\/strong> et apr\u00e8s les <strong>acc\u00e9l\u00e9rations successives de Jalibert puis LBB<\/strong> c&rsquo;est<strong> Nicolas Depoortere qui marquait<\/strong> entre les poteaux un essai de plus de 100m ! Avec la transformation, <strong>l&rsquo;\u00e9cart devenait\u00a0trop important (45-17) pour les promus. <\/strong><\/p>\n<p>Surtout que les Bordeaux &amp; Blanc allaient marquer de nouveau par<strong> Nicolas Depoortere,<\/strong> apr\u00e8s un nouveau ballon de r\u00e9cup\u00e9ration et une belle action collective, <strong>passant la barre des 50 points \u00e0 l&rsquo;heure de jeu (52-17 , 60e).<\/strong><\/p>\n<p><strong><img loading=\"lazy\" decoding=\"async\" src=\"https:\/\/www.europesays.com\/fr\/wp-content\/uploads\/2025\/09\/ICONSPORT_271278_0039.jpg\" alt=\"\" width=\"782\" height=\"521\"\/><\/strong><\/p>\n<p>Nouveau match plein pour nicolas depoortere (CREDIT : ICONSPORT)<\/p>\n<p><strong>Xan Mousques,<\/strong> entr\u00e9 en jeu quelques minutes plus t\u00f4t, \u00e9tait sanctionn\u00e9 d&rsquo;un carton jaune pour un plaquage dangereux sur Josua Vici (64e). Les montalbanais profitaient de cette sup\u00e9riorit\u00e9 num\u00e9rique pour inscrire un <strong>3e essai par leur talonneur rempla\u00e7ant K.Firmin<\/strong>. Mouchous transformait et r\u00e9duisait marque\u00a0<strong>(52-24 , 69e)<\/strong>.\u00a0<\/p>\n<p>Mais malheureusement pour les Verts et noirs, nos girondins allaient de nouveau marquer par l&rsquo;interm\u00e9diaire de <strong>Connor Sa (72e) en force<\/strong>, apr\u00e8s une belle perc\u00e9e de Damian Penaud, puis plusieurs relais efficaces des avants. <strong>Trois minutes plus tard,<\/strong> c&rsquo;est <strong>Joseph Laharrague<\/strong> qui marquait son premier essai en professionnel, bien servi par Pierre Bochaton le long de la ligne de touche, apr\u00e8s un nouveau turnover ! Il transformait lui-m\u00eame son essai et portait la marque \u00e0 <strong>64-24 pour nos joueurs !\u00a0<\/strong><\/p>\n<p>Sur la derni\u00e8re action de la rencontre, <strong>Valentin\u00a0Hutteau allait imiter son comp\u00e8re<\/strong> de la charni\u00e8re et inscrire lui aussi son <strong>premier essai en professionnel<\/strong> \u00e0 la suite d&rsquo;une belle acc\u00e9l\u00e9ration plein champs. J. Laharrague transformait et cl\u00f4turait le tableau d&rsquo;affichage sur <strong>un large 71-24 en faveur de nos Bordeaux &amp; Blanc<\/strong> !<\/p>\n<p><strong><img decoding=\"async\" src=\"https:\/\/www.europesays.com\/fr\/wp-content\/uploads\/2025\/09\/ICONSPORT_271278_0029.jpg\" alt=\"\" width=\"1200\"\/><\/strong><\/p>\n<p style=\"text-align: left;\">deux victoires en deux r\u00e9ceptions \u00e0 chaban\u00a0(CREDIT : ICONSPORT)<\/p>\n<p style=\"text-align: center;\"><strong>Un\u00a0grand merci \u00e0 nos supporters\u00a0pr\u00e9sent \u00e0 Chaban pour ce deuxi\u00e8me\u00a0match de la saison \u00e0 domicile ! Direction le Stade Fran\u00e7ais samedi\u00a0prochain pour la 4e journ\u00e9e de championnat.<\/strong><\/p>\n<p style=\"text-align: center;\"><strong>Prochain rendez-vous \u00e0 Chaban\u00a0le samedi 4\u00a0octobre \u00e0 21h00 face au LOU. Il reste des <a href=\"https:\/\/billetterie.ubbrugby.com\/fr\" target=\"_blank\" rel=\"noopener\">billets disponibles<\/a>, ne tardez pas !<\/strong><\/p>\n<p style=\"text-align: center;\"><a href=\"https:\/\/billetterie.ubbrugby.com\/fr\" target=\"_blank\" rel=\"noopener\"><img loading=\"lazy\" decoding=\"async\" src=\"https:\/\/www.europesays.com\/fr\/wp-content\/uploads\/2025\/09\/Horizontal-ubblou.jpg\" alt=\"\" width=\"782\" height=\"440\"\/><\/a><\/p>\n","protected":false},"excerpt":{"rendered":"L&rsquo;UBB\u00a0s&rsquo;impose 71-24 \u00e0 Chaban face \u00e0 de valeureux promus montalbanais. Une\u00a0victoire bonifi\u00e9e qui replace nos girondins dans le&hellip;\n","protected":false},"author":2,"featured_media":405467,"comment_status":"","ping_status":"","sticky":false,"template":"","format":"standard","meta":{"footnotes":""},"categories":[2817],"tags":[1111,47,11,4402,1997,4404,4401,4356,4400,4357,1983,1777,674,1011,27,1987,1114,2947,955,12,2219,4048,25,479,517,2858,478,4364,4403,1264],"class_list":{"0":"post-405466","1":"post","2":"type-post","3":"status-publish","4":"format-standard","5":"has-post-thumbnail","7":"category-bordeaux","8":"tag-actu","9":"tag-actualite","10":"tag-actualites","11":"tag-begles","12":"tag-bordeaux","13":"tag-chaban","14":"tag-challenge-cup","15":"tag-coronavirus","16":"tag-covid","17":"tag-covid-19","18":"tag-essai","19":"tag-eu","20":"tag-europe","21":"tag-fr","22":"tag-france","23":"tag-girondins","24":"tag-infos","25":"tag-lnr","26":"tag-match","27":"tag-news","28":"tag-nouvelle-aquitaine","29":"tag-presse","30":"tag-republique-francaise","31":"tag-rugby","32":"tag-sport","33":"tag-stade","34":"tag-top-14","35":"tag-ubb","36":"tag-union","37":"tag-victoire"},"share_on_mastodon":{"url":"https:\/\/pubeurope.com\/@fr\/115238150234855040","error":""},"_links":{"self":[{"href":"https:\/\/www.europesays.com\/fr\/wp-json\/wp\/v2\/posts\/405466","targetHints":{"allow":["GET"]}}],"collection":[{"href":"https:\/\/www.europesays.com\/fr\/wp-json\/wp\/v2\/posts"}],"about":[{"href":"https:\/\/www.europesays.com\/fr\/wp-json\/wp\/v2\/types\/post"}],"author":[{"embeddable":true,"href":"https:\/\/www.europesays.com\/fr\/wp-json\/wp\/v2\/users\/2"}],"replies":[{"embeddable":true,"href":"https:\/\/www.europesays.com\/fr\/wp-json\/wp\/v2\/comments?post=405466"}],"version-history":[{"count":0,"href":"https:\/\/www.europesays.com\/fr\/wp-json\/wp\/v2\/posts\/405466\/revisions"}],"wp:featuredmedia":[{"embeddable":true,"href":"https:\/\/www.europesays.com\/fr\/wp-json\/wp\/v2\/media\/405467"}],"wp:attachment":[{"href":"https:\/\/www.europesays.com\/fr\/wp-json\/wp\/v2\/media?parent=405466"}],"wp:term":[{"taxonomy":"category","embeddable":true,"href":"https:\/\/www.europesays.com\/fr\/wp-json\/wp\/v2\/categories?post=405466"},{"taxonomy":"post_tag","embeddable":true,"href":"https:\/\/www.europesays.com\/fr\/wp-json\/wp\/v2\/tags?post=405466"}],"curies":[{"name":"wp","href":"https:\/\/api.w.org\/{rel}","templated":true}]}}