{"id":405509,"date":"2025-09-20T19:18:12","date_gmt":"2025-09-20T19:18:12","guid":{"rendered":"https:\/\/www.europesays.com\/fr\/405509\/"},"modified":"2025-09-20T19:18:12","modified_gmt":"2025-09-20T19:18:12","slug":"un-habitant-crie-son-ras-le-bol-a-q","status":"publish","type":"post","link":"https:\/\/www.europesays.com\/fr\/405509\/","title":{"rendered":"un habitant crie son \u00ab\u00a0ras-le-bol\u00a0\u00bb \u00e0 q &#8230;"},"content":{"rendered":"<p>EN BREF<\/p>\n<ul class=\"bloc_resume_post_list\">\n<li>C\u00e9dric Jubillar est jug\u00e9 \u00e0 Albi pour le meurtre de son<br \/>\n\u00e9pouse Delphine, disparue en d\u00e9cembre 2020 \u00e0<br \/>\nCagnac-les-Mines.<\/li>\n<li>Le village de Cagnac-les-Mines est marqu\u00e9 par cette<br \/>\naffaire judiciaire, avec une maison inachev\u00e9e et un m\u00e9morial en<br \/>\nsouvenir de Delphine.<\/li>\n<li>Les habitants, fatigu\u00e9s par l\u00a0\u00bbattention m\u00e9diatique,<br \/>\nesp\u00e8rent des r\u00e9ponses tout en redoutant le retour du tumulte autour<br \/>\ndu proc\u00e8s.<\/li>\n<\/ul>\n<p data-start=\"348\" data-end=\"614\">Cagnac-les-Mines, paisible<br \/>\nbourgade du Tarn, se retrouve de nouveau sous les projecteurs. Ce<br \/>\nlundi, \u00e0 quelques kilom\u00e8tres de l\u00e0, s\u2019ouvre \u00e0 Albi le proc\u00e8s de<br \/>\n<a href=\"https:\/\/www.telestar.fr\/societe\/proces-de-cedric-jubillar-la-belle-vie-un-avocat-de-la-partie-civile-pas-loin-du-derapage-total-1738571\" target=\"_blank\" rel=\"noopener\"><br \/>\nC\u00e9dric Jubillar<\/a>, accus\u00e9 du <a href=\"https:\/\/www.telestar.fr\/societe\/faits_divers\/disparition-de-delphine-jubillar-quand-cedric-jubillar-sinspire-un-peu-trop-de-la-casa-de-papel-1734307\" target=\"_blank\" rel=\"noopener\"><br \/>\nmeurtre<\/a> de son \u00e9pouse <a href=\"https:\/\/www.telestar.fr\/societe\/delphine-jubillar-je-demande-a-mon-fils-de-la-mere-de-cedric-entre-larmes-et-espoir-avant-louverture-du-proces-1738603\" target=\"_blank\" rel=\"noopener\"><br \/>\nDelphine<\/a>, disparue <strong>dans la nuit du 15 au 16 d\u00e9cembre<br \/>\n2020.<\/strong><\/p>\n<p data-start=\"616\" data-end=\"1022\">Depuis cinq ans, ce village de<br \/>\n2 600 habitants vit au rythme des rebondissements judiciaires.<br \/>\nDerri\u00e8re ses lotissements discrets et ses rues d\u00e9sertes, il porte<br \/>\nencore les stigmates <strong>d\u2019une affaire devenue<br \/>\nnationale.<\/strong> Une maison inachev\u00e9e, celle des Jubillar,<br \/>\nrappelle chaque jour cette nuit tragique o\u00f9 <strong>une <a href=\"https:\/\/www.telestar.fr\/societe\/delphine-jubillar-de-nouveaux-details-sur-le-mari-et-les-enfants-de-la-disparue-laches-dans-telematin-1678681\" target=\"_blank\" rel=\"noopener\"><br \/>\ninfirmi\u00e8re<\/a> de 33 ans s\u2019est volatilis\u00e9e<\/strong>, laissant<br \/>\nderri\u00e8re elle deux enfants et un myst\u00e8re jamais \u00e9lucid\u00e9.<\/p>\n<p>L&rsquo;affaire Jubillar, \u00ab\u00a0les gens<br \/>\nen ont marre\u00a0\u00bb<\/p>\n<p data-start=\"1075\" data-end=\"1420\">Ce samedi 20 septembre, nos<br \/>\nconfr\u00e8res de 20 Minutes ont publi\u00e9 un reportage<br \/>\nqui\u00a0d\u00e9crit la maison des Jubillar comme <strong>un d\u00e9cor fig\u00e9<br \/>\ndans le temps<\/strong> : murs bruts, fen\u00eatres sans rideaux,<br \/>\nparpaings empil\u00e9s et un chemin envahi de ronces. Devant, une Clio<br \/>\nblanche immobile et un m\u00e9morial de fortune o\u00f9 s\u2019accumulent fleurs,<br \/>\nphotos et pancartes qui r\u00e9clament \u00ab\u00a0Justice et v\u00e9rit\u00e9 pour<br \/>\nDelphine, <a href=\"https:\/\/www.telestar.fr\/societe\/delphine-jubillar-de-nouveaux-details-sur-le-mari-et-les-enfants-de-la-disparue-laches-dans-telematin-1678681\" target=\"_blank\" rel=\"noopener\"><br \/>\nLouis et Elyah<\/a>\u00ab\u00a0.<\/p>\n<p data-start=\"1422\" data-end=\"1840\">Mais autour, le silence<br \/>\ndomine. Les habitants se prot\u00e8gent des micros et des cam\u00e9ras.<br \/>\n\u00ab\u00a0Si c\u2019est pour les journaux,<br \/>\npassez votre chemin, je ne parlerai pas\u00a0\u00bb, l\u00e2che une voisine<br \/>\nagac\u00e9e, interrog\u00e9e par nos confr\u00e8res. Un commer\u00e7ant du centre-ville<br \/>\nr\u00e9sume le sentiment g\u00e9n\u00e9ral : \u00ab\u00a0C\u2019est une petite communaut\u00e9. <strong>Les gens en ont marre<br \/>\nqu\u2019on leur parle de \u00e7a<\/strong>. C\u2019est pass\u00e9, maintenant. Mais avec<br \/>\nle proc\u00e8s, \u00e7a va revenir, c\u2019est s\u00fbr.\u00a0\u00bb Dans les caf\u00e9s, le sujet<br \/>\nrevient malgr\u00e9 tout, gliss\u00e9 entre deux conversations sur le travail<br \/>\nou la rentr\u00e9e. Mais les regards s\u2019\u00e9vitent, les mots se coupent<br \/>\nvite. <strong>\u00ab\u00a0Ras-le-bol\u00a0\u00bb,<\/strong> souffle un client avant de<br \/>\nretourner \u00e0 son caf\u00e9, comme pour mettre un terme \u00e0 une discussion<br \/>\nqui n\u2019a que trop dur\u00e9.<\/p>\n<p>\u00ab\u00a0Je<br \/>\nveux savoir ce qu&rsquo;il s&rsquo;est pass\u00e9\u00a0\u00bb<\/p>\n<p data-start=\"2160\" data-end=\"2561\">Parmi les voix rares qui<br \/>\nacceptent de se livrer, celle d\u2019une habitante de 79 ans, crois\u00e9e au<br \/>\nsoleil par les reporters. Elle admet son obsession pour cette<br \/>\naffaire : \u00ab\u00a0Je ne les<br \/>\nconnaissais pas, les Jubillar, pourtant Dieu sait que je vais<br \/>\nsouvent \u00e0 l\u2019h\u00f4pital o\u00f9 elle travaillait. Je veux savoir ce qu\u2019il<br \/>\ns\u2019est pass\u00e9. En tant que femme, en tant que m\u00e8re, et <strong>grande<br \/>\ncurieuse aussi<\/strong> !\u00a0\u00bb<\/p>\n<p data-start=\"2563\" data-end=\"2850\">Des mots qui traduisent une<br \/>\ncuriosit\u00e9 m\u00eal\u00e9e \u00e0 l\u2019inqui\u00e9tude qui persiste. \u00ab\u00a0C\u2019est fou, cette histoire. On est si calme ici,<br \/>\nnormalement. Je n\u2019arrive pas \u00e0 croire que ce soit arriv\u00e9 chez nous.<br \/>\nOn nous emb\u00eate parfois avec toutes ces questions, <strong>mais je<br \/>\ncomprends<\/strong>. C\u2019est une histoire qui marque.\u00a0\u00bb Dans ce<br \/>\nvillage o\u00f9 tout le monde se conna\u00eet, le proc\u00e8s r\u00e9veille des<br \/>\nblessures enfouies. Les habitants attendent que la justice apporte<br \/>\nenfin des r\u00e9ponses. Mais beaucoup redoutent aussi le retour du<br \/>\ntumulte m\u00e9diatique qui, depuis 2020, a boulevers\u00e9 leur<br \/>\ntranquillit\u00e9. \u00ab\u00a0Chacun restera<br \/>\ndans son coin de toute mani\u00e8re, quoi qu\u2019il arrive\u00a0\u00bb, souffle un<br \/>\nhabitant r\u00e9sign\u00e9.<\/p>\n","protected":false},"excerpt":{"rendered":"EN BREF C\u00e9dric Jubillar est jug\u00e9 \u00e0 Albi pour le meurtre de son \u00e9pouse Delphine, disparue en d\u00e9cembre&hellip;\n","protected":false},"author":2,"featured_media":405510,"comment_status":"","ping_status":"","sticky":false,"template":"","format":"standard","meta":{"footnotes":""},"categories":[2],"tags":[11,548,33030,33031,1011,27,12,2694,25],"class_list":{"0":"post-405509","1":"post","2":"type-post","3":"status-publish","4":"format-standard","5":"has-post-thumbnail","7":"category-actualites","8":"tag-actualites","9":"tag-article-simple","10":"tag-cedric-jubillar","11":"tag-delphine-jubillar","12":"tag-fr","13":"tag-france","14":"tag-news","15":"tag-proces","16":"tag-republique-francaise"},"share_on_mastodon":{"url":"https:\/\/pubeurope.com\/@fr\/115238240563187800","error":""},"_links":{"self":[{"href":"https:\/\/www.europesays.com\/fr\/wp-json\/wp\/v2\/posts\/405509","targetHints":{"allow":["GET"]}}],"collection":[{"href":"https:\/\/www.europesays.com\/fr\/wp-json\/wp\/v2\/posts"}],"about":[{"href":"https:\/\/www.europesays.com\/fr\/wp-json\/wp\/v2\/types\/post"}],"author":[{"embeddable":true,"href":"https:\/\/www.europesays.com\/fr\/wp-json\/wp\/v2\/users\/2"}],"replies":[{"embeddable":true,"href":"https:\/\/www.europesays.com\/fr\/wp-json\/wp\/v2\/comments?post=405509"}],"version-history":[{"count":0,"href":"https:\/\/www.europesays.com\/fr\/wp-json\/wp\/v2\/posts\/405509\/revisions"}],"wp:featuredmedia":[{"embeddable":true,"href":"https:\/\/www.europesays.com\/fr\/wp-json\/wp\/v2\/media\/405510"}],"wp:attachment":[{"href":"https:\/\/www.europesays.com\/fr\/wp-json\/wp\/v2\/media?parent=405509"}],"wp:term":[{"taxonomy":"category","embeddable":true,"href":"https:\/\/www.europesays.com\/fr\/wp-json\/wp\/v2\/categories?post=405509"},{"taxonomy":"post_tag","embeddable":true,"href":"https:\/\/www.europesays.com\/fr\/wp-json\/wp\/v2\/tags?post=405509"}],"curies":[{"name":"wp","href":"https:\/\/api.w.org\/{rel}","templated":true}]}}