{"id":40551,"date":"2025-04-21T03:57:12","date_gmt":"2025-04-21T03:57:12","guid":{"rendered":"https:\/\/www.europesays.com\/fr\/40551\/"},"modified":"2025-04-21T03:57:12","modified_gmt":"2025-04-21T03:57:12","slug":"dans-lacademie-de-strasbourg-la-difficile-subsistance-des-classes-bilingues","status":"publish","type":"post","link":"https:\/\/www.europesays.com\/fr\/40551\/","title":{"rendered":"Dans l\u2019acad\u00e9mie de Strasbourg, la difficile subsistance des classes bilingues"},"content":{"rendered":"<p class=\"wp-block-post-excerpt__excerpt\">Les \u00e9coles maternelles Saint-Jean et Saint-Thomas de Strasbourg pourraient bien voir leurs classes surcharg\u00e9es \u00e0 la rentr\u00e9e prochaine suite \u00e0 de potentielles fermetures de classes bilingues dans chacun des \u00e9tablissements. Pour le FSU-SNUIpp, il est hors de question d\u2019ouvrir de nouvelles classes bilingues tant que celles d\u00e9j\u00e0 existantes n\u2019auront pas les ressources n\u00e9cessaires. <\/p>\n<p class=\"font-sans\">\n\t\t\tCet article est en acc\u00e8s libre. Pour soutenir Rue89 Strasbourg,<br \/>\n\t\t\t<a class=\"underline\" href=\"https:\/\/www.rue89strasbourg.com\/abonnement\" target=\"_blank\" rel=\"noopener\">abonnez-vous<\/a>.\n\t\t<\/p>\n<p>Magali Arrouays<\/p>\n<p>Publi\u00e9 le 20 avril 2025\u00a0\u00a0\u00b7\u00a0\u00a0<\/p>\n<p>Imprim\u00e9 le 21 avril 2025 \u00e0 04h56\u00a0\u00a0\u00b7\u00a0\u00a0<\/p>\n<p>\t\t\t\t\t3\u00a0minutes\n<\/p>\n<p>\u00c0 l\u2019\u00e9cole Saint-Thomas de Strasbourg, la mobilisation des parents d\u2019\u00e9l\u00e8ves a d\u00e9but\u00e9 mardi 18 et jeudi 20 mars avec une distribution de \u00ab\u00a0tracts informatifs\u00a0\u00bb et la signature d\u2019une p\u00e9tition afin d\u2019informer sur les cons\u00e9quences d\u2019une fermeture de classe en septembre 2025. <\/p>\n<p>L\u2019\u00e9cole maternelle compte en 2024\u00a0\/ 2025 trois classes bilingues et deux classes monolingues pour 130 enfants. En 2025\u00a0\/ 2026, le projet de l\u2019Acad\u00e9mie pr\u00e9voit de supprimer une classe bilingue, ce qui porterait le nombre d\u2019enfants par classe \u00e0 33. \u00ab\u00a0Un enfer pour les enseignants et les \u00e9l\u00e8ves\u00a0\u00bb, selon No\u00e9mie Robin, l\u2019une des parents d\u2019\u00e9l\u00e8ves d\u00e9l\u00e9gu\u00e9s.<\/p>\n<p>L\u2019Acad\u00e9mie parie sur une baisse du nombre d\u2019enfants bilingues, seulement 21 en 2024\u00a0\/ 2025 mais No\u00e9mie Robin soup\u00e7onne le rectorat de \u00ab\u00a0refuser les d\u00e9rogations depuis l\u2019ann\u00e9e derni\u00e8re afin de justifier la fermeture d\u2019une classe.\u00a0\u00bb<\/p>\n<p>M\u00eame son de cloche dans le quartier voisin. L\u2019\u00e9cole Saint-Jean derri\u00e8re les Halles pourrait \u00e9galement ouvrir en septembre 2025 avec une classe bilingue en moins, une menace qui pesait d\u00e9j\u00e0 sur l\u2019\u00e9cole au printemps 2024. Gil Gross, repr\u00e9sentant des parents d\u2019\u00e9l\u00e8ves, indique qu\u2019en supprimant une classe bilingue, le nombre d\u2019\u00e9l\u00e8ves moyen par classe passerait de 22 \u00e9l\u00e8ves \u00e0 26.<\/p>\n<p>\t\tLe soutien \u00e0 la fili\u00e8re bilingue a disparu<\/p>\n<p>Selon Agathe Konieczka, membre du SNUIpp, le syndicat majoritaire chez les instituteurs et affili\u00e9 \u00e0 la FSU, rappelle\u00a0:<\/p>\n<blockquote class=\"wp-block-quote is-layout-flow wp-block-quote-is-layout-flow\">\n<p>\u00ab\u00a0Il y a une quinzaine d\u2019ann\u00e9es, il y avait une volont\u00e9 de formation des enseignants de classes bilingues, il y avait des moyens pour ces classes, mais tout \u00e7a a disparu \u00e0 cause des coupes budg\u00e9taires.\u00a0\u00bb <\/p>\n<\/blockquote>\n<p>Dans ces conditions, le syndicat milite d\u00e9sormais contre de nouvelles classes bilingues, tant que celles existantes n\u2019auront pas assez de ressources. Agathe Konieczka pointe notamment que les professeurs en langue allemande sont syst\u00e9matiquement remplac\u00e9s par des enseignants en fran\u00e7ais. En outre, la syndicaliste estime que ces classes cr\u00e9ent des in\u00e9galit\u00e9s\u00a0: <\/p>\n<blockquote class=\"wp-block-quote is-layout-flow wp-block-quote-is-layout-flow\">\n<p>\u00ab\u00a0Il y a moins d\u2019inclusion d\u2019\u00e9l\u00e8ves en situation de handicap, avec des difficult\u00e9s scolaires ou d\u2019enfants qui arrivent de l\u2019\u00e9tranger dans les classes bilingues. Il y a donc une concentration des \u00e9l\u00e8ves en difficult\u00e9 dans les classes monolingues. Nous ne sommes pas contre le bilingue, mais on ne peut pas cr\u00e9er des fili\u00e8res \u00e9litistes dans nos \u00e9coles publiques.\u00a0\u00bb <\/p>\n<\/blockquote>\n<p>\t\tDes postes supprim\u00e9s en bilingue<\/p>\n<p>Selon le compte rendu du Comit\u00e9 social d\u2019administration sp\u00e9cial d\u00e9partemental (une instance qui traite de questions li\u00e9es notamment \u00e0 la gestion des effectifs et des emplois), du Haut-Rhin du 6 f\u00e9vrier dress\u00e9 par la SNUIpp : 3,5 postes d\u2019enseignants bilingues sont cens\u00e9s dispara\u00eetre en septembre. Dans le compte rendu de la m\u00eame r\u00e9union du c\u00f4t\u00e9 du Bas-Rhin qui s\u2019est tenue le 4 f\u00e9vrier, il appara\u00eet que dix classes bilingues fermeront leurs portes tandis que cinq ouvriront.<\/p>\n<p>L\u2019association Eltern Alsace, qui milite pour l\u2019enseignement bilingue, d\u00e9plore que l\u2019Acad\u00e9mie de Strasbourg choisisse de ne d\u00e9marrer l\u2019enseignement bilingue qu\u2019en moyenne section, comme le d\u00e9taille Claude Froehlicher, son pr\u00e9sident\u00a0:<\/p>\n<blockquote class=\"wp-block-quote is-layout-flow wp-block-quote-is-layout-flow\">\n<p>\u00ab\u00a0\u00c7a peut para\u00eetre rien, mais cette perte d\u2019exposition \u00e0 la langue est \u00e9norme pour les enfants. Mais l\u2019\u00c9ducation nationale pr\u00e9f\u00e8re \u00e9conomiser des postes.\u00a0\u00bb<\/p>\n<\/blockquote>\n<p>Car selon lui, il n\u2019y a aucune difficult\u00e9 \u00e0 recruter des enseignants en langue allemande. \u00ab\u00a0L\u2019\u00c9ducation nationale devrait accepter des enseignants qui ne parlent que l\u2019allemand et qui n\u2019ont pas pass\u00e9 le concours de professeur des \u00e9coles\u00a0\u00bb, estime Claude Froehlicher qui pr\u00e9cise\u00a0: \u00ab\u00a0Chez Eltern, depuis juillet 2020, on a trait\u00e9 800 candidatures, on en a transmis 200 \u00e0 l\u2019\u00c9ducation nationale et ils ont fini par en recruter une soixantaine.\u00a0\u00bb <\/p>\n<p>Contact\u00e9e, l\u2019acad\u00e9mie de Strasbourg n\u2019a pas souhait\u00e9 r\u00e9pondre aux questions de Rue89 Strasbourg sur l\u2019avenir de la fili\u00e8re bilingue.<\/p>\n","protected":false},"excerpt":{"rendered":"Les \u00e9coles maternelles Saint-Jean et Saint-Thomas de Strasbourg pourraient bien voir leurs classes surcharg\u00e9es \u00e0 la rentr\u00e9e prochaine&hellip;\n","protected":false},"author":2,"featured_media":40552,"comment_status":"","ping_status":"","sticky":false,"template":"","format":"standard","meta":{"footnotes":""},"categories":[2820],"tags":[1111,11,12493,12494,12495,1126,1777,674,1011,27,12496,775,12,25,640],"class_list":{"0":"post-40551","1":"post","2":"type-post","3":"status-publish","4":"format-standard","5":"has-post-thumbnail","7":"category-strasbourg","8":"tag-actu","9":"tag-actualites","10":"tag-classe-bilingue","11":"tag-ecole-saint-jean","12":"tag-ecole-saint-thomas","13":"tag-education-nationale","14":"tag-eu","15":"tag-europe","16":"tag-fr","17":"tag-france","18":"tag-franco-allemand","19":"tag-grand-est","20":"tag-news","21":"tag-republique-francaise","22":"tag-strasbourg"},"share_on_mastodon":{"url":"https:\/\/pubeurope.com\/@fr\/114373947743029222","error":""},"_links":{"self":[{"href":"https:\/\/www.europesays.com\/fr\/wp-json\/wp\/v2\/posts\/40551","targetHints":{"allow":["GET"]}}],"collection":[{"href":"https:\/\/www.europesays.com\/fr\/wp-json\/wp\/v2\/posts"}],"about":[{"href":"https:\/\/www.europesays.com\/fr\/wp-json\/wp\/v2\/types\/post"}],"author":[{"embeddable":true,"href":"https:\/\/www.europesays.com\/fr\/wp-json\/wp\/v2\/users\/2"}],"replies":[{"embeddable":true,"href":"https:\/\/www.europesays.com\/fr\/wp-json\/wp\/v2\/comments?post=40551"}],"version-history":[{"count":0,"href":"https:\/\/www.europesays.com\/fr\/wp-json\/wp\/v2\/posts\/40551\/revisions"}],"wp:featuredmedia":[{"embeddable":true,"href":"https:\/\/www.europesays.com\/fr\/wp-json\/wp\/v2\/media\/40552"}],"wp:attachment":[{"href":"https:\/\/www.europesays.com\/fr\/wp-json\/wp\/v2\/media?parent=40551"}],"wp:term":[{"taxonomy":"category","embeddable":true,"href":"https:\/\/www.europesays.com\/fr\/wp-json\/wp\/v2\/categories?post=40551"},{"taxonomy":"post_tag","embeddable":true,"href":"https:\/\/www.europesays.com\/fr\/wp-json\/wp\/v2\/tags?post=40551"}],"curies":[{"name":"wp","href":"https:\/\/api.w.org\/{rel}","templated":true}]}}