{"id":405513,"date":"2025-09-20T19:20:16","date_gmt":"2025-09-20T19:20:16","guid":{"rendered":"https:\/\/www.europesays.com\/fr\/405513\/"},"modified":"2025-09-20T19:20:16","modified_gmt":"2025-09-20T19:20:16","slug":"la-gourinoise-candice-mahe-championne-deurope-de-golf-avec-lequipe-de-france","status":"publish","type":"post","link":"https:\/\/www.europesays.com\/fr\/405513\/","title":{"rendered":"La Gourinoise Candice Mah\u00e9 championne d\u2019Europe de golf avec l\u2019\u00e9quipe de France"},"content":{"rendered":"<p>Rentr\u00e9e d\u2019Espagne, o\u00f9 elle vient de remporter le championnat d\u2019Europe de golf par \u00e9quipes, Candice Mah\u00e9, gourinoise d\u2019origine, \u00e9tait de passage dans la commune, vendredi 19 septembre 2025.<\/p>\n<p>Des d\u00e9buts \u00e0 Quimper<\/p>\n<p>Du 10 au 13 septembre, ses performances ont largement contribu\u00e9 \u00e0 faire gagner l\u2019\u00e9quipe de France f\u00e9minine. \u00ab\u00a0Mes camarades et moi avons bien commenc\u00e9 le championnat, j\u2019ai, en particulier, r\u00e9alis\u00e9 deux tr\u00e8s bonnes premi\u00e8res journ\u00e9es. Malgr\u00e9 la d\u00e9faite d\u2019une rencontre en double, l\u2019\u00e9quipe s\u2019est qualifi\u00e9e pour la demi-finale en finissant troisi\u00e8me du d\u00e9but de la comp\u00e9tition. Dans cette demi-finale, nous avons r\u00e9ussi \u00e0 tenir la pression et \u00e0 battre l\u2019Irlande dans une rencontre difficile. La finale contre l\u2019Allemagne a \u00e9t\u00e9 plus simple et nous avons remport\u00e9 le titre assez facilement\u00a0\u00bb, se r\u00e9jouit Candice.<\/p>\n<p>\u00ab\u00a0Cela fait 15 ans que je joue au sein de l\u2019\u00e9quipe de France et je suis tr\u00e8s contente d\u2019avoir enfin pu participer au championnat d\u2019Europe qui s\u2019adresse aux joueuses de plus de 25 ans, \u00e2ge que j\u2019ai atteint le 11 ao\u00fbt dernier. La s\u00e9lection s\u2019est faite sur l\u2019ensemble des r\u00e9sultats de la saison. Il a aussi fallu que je jongle avec mon emploi du temps pour me lib\u00e9rer pour cette comp\u00e9tition, car je suis un master de commerce et \u00e0 Lyon et je travaille dans le domaine de la finance \u00e0 Paris\u00a0\u00bb, dit Candice qui a commenc\u00e9 le golf \u00e0 11 ans, \u00e0 Quimper et qui, aujourd\u2019hui, joue dans le club de Saint-Cloud (Hauts-de-Seine).<\/p>\n<p>Une enfance gourinoise<\/p>\n<p>Lors de son passage \u00e0 Gourin, vendredi, Candice n\u2019a pas manqu\u00e9 d\u2019aller voir sa grand-m\u00e8re, Marcelle Mah\u00e9. \u00ab\u00a0Marcelle et son mari Ren\u00e9, d\u00e9c\u00e9d\u00e9 il y a trois ans, m\u2019ont toujours beaucoup soutenu dans ma pratique du golf. Faire du golf quand on habite le centre Bretagne, ce n\u2019est pas simple en raison des d\u00e9placements. Mes grands-parents m\u2019ont emmen\u00e9 sur les lieux de comp\u00e9tition Marcelle continue de suivre mes r\u00e9sultats et me fait remarquer quand elle ne voit pas mon nom dans la presse\u00a0\u00bb sourit Candice, qui va maintenant se pr\u00e9parer pour la prochaine saison. \u00ab\u00a0En 2026 j\u2019esp\u00e8re notamment participer au championnat de France, au championnat du monde qui a lieu tous les deux ans et au championnat de Dinard, o\u00f9 je suis pr\u00e9sente depuis 12 ans\u00a0\u00bb.<\/p>\n","protected":false},"excerpt":{"rendered":"Rentr\u00e9e d\u2019Espagne, o\u00f9 elle vient de remporter le championnat d\u2019Europe de golf par \u00e9quipes, Candice Mah\u00e9, gourinoise d\u2019origine,&hellip;\n","protected":false},"author":2,"featured_media":405514,"comment_status":"","ping_status":"","sticky":false,"template":"","format":"standard","meta":{"footnotes":""},"categories":[1418],"tags":[1011,27,1472,4222,60],"class_list":{"0":"post-405513","1":"post","2":"type-post","3":"status-publish","4":"format-standard","5":"has-post-thumbnail","7":"category-golf","8":"tag-fr","9":"tag-france","10":"tag-golf","11":"tag-gourin","12":"tag-sports"},"share_on_mastodon":{"url":"https:\/\/pubeurope.com\/@fr\/115238248320896876","error":""},"_links":{"self":[{"href":"https:\/\/www.europesays.com\/fr\/wp-json\/wp\/v2\/posts\/405513","targetHints":{"allow":["GET"]}}],"collection":[{"href":"https:\/\/www.europesays.com\/fr\/wp-json\/wp\/v2\/posts"}],"about":[{"href":"https:\/\/www.europesays.com\/fr\/wp-json\/wp\/v2\/types\/post"}],"author":[{"embeddable":true,"href":"https:\/\/www.europesays.com\/fr\/wp-json\/wp\/v2\/users\/2"}],"replies":[{"embeddable":true,"href":"https:\/\/www.europesays.com\/fr\/wp-json\/wp\/v2\/comments?post=405513"}],"version-history":[{"count":0,"href":"https:\/\/www.europesays.com\/fr\/wp-json\/wp\/v2\/posts\/405513\/revisions"}],"wp:featuredmedia":[{"embeddable":true,"href":"https:\/\/www.europesays.com\/fr\/wp-json\/wp\/v2\/media\/405514"}],"wp:attachment":[{"href":"https:\/\/www.europesays.com\/fr\/wp-json\/wp\/v2\/media?parent=405513"}],"wp:term":[{"taxonomy":"category","embeddable":true,"href":"https:\/\/www.europesays.com\/fr\/wp-json\/wp\/v2\/categories?post=405513"},{"taxonomy":"post_tag","embeddable":true,"href":"https:\/\/www.europesays.com\/fr\/wp-json\/wp\/v2\/tags?post=405513"}],"curies":[{"name":"wp","href":"https:\/\/api.w.org\/{rel}","templated":true}]}}