{"id":405515,"date":"2025-09-20T19:23:09","date_gmt":"2025-09-20T19:23:09","guid":{"rendered":"https:\/\/www.europesays.com\/fr\/405515\/"},"modified":"2025-09-20T19:23:09","modified_gmt":"2025-09-20T19:23:09","slug":"atp-carlos-alcaraz-je-ne-me-considere-pas-comme-le-meilleur-ambassadeur-du-tennis","status":"publish","type":"post","link":"https:\/\/www.europesays.com\/fr\/405515\/","title":{"rendered":"ATP > Carlos Alcaraz : \u00ab\u00a0Je ne me consid\u00e8re pas comme le meilleur ambassadeur du tennis\u00a0\u00bb"},"content":{"rendered":"<p>Lors de son passage en conf\u00e9\u00adrence de presse avant le d\u00e9but de la Laver Cup, Carlos Alcaraz a \u00e9t\u00e9 inter\u00adrog\u00e9 sur son r\u00f4le d\u2019am\u00adbas\u00adsa\u00addeur du tennis suite \u00e0 la fin du Big 3. Et l\u2019Espagnol a refus\u00e9 d\u2019as\u00adsumer l\u2019en\u00adti\u00e8re respon\u00adsa\u00adbi\u00adlit\u00e9 de cette lourde t\u00e2che.\u00a0<\/p>\n<p><strong>\u00ab\u202fJe ne me consi\u00add\u00e8re pas comme le meilleur ambas\u00adsa\u00addeur du tennis, et je ne ressens aucune pres\u00adsion \u00e0 l\u2019\u00eatre.\u00a0Je pense que nous tous, joueurs de tennis en g\u00e9n\u00e9ral, sommes des ambas\u00adsa\u00addeurs du tennis, simple\u00adment en contri\u00adbuant \u00e0 l\u2019ex\u00adcel\u00adlence du tennis et en encou\u00adra\u00adgeant les gens \u00e0 le regarder. \u00c9videmment, je me donne toujours \u00e0 fond \u00e0 chaque match. J\u2019aime jouer au tennis. C\u2019est pour\u00adquoi je joue avec autant de joie et de sourire. J\u2019aime frapper de bons coups, faire de bons points, et j\u2019es\u00adsaie de le montrer en\u00a0match.\u202f\u00bb<\/strong><\/p>\n<p class=\"post-published-date\" style=\"color: silver; font-size: 75%; text-align: left;\">Publi\u00e9 le samedi 20 septembre 2025 \u00e0 18:45<\/p>\n","protected":false},"excerpt":{"rendered":"Lors de son passage en conf\u00e9\u00adrence de presse avant le d\u00e9but de la Laver Cup, Carlos Alcaraz a&hellip;\n","protected":false},"author":2,"featured_media":385385,"comment_status":"","ping_status":"","sticky":false,"template":"","format":"standard","meta":{"footnotes":""},"categories":[1415],"tags":[1744,1011,27,60,1467],"class_list":{"0":"post-405515","1":"post","2":"type-post","3":"status-publish","4":"format-standard","5":"has-post-thumbnail","7":"category-tennis","8":"tag-alcaraz","9":"tag-fr","10":"tag-france","11":"tag-sports","12":"tag-tennis"},"share_on_mastodon":{"url":"https:\/\/pubeurope.com\/@fr\/115238260174614153","error":""},"_links":{"self":[{"href":"https:\/\/www.europesays.com\/fr\/wp-json\/wp\/v2\/posts\/405515","targetHints":{"allow":["GET"]}}],"collection":[{"href":"https:\/\/www.europesays.com\/fr\/wp-json\/wp\/v2\/posts"}],"about":[{"href":"https:\/\/www.europesays.com\/fr\/wp-json\/wp\/v2\/types\/post"}],"author":[{"embeddable":true,"href":"https:\/\/www.europesays.com\/fr\/wp-json\/wp\/v2\/users\/2"}],"replies":[{"embeddable":true,"href":"https:\/\/www.europesays.com\/fr\/wp-json\/wp\/v2\/comments?post=405515"}],"version-history":[{"count":0,"href":"https:\/\/www.europesays.com\/fr\/wp-json\/wp\/v2\/posts\/405515\/revisions"}],"wp:featuredmedia":[{"embeddable":true,"href":"https:\/\/www.europesays.com\/fr\/wp-json\/wp\/v2\/media\/385385"}],"wp:attachment":[{"href":"https:\/\/www.europesays.com\/fr\/wp-json\/wp\/v2\/media?parent=405515"}],"wp:term":[{"taxonomy":"category","embeddable":true,"href":"https:\/\/www.europesays.com\/fr\/wp-json\/wp\/v2\/categories?post=405515"},{"taxonomy":"post_tag","embeddable":true,"href":"https:\/\/www.europesays.com\/fr\/wp-json\/wp\/v2\/tags?post=405515"}],"curies":[{"name":"wp","href":"https:\/\/api.w.org\/{rel}","templated":true}]}}