{"id":405516,"date":"2025-09-20T19:24:10","date_gmt":"2025-09-20T19:24:10","guid":{"rendered":"https:\/\/www.europesays.com\/fr\/405516\/"},"modified":"2025-09-20T19:24:10","modified_gmt":"2025-09-20T19:24:10","slug":"la-ffbb-confirme-la-relegation-du-tgb-en-ligue-regionale","status":"publish","type":"post","link":"https:\/\/www.europesays.com\/fr\/405516\/","title":{"rendered":"La FFBB confirme la rele\u0301gation du TGB en ligue re\u0301gionale"},"content":{"rendered":"<p>Le TGB doit dire adieu aux premi\u00e8res divisions du basket f\u00e9minin fran\u00e7ais. Ce <a href=\"https:\/\/www.ffbb.com\/actualites\/tarbes-refus-dengagement-en-nf1-confirme?ref=basketeurope.com\" target=\"_blank\" rel=\"noopener\">vendredi soir<\/a>, la F\u00e9d\u00e9ration fran\u00e7aise de basketball (FFBB) a statu\u00e9 une nouvelle fois sur un refus d\u2019engagement du Tarbes Gespe Bigorre en NF1.<\/p>\n<p>Voici le communiqu\u00e9 f\u00e9d\u00e9ral : <\/p>\n<blockquote><p>\u201c\u00c0 la suite du recours form\u00e9 contre la d\u00e9cision prise par la Commission de Contr\u00f4le de Gestion (CCG) de refuser l\u2019engagement de l\u2019\u00e9quipe senior f\u00e9minine en NF1 (interdiction de participer au championnat NF1) de Tarbes Gespe Bigorre pour la saison 2025\/26, la Chambre d\u2019Appel \u2013 Section Financi\u00e8re a auditionn\u00e9 le club le 18 septembre 2025.<br \/>Apr\u00e8s examen des \u00e9l\u00e9ments produits, la Chambre d\u2019Appel a pris la d\u00e9cision suivante : confirmation de la d\u00e9cision de la CCG : refus d\u2019engagement de l\u2019\u00e9quipe senior f\u00e9minine de Tarbes Gespe Bigorre en NF1 pour la saison 2025\/26.\u00a0<br \/>Compte tenu de l\u2019urgence li\u00e9e \u00e0 la reprise du Championnat NF1 pour la saison 2025\/26, le club a \u00e9t\u00e9 inform\u00e9 de ce dispositif. Le pr\u00e9sent relev\u00e9 permet de prendre connaissance de la d\u00e9cision de la Chambre d\u2019Appel qui est rendu public conform\u00e9ment \u00e0 l\u2019article L.132-2 alin\u00e9a 4 du Code du Sport ; il ne remplace pas la d\u00e9cision int\u00e9grale motiv\u00e9e qui sera notifi\u00e9e au club dans les prochains jours.<br \/>Le club pourra contester cette d\u00e9cision aupr\u00e8s du Tribunal Administratif. Pr\u00e9alablement \u00e0 cette saisine, un recours est obligatoire aupr\u00e8s du CNOSF, dans un d\u00e9lai de quinze (15) jours conform\u00e9ment \u00e0 l\u2019article R. 141-15 du Code du sport.\u201d<\/p><\/blockquote>\n<p>Le TGB a r\u00e9agi au travers d\u2019un communiqu\u00e9, publi\u00e9 en fin de soir\u00e9e.<\/p>\n<blockquote><p>\u201cChers supporters, supportrices, chers partenaires et che\u0300res joueuses, nous avons e\u0301te\u0301 informe\u0301s aujourd\u2019hui de la de\u0301cision de la chambre d\u2019appel de la FFBB.<br \/>C\u2019est donc avec une profonde tristesse que nous prenons acte de cette de\u0301cision confirmant la rele\u0301gation du club en championnat re\u0301gional. Les dirigeants se sont battus jusqu\u2019au bout et ont essaye\u0301 de porter haut les couleurs du Tarbes Gespe Basket pendant ces deux saisons, conscients des proble\u0300mes de\u0301ja\u0300 existants a\u0300 leur arrive\u0301e.<br \/>Les dirigeants remercient les pouvoirs publics (notamment la mairie de Tarbes et le conseil de\u0301partemental) pour leur soutien. Ils ont une pense\u0301e toute particulie\u0300re pour les salarie\u0301s du club, notamment les joueuses, et tiennent surtout a\u0300 les saluer vivement pour leur de\u0301vouement pendant ces anne\u0301es.<br \/>Les dirigeants entendent aussi remercier les be\u0301ne\u0301voles du club qui ont toujours donne\u0301 le meilleur, me\u0302me dans des conditions difficiles. Les dirigeants remercient e\u0301galement l\u2019ensemble des acteurs, des e\u0301quipes de jeunes au centre de formation jusqu\u2019aux entrai\u0302neurs, qui ont toujours su \u0153uvrer dans l\u2019inte\u0301re\u0302t sportif du club.<br \/>Suite a\u0300 la notification de la FFBB, le comite\u0301 directeur du TGB et son conseil d\u2019administration se re\u0301uniront dans les prochains jours pour statuer et vous informer des de\u0301cisions prises.\u201d<\/p><\/blockquote>\n","protected":false},"excerpt":{"rendered":"Le TGB doit dire adieu aux premi\u00e8res divisions du basket f\u00e9minin fran\u00e7ais. Ce vendredi soir, la F\u00e9d\u00e9ration fran\u00e7aise&hellip;\n","protected":false},"author":2,"featured_media":405517,"comment_status":"","ping_status":"","sticky":false,"template":"","format":"standard","meta":{"footnotes":""},"categories":[1414],"tags":[1465,1464,1011,27,60],"class_list":{"0":"post-405516","1":"post","2":"type-post","3":"status-publish","4":"format-standard","5":"has-post-thumbnail","7":"category-basket","8":"tag-basket","9":"tag-basketball","10":"tag-fr","11":"tag-france","12":"tag-sports"},"share_on_mastodon":{"url":"https:\/\/pubeurope.com\/@fr\/115238264063125061","error":""},"_links":{"self":[{"href":"https:\/\/www.europesays.com\/fr\/wp-json\/wp\/v2\/posts\/405516","targetHints":{"allow":["GET"]}}],"collection":[{"href":"https:\/\/www.europesays.com\/fr\/wp-json\/wp\/v2\/posts"}],"about":[{"href":"https:\/\/www.europesays.com\/fr\/wp-json\/wp\/v2\/types\/post"}],"author":[{"embeddable":true,"href":"https:\/\/www.europesays.com\/fr\/wp-json\/wp\/v2\/users\/2"}],"replies":[{"embeddable":true,"href":"https:\/\/www.europesays.com\/fr\/wp-json\/wp\/v2\/comments?post=405516"}],"version-history":[{"count":0,"href":"https:\/\/www.europesays.com\/fr\/wp-json\/wp\/v2\/posts\/405516\/revisions"}],"wp:featuredmedia":[{"embeddable":true,"href":"https:\/\/www.europesays.com\/fr\/wp-json\/wp\/v2\/media\/405517"}],"wp:attachment":[{"href":"https:\/\/www.europesays.com\/fr\/wp-json\/wp\/v2\/media?parent=405516"}],"wp:term":[{"taxonomy":"category","embeddable":true,"href":"https:\/\/www.europesays.com\/fr\/wp-json\/wp\/v2\/categories?post=405516"},{"taxonomy":"post_tag","embeddable":true,"href":"https:\/\/www.europesays.com\/fr\/wp-json\/wp\/v2\/tags?post=405516"}],"curies":[{"name":"wp","href":"https:\/\/api.w.org\/{rel}","templated":true}]}}