{"id":405518,"date":"2025-09-20T19:25:21","date_gmt":"2025-09-20T19:25:21","guid":{"rendered":"https:\/\/www.europesays.com\/fr\/405518\/"},"modified":"2025-09-20T19:25:21","modified_gmt":"2025-09-20T19:25:21","slug":"la-rochelaise-lucie-boudesseul-pilote-moto-la-plus-rapide-de-france-se-prepare-au-championnat-du-monde-moto","status":"publish","type":"post","link":"https:\/\/www.europesays.com\/fr\/405518\/","title":{"rendered":"La Rochelaise Lucie Boudesseul, pilote moto la plus rapide de France, se pr\u00e9pare au championnat du monde moto"},"content":{"rendered":"<p>Jeune pilote Rochelaise, Lucie Boudesseul s\u2019appr\u00eate \u00e0 participer \u00e0 son premier championnat du monde moto avec une premi\u00e8re \u00e9tape aux Pays-Bas ce week-end. Suivez son parcours avec \u00ab\u00a0ici La Rochelle\u00a0\u00bb !<\/p>\n<p>Lucie Boudesseul est Rochelaise, elle a 21 ans, et elle est passionn\u00e9e de moto. Cette ann\u00e9e, elle se lance un nouveau d\u00e9fi\u00a0: participer et bien figurer pour son premier championnat du monde moto f\u00e9minin, le World WCR. Ce week-end, premiere \u00e9preuve aux Pays-Bas\u00a0: \u00ab\u00a0C\u2019est la course avant la course\u00a0! \u00ab\u00a0Mais \u00eatre dans le speed quand on est la pilote la plus rapide de France, est-ce vraiment un probl\u00e8me\u00a0?<\/p>\n<p>La moto\u00a0: pas vraiment une passion familiale\u2026<\/p>\n<p>Chez les Boudesseul, il n\u2019y a que Lucie qui est passionn\u00e9e de moto. \u00ab\u00a0On ne sait pas trop d\u2019o\u00f9 \u00e7a vient, il a fallu n\u00e9gocier avec les parents\u00a0\u00bb raconte t-elle avec humour. Premiers pas sur une moto \u00e0 cinq ans, premier d\u00e9placement en moto \u00e0 14 ans\u00a0: \u00ab\u00a0Papa \u00e9tait plut\u00f4t content mais maman \u00e9tait stress\u00e9e car \u00e7a reste un sport dangereux. \u00bb Et pour la petite anecdote\u00a0: Lucie n\u2019a m\u00eame pas son permis moto\u00a0!<\/p>\n<p>En route vers son premier championnat du monde\u00a0!<\/p>\n<p>Le World WCR est un championnat du monde moto f\u00e9minin tout jeune, cr\u00e9\u00e9 il n\u2019y a que deux ans. Lucie Boudesseul a particip\u00e9 \u00e0 des championnats mixtes mais ca coute tr\u00e8s cher\u2026 L\u2019id\u00e9e \u00e9tait d\u2019organiser un championnat du monde f\u00e9minin pour le rebdre plus accessible aux femmes. \u00ab\u00a0Le mondial et devenir professionnel, c\u2019est le r\u00eave de tout pilote\u00a0\u00bb, un r\u00eave qui pourrait se r\u00e9aliser pour notre Rochelaise.<\/p>\n<p>Premi\u00e8re \u00e9tape\u00a0: les Pays-Bas<\/p>\n<p>Ce championnat du monde World WCR 2025, le premier pour Lucie Boudesseul, commence ajx Pays-Bas ce week-end. <strong>Et vous pourrez suivre la course en direct et gratuitement gr\u00e2ce au compte YouTube officiel<\/strong>\u00a0<a target=\"_blank\" rel=\"nofollow noopener noreferrer\" class=\"IciLink ici-link IciArticleLink g-ici-body-regular-1 underline brand svelte-lu7k6w\" href=\"https:\/\/m.youtube.com\/@worldwcr\"><strong>WorldWCR<\/strong><\/a>.****<\/p>\n<p>Votre radio locale \u00ab\u00a0ici La Rochelle\u00a0\u00bb est fi\u00e8re d\u2019accompagner et d\u2019encourager Lucie Boudesseul dans cette superbe aventure\u00a0! <strong>Retrouvez notre pilote Rochelaise tous les lundis qui suivent un week-end de course pour le debrief dans \u00ab\u00a0100% sport\u00a0\u00bb \u00e0 18h30 et en podcast sur l\u2019application Radio France.<\/strong><\/p>\n<p><img loading=\"lazy\" decoding=\"async\" class=\"VisualPreview svelte-1rldrkz\" src=\"data:image\/jpeg;base64,\/9j\/2wBDACgcHiMeGSgjISMtKygwPGRBPDc3PHtYXUlkkYCZlo+AjIqgtObDoKrarYqMyP\/L2u71\/\/\/\/m8H\/\/\/\/6\/+b9\/\/j\/2wBDASstLTw1PHZBQXb4pYyl+Pj4+Pj4+Pj4+Pj4+Pj4+Pj4+Pj4+Pj4+Pj4+Pj4+Pj4+Pj4+Pj4+Pj4+Pj4+Pj4+Pj\/wAARCAAfACoDASIAAhEBAxEB\/8QAFwABAQEBAAAAAAAAAAAAAAAAAgEAA\/\/EABYQAQEBAAAAAAAAAAAAAAAAAAABEf\/EABcBAQEBAQAAAAAAAAAAAAAAAAIBAAP\/xAAWEQEBAQAAAAAAAAAAAAAAAAAAEQH\/2gAMAwEAAhEDEQA\/AOiWpalrpQa0WrKiwhhNWg2prUQw9UpBhyEKyFjSLg1X\/9k=\" alt=\"Lucie Boudesseul, pilote moto Rochelaise\" width=\"600\" height=\"450\"\/>  Lucie Boudesseul, pilote moto Rochelaise \u00a9 Radio France &#8211; Paul Caullaud<\/p>\n","protected":false},"excerpt":{"rendered":"Jeune pilote Rochelaise, Lucie Boudesseul s\u2019appr\u00eate \u00e0 participer \u00e0 son premier championnat du monde moto avec une premi\u00e8re&hellip;\n","protected":false},"author":2,"featured_media":405519,"comment_status":"","ping_status":"","sticky":false,"template":"","format":"standard","meta":{"footnotes":""},"categories":[1413],"tags":[1011,27,1457,1456,60],"class_list":{"0":"post-405518","1":"post","2":"type-post","3":"status-publish","4":"format-standard","5":"has-post-thumbnail","7":"category-moto","8":"tag-fr","9":"tag-france","10":"tag-moto","11":"tag-motocycle","12":"tag-sports"},"share_on_mastodon":{"url":"https:\/\/pubeurope.com\/@fr\/115238268029842161","error":""},"_links":{"self":[{"href":"https:\/\/www.europesays.com\/fr\/wp-json\/wp\/v2\/posts\/405518","targetHints":{"allow":["GET"]}}],"collection":[{"href":"https:\/\/www.europesays.com\/fr\/wp-json\/wp\/v2\/posts"}],"about":[{"href":"https:\/\/www.europesays.com\/fr\/wp-json\/wp\/v2\/types\/post"}],"author":[{"embeddable":true,"href":"https:\/\/www.europesays.com\/fr\/wp-json\/wp\/v2\/users\/2"}],"replies":[{"embeddable":true,"href":"https:\/\/www.europesays.com\/fr\/wp-json\/wp\/v2\/comments?post=405518"}],"version-history":[{"count":0,"href":"https:\/\/www.europesays.com\/fr\/wp-json\/wp\/v2\/posts\/405518\/revisions"}],"wp:featuredmedia":[{"embeddable":true,"href":"https:\/\/www.europesays.com\/fr\/wp-json\/wp\/v2\/media\/405519"}],"wp:attachment":[{"href":"https:\/\/www.europesays.com\/fr\/wp-json\/wp\/v2\/media?parent=405518"}],"wp:term":[{"taxonomy":"category","embeddable":true,"href":"https:\/\/www.europesays.com\/fr\/wp-json\/wp\/v2\/categories?post=405518"},{"taxonomy":"post_tag","embeddable":true,"href":"https:\/\/www.europesays.com\/fr\/wp-json\/wp\/v2\/tags?post=405518"}],"curies":[{"name":"wp","href":"https:\/\/api.w.org\/{rel}","templated":true}]}}