{"id":405520,"date":"2025-09-20T19:26:10","date_gmt":"2025-09-20T19:26:10","guid":{"rendered":"https:\/\/www.europesays.com\/fr\/405520\/"},"modified":"2025-09-20T19:26:10","modified_gmt":"2025-09-20T19:26:10","slug":"officiellement-tout-va-bien-entre-frank-mccourt-et-nasser-al-khelaifi-mais","status":"publish","type":"post","link":"https:\/\/www.europesays.com\/fr\/405520\/","title":{"rendered":"officiellement, \u00abtout va bien\u00bb entre Frank McCourt et Nasser Al-Khela\u00effi, mais&#8230;"},"content":{"rendered":"<p><strong>D\u00c9CRYPTAGE \u2013 <\/strong>Les patrons de l\u2019OM et du PSG restent officiellement en bons termes. Il est n\u00e9anmoins difficile de masquer certaines tensions et autres divergences&#8230;<\/p>\n<p class=\"fig-paragraph\">\u00abNous voyons juste le monde diff\u00e9remment\u00bb. Gliss\u00e9e au d\u00e9tour de son interview au Figaro,\u00a0<a href=\"http:\/\/www.lefigaro.fr\/sports\/football\/ligue-1\/reformer-notre-gouvernance-et-mettre-en-place-une-direction-a-la-hauteur-l-entretien-exclusif-mccourt-oughourlian-sur-la-crise-du-football-francais-20250905\" data-fig-type=\"NewsFlash\" data-gtm-custom-categorie=\"navigation\" data-gtm-custom-action=\"crossclick\" data-gtm-custom-label=\"Contextuel\" data-gtm-event=\"customEventSPE\" data-fig-domain=\"LEFIGARO\" target=\"_blank\" rel=\"noopener\">un entretien crois\u00e9 avec le pr\u00e9sident lensois Joseph Oughourlian<\/a>\u00a0sur fond de diatribe anti-Labrune, cette petite phrase de Frank McCourt concernait Nasser Al-Khela\u00effi. On est loin de la d\u00e9claration de guerre, mais le patron du PSG n\u2019est que rarement l\u2019objet de critique directe de ses homologues en France. Et encore moins \u00e0 Marseille, le club phoc\u00e9en ayant souvent \u00e9t\u00e9 align\u00e9 sur ses choix. Certes, Oughourlian, lui, ne se prive pas. Avant qu\u2019on d\u00e9couvre l\u2019\u00e9tendue du fiasco \u00e0 Lyon,\u00a0<a href=\"http:\/\/www.lefigaro.fr\/sports\/football\/ligue-des-champions\/psg-arsenal-sir-alex-ferguson-nouvelle-ere-john-textor-discours-de-nasser-al-khelaifi-les-coulisses-d-une-soiree-pour-l-histoire-20250508\" data-fig-type=\"NewsFlash\" data-gtm-custom-categorie=\"navigation\" data-gtm-custom-action=\"crossclick\" data-gtm-custom-label=\"Contextuel\" data-gtm-event=\"customEventSPE\" data-fig-domain=\"LEFIGARO\" target=\"_blank\" rel=\"noopener\">John Textor n\u2019y avait pas \u00e9t\u00e9 de main morte non plus<\/a>. Pour le reste, personne n\u2019ose s\u2019opposer.<\/p>\n<p class=\"fig-paragraph\">Ces derni\u00e8res ann\u00e9es, ce n\u2019est en tout cas pas du c\u00f4t\u00e9 de l\u2019OM qu\u2019il fallait se tourner pour les critiques envers le souverain parisien et son grand manitou qatarien. Ce qui a d\u2019ailleurs pu \u00eatre reproch\u00e9 aux dirigeants marseillais par les supporters du club phoc\u00e9en. Lesquels supporters ont en revanche d\u00fb accueillir plus que positivement\u2026<\/p>\n<p class=\"fig-premium-paywall__infos\">\n        Cet article est r\u00e9serv\u00e9 aux abonn\u00e9s.        Il vous reste 86% \u00e0 d\u00e9couvrir.\n    <\/p>\n<p>                <img  data- alt=\"Le Figaro\" class=\"fig-img--complete fig-img\"\/><\/p>\n<p class=\"fig-premium-paywall__title\">Vous avez envie de lire la suite ?<\/p>\n<p class=\"fig-premium-paywall__subtitle\">D\u00e9bloquez tous les articles imm\u00e9diatement.<\/p>\n<p class=\"fig-premium-paywall__connect\">\n                D\u00e9j\u00e0 abonn\u00e9\u00a0?                <a class=\"fig-premium-paywall__connect-link\" href=\"https:\/\/connect.lefigaro.fr\/login?client=horizon_web&amp;type=main&amp;redirect_uri=https%3A%2F%2Fwww.lefigaro.fr%2Fsports%2Ffootball%2Fligue-1%2Fom-psg-entre-frank-mccourt-et-nasser-al-khelaifi-c-est-l-entente-cordiale-malgre-tout-20250920\" data-js-gtm=\"{&quot;customCategorie&quot;: &quot;conversion&quot;, &quot;customAction&quot;: &quot;before_Landing_Connexion_paywall_auto&quot;, &quot;customLabel&quot;: &quot;bGVmaWdhcm8uZnJfXzFmMDk0ZDNkLWVhOGItNjAzNi05NGVlLWU5YTMwNTkwODNmNF9fTmV3c0ZsYXNo_OM-PSG\u00a0: officiellement, \u00abtout va bien\u00bb entre Frank McCourt et Nasser Al-Khela\u00effi, mais..._333&quot;, &quot;customIDSPE&quot;: &quot;bGVmaWdhcm8uZnJfXzFmMDk0ZDNkLWVhOGItNjAzNi05NGVlLWU5YTMwNTkwODNmNF9fTmV3c0ZsYXNo&quot;, &quot;event&quot;: &quot;customEventSPE&quot;}\" target=\"_blank\" rel=\"noopener\"><br \/>\n                    Connectez-vous<br \/>\n                <\/a>\n            <\/p>\n","protected":false},"excerpt":{"rendered":"D\u00c9CRYPTAGE \u2013 Les patrons de l\u2019OM et du PSG restent officiellement en bons termes. Il est n\u00e9anmoins difficile&hellip;\n","protected":false},"author":2,"featured_media":405521,"comment_status":"","ping_status":"","sticky":false,"template":"","format":"standard","meta":{"footnotes":""},"categories":[1412],"tags":[1451,1452,1453,1454,1455,1011,27,11486,149,93,60],"class_list":{"0":"post-405520","1":"post","2":"type-post","3":"status-publish","4":"format-standard","5":"has-post-thumbnail","7":"category-f1","8":"tag-f1","9":"tag-formula-1","10":"tag-formula1","11":"tag-formule-1","12":"tag-formule1","13":"tag-fr","14":"tag-france","15":"tag-nasser-al-khelaifi","16":"tag-om","17":"tag-psg","18":"tag-sports"},"share_on_mastodon":{"url":"https:\/\/pubeurope.com\/@fr\/115238271972342245","error":""},"_links":{"self":[{"href":"https:\/\/www.europesays.com\/fr\/wp-json\/wp\/v2\/posts\/405520","targetHints":{"allow":["GET"]}}],"collection":[{"href":"https:\/\/www.europesays.com\/fr\/wp-json\/wp\/v2\/posts"}],"about":[{"href":"https:\/\/www.europesays.com\/fr\/wp-json\/wp\/v2\/types\/post"}],"author":[{"embeddable":true,"href":"https:\/\/www.europesays.com\/fr\/wp-json\/wp\/v2\/users\/2"}],"replies":[{"embeddable":true,"href":"https:\/\/www.europesays.com\/fr\/wp-json\/wp\/v2\/comments?post=405520"}],"version-history":[{"count":0,"href":"https:\/\/www.europesays.com\/fr\/wp-json\/wp\/v2\/posts\/405520\/revisions"}],"wp:featuredmedia":[{"embeddable":true,"href":"https:\/\/www.europesays.com\/fr\/wp-json\/wp\/v2\/media\/405521"}],"wp:attachment":[{"href":"https:\/\/www.europesays.com\/fr\/wp-json\/wp\/v2\/media?parent=405520"}],"wp:term":[{"taxonomy":"category","embeddable":true,"href":"https:\/\/www.europesays.com\/fr\/wp-json\/wp\/v2\/categories?post=405520"},{"taxonomy":"post_tag","embeddable":true,"href":"https:\/\/www.europesays.com\/fr\/wp-json\/wp\/v2\/tags?post=405520"}],"curies":[{"name":"wp","href":"https:\/\/api.w.org\/{rel}","templated":true}]}}