{"id":405522,"date":"2025-09-20T19:27:12","date_gmt":"2025-09-20T19:27:12","guid":{"rendered":"https:\/\/www.europesays.com\/fr\/405522\/"},"modified":"2025-09-20T19:27:12","modified_gmt":"2025-09-20T19:27:12","slug":"remco-evenepoel-sous-la-menace-de-tadej-pogacar-sur-le-contre-la-montre-des-championnats-du-monde","status":"publish","type":"post","link":"https:\/\/www.europesays.com\/fr\/405522\/","title":{"rendered":"Remco Evenepoel sous la menace de Tadej Pogacar sur le contre-la-montre des Championnats du monde"},"content":{"rendered":"\n<p>\u00ab\u00a0S&rsquo;il est au d\u00e9part, c&rsquo;est qu&rsquo;il veut gagner, c&rsquo;est s\u00fbr\u00a0\u00bb\u00a0: Remco Evenepoel sous la menace de Tadej Pogacar sur le contre-la-montre des Championnats du monde<\/p>\n<p>Double champion du monde en titre, le Belge Remco Evenepoel est le grand favori du contre-la-montre du Mondial dimanche, mais la pr\u00e9sence de Tadej Pogacar cr\u00e9e une incertitude, quand on sait le parcours caboss\u00e9 et que le Slov\u00e8ne ne s&rsquo;aligne jamais que pour gagner.<\/p>\n","protected":false},"excerpt":{"rendered":"\u00ab\u00a0S&rsquo;il est au d\u00e9part, c&rsquo;est qu&rsquo;il veut gagner, c&rsquo;est s\u00fbr\u00a0\u00bb\u00a0: Remco Evenepoel sous la menace de Tadej Pogacar&hellip;\n","protected":false},"author":2,"featured_media":405523,"comment_status":"","ping_status":"","sticky":false,"template":"","format":"standard","meta":{"footnotes":""},"categories":[1411],"tags":[1154,207,1011,27,60],"class_list":{"0":"post-405522","1":"post","2":"type-post","3":"status-publish","4":"format-standard","5":"has-post-thumbnail","7":"category-cyclisme","8":"tag-cycling","9":"tag-cyclisme","10":"tag-fr","11":"tag-france","12":"tag-sports"},"share_on_mastodon":{"url":"https:\/\/pubeurope.com\/@fr\/115238275842604306","error":""},"_links":{"self":[{"href":"https:\/\/www.europesays.com\/fr\/wp-json\/wp\/v2\/posts\/405522","targetHints":{"allow":["GET"]}}],"collection":[{"href":"https:\/\/www.europesays.com\/fr\/wp-json\/wp\/v2\/posts"}],"about":[{"href":"https:\/\/www.europesays.com\/fr\/wp-json\/wp\/v2\/types\/post"}],"author":[{"embeddable":true,"href":"https:\/\/www.europesays.com\/fr\/wp-json\/wp\/v2\/users\/2"}],"replies":[{"embeddable":true,"href":"https:\/\/www.europesays.com\/fr\/wp-json\/wp\/v2\/comments?post=405522"}],"version-history":[{"count":0,"href":"https:\/\/www.europesays.com\/fr\/wp-json\/wp\/v2\/posts\/405522\/revisions"}],"wp:featuredmedia":[{"embeddable":true,"href":"https:\/\/www.europesays.com\/fr\/wp-json\/wp\/v2\/media\/405523"}],"wp:attachment":[{"href":"https:\/\/www.europesays.com\/fr\/wp-json\/wp\/v2\/media?parent=405522"}],"wp:term":[{"taxonomy":"category","embeddable":true,"href":"https:\/\/www.europesays.com\/fr\/wp-json\/wp\/v2\/categories?post=405522"},{"taxonomy":"post_tag","embeddable":true,"href":"https:\/\/www.europesays.com\/fr\/wp-json\/wp\/v2\/tags?post=405522"}],"curies":[{"name":"wp","href":"https:\/\/api.w.org\/{rel}","templated":true}]}}