{"id":405524,"date":"2025-09-20T19:28:10","date_gmt":"2025-09-20T19:28:10","guid":{"rendered":"https:\/\/www.europesays.com\/fr\/405524\/"},"modified":"2025-09-20T19:28:10","modified_gmt":"2025-09-20T19:28:10","slug":"ngolo-kante-sauve-al-ittihad-contre-al-najma","status":"publish","type":"post","link":"https:\/\/www.europesays.com\/fr\/405524\/","title":{"rendered":"N\u2019Golo Kant\u00e9 sauve Al-Ittihad contre Al-Najma"},"content":{"rendered":"<p>Al-Ittihad a arrach\u00e9 une victoire pr\u00e9cieuse sur la pelouse d\u2019Al-Najma lors de la 3e journ\u00e9e de <a href=\"https:\/\/www.footmercato.net\/arabie-saoudite\/saudi-pro-league\/\" rel=\"nofollow noopener\" target=\"_blank\">Saudi Pro League<\/a>. Longtemps accroch\u00e9s par une d\u00e9fense compacte, les hommes d\u2019Al-Ittihad ont multipli\u00e9 les offensives sans parvenir \u00e0 les concr\u00e9tiser, butant sur un bloc adverse bien en place.<\/p>\n<p>            La suite apr\u00e8s cette publicit\u00e9<\/p>\n<p>C\u2019est finalement N\u2019Golo <a href=\"https:\/\/www.footmercato.net\/joueur\/ngolo-kante\/\" rel=\"nofollow noopener\" target=\"_blank\">Kant\u00e9<\/a> qui a d\u00e9livr\u00e9 les siens dans le temps additionnel (90e+6) en inscrivant l\u2019unique but de la rencontre. Gr\u00e2ce \u00e0 ce succ\u00e8s tardif, Al-Ittihad continue sur sa lanc\u00e9e en haut du classement, tandis qu\u2019Al-Najma encaisse une d\u00e9faite frustrante apr\u00e8s un match solide d\u00e9fensivement.<\/p>\n<p>\n    Pub. le 20\/09\/2025 19:42<br \/>\n            &#8211; MAJ le 20\/09\/2025 19:44\n    <\/p>\n","protected":false},"excerpt":{"rendered":"Al-Ittihad a arrach\u00e9 une victoire pr\u00e9cieuse sur la pelouse d\u2019Al-Najma lors de la 3e journ\u00e9e de Saudi Pro&hellip;\n","protected":false},"author":2,"featured_media":405525,"comment_status":"","ping_status":"","sticky":false,"template":"","format":"standard","meta":{"footnotes":""},"categories":[1410],"tags":[63,1011,27,60],"class_list":{"0":"post-405524","1":"post","2":"type-post","3":"status-publish","4":"format-standard","5":"has-post-thumbnail","7":"category-football","8":"tag-football","9":"tag-fr","10":"tag-france","11":"tag-sports"},"share_on_mastodon":{"url":"https:\/\/pubeurope.com\/@fr\/115238279778744780","error":""},"_links":{"self":[{"href":"https:\/\/www.europesays.com\/fr\/wp-json\/wp\/v2\/posts\/405524","targetHints":{"allow":["GET"]}}],"collection":[{"href":"https:\/\/www.europesays.com\/fr\/wp-json\/wp\/v2\/posts"}],"about":[{"href":"https:\/\/www.europesays.com\/fr\/wp-json\/wp\/v2\/types\/post"}],"author":[{"embeddable":true,"href":"https:\/\/www.europesays.com\/fr\/wp-json\/wp\/v2\/users\/2"}],"replies":[{"embeddable":true,"href":"https:\/\/www.europesays.com\/fr\/wp-json\/wp\/v2\/comments?post=405524"}],"version-history":[{"count":0,"href":"https:\/\/www.europesays.com\/fr\/wp-json\/wp\/v2\/posts\/405524\/revisions"}],"wp:featuredmedia":[{"embeddable":true,"href":"https:\/\/www.europesays.com\/fr\/wp-json\/wp\/v2\/media\/405525"}],"wp:attachment":[{"href":"https:\/\/www.europesays.com\/fr\/wp-json\/wp\/v2\/media?parent=405524"}],"wp:term":[{"taxonomy":"category","embeddable":true,"href":"https:\/\/www.europesays.com\/fr\/wp-json\/wp\/v2\/categories?post=405524"},{"taxonomy":"post_tag","embeddable":true,"href":"https:\/\/www.europesays.com\/fr\/wp-json\/wp\/v2\/tags?post=405524"}],"curies":[{"name":"wp","href":"https:\/\/api.w.org\/{rel}","templated":true}]}}