{"id":405526,"date":"2025-09-20T19:29:09","date_gmt":"2025-09-20T19:29:09","guid":{"rendered":"https:\/\/www.europesays.com\/fr\/405526\/"},"modified":"2025-09-20T19:29:09","modified_gmt":"2025-09-20T19:29:09","slug":"patrick-sabatier-officiera-prochainement-sur-france-3-non-pas-en-tant-quanimateur-mais-en-tant-que-comedien-dans-le-telefilm-meurtres-a-epinal","status":"publish","type":"post","link":"https:\/\/www.europesays.com\/fr\/405526\/","title":{"rendered":"Patrick Sabatier officiera prochainement sur France 3 non pas en tant qu&rsquo;animateur mais en tant que com\u00e9dien dans le t\u00e9l\u00e9film \u00ab\u00a0Meurtres \u00e0 Epinal\u00a0\u00bb"},"content":{"rendered":"<p>Patrick Sabatier officiera prochainement sur France 3 non pas en tant qu&rsquo;animateur mais en tant que com\u00e9dien! Il tourne actuellement \u00ab\u00a0Meurtres \u00e0 Epinal\u00a0\u00bb, et jusqu&rsquo;au\u00a09 octobre en r\u00e9gion Grand Est (Epinal, Remiremont, Rambervilliers).<\/p>\n<p>R\u00e9sum\u00e9<\/p>\n<p>\u00c0 l\u2019Imagerie d\u2019\u00c9pinal, le corps sans vie du directeur artistique de l\u2019\u00e9tablissement est retrouv\u00e9, emprisonn\u00e9 dans une presse litho, les mains coup\u00e9es et la langue arrach\u00e9e. Le tueur a d\u00e9pos\u00e9 sur le corps une image d\u2019\u00c9pinal provenant d\u2019un triptyque, pi\u00e8ce ma\u00eetresse de l\u2019exposition qui a lieu en ce moment m\u00eame au mus\u00e9e de l\u2019Imagerie.\u00a0<\/p>\n<p>L\u2019enqu\u00eate est confi\u00e9e \u00e0 la Capitaine Alice Fournier et au Commandant \u00c9mile Cabat. Si Alice, native d\u2019\u00c9pinal, conna\u00eet parfaitement l\u2019Imagerie &#8211; son p\u00e8re l\u2019a dirig\u00e9 &#8211; \u00c9mile, qui arrive des douanes de Pointe-\u00e0-Pitre pour se rapprocher de sa fille, va devoir s\u2019acclimater aux us et coutumes locales.\u00a0<\/p>\n<p>Entre les deux, le courant est \u00e9lectrique. Mais ils devront faire fi de leurs diff\u00e9rences s\u2019ils veulent r\u00e9soudre cette enqu\u00eate.<\/p>\n<p>Avec<\/p>\n<p>Patrick Sabatier (\u00c9mile Cabat), Sabine Perraud (Alice Fournier), Marie-Laurence Tartas (Nathalie Le Guerrec), Arthur Choisnet (Toni Le Guerrec), N\u2019Landu Lubansu (Th\u00e9o Motschwiller), Salom\u00e9 Granelli (Flavie), Philae De Charette De La Contrie (Charlie), Laurent Maurel (Denis Riblon), J\u00e9r\u00f4me Pauwels (Samuel Grandjean), Lucie Jeanne (Val\u00e9rie Coliour)&#8230;<\/p>\n","protected":false},"excerpt":{"rendered":"Patrick Sabatier officiera prochainement sur France 3 non pas en tant qu&rsquo;animateur mais en tant que com\u00e9dien! Il&hellip;\n","protected":false},"author":2,"featured_media":405527,"comment_status":"","ping_status":"","sticky":false,"template":"","format":"standard","meta":{"footnotes":""},"categories":[1359],"tags":[58,59,381,1011,27,53682,53681,973,6265,30152],"class_list":{"0":"post-405526","1":"post","2":"type-post","3":"status-publish","4":"format-standard","5":"has-post-thumbnail","7":"category-people","8":"tag-divertissement","9":"tag-entertainment","10":"tag-fiction","11":"tag-fr","12":"tag-france","13":"tag-france3","14":"tag-patrick-sabatier","15":"tag-people","16":"tag-tournage","17":"tag-tu00e9lu00e9film"},"share_on_mastodon":{"url":"https:\/\/pubeurope.com\/@fr\/115238283817014724","error":""},"_links":{"self":[{"href":"https:\/\/www.europesays.com\/fr\/wp-json\/wp\/v2\/posts\/405526","targetHints":{"allow":["GET"]}}],"collection":[{"href":"https:\/\/www.europesays.com\/fr\/wp-json\/wp\/v2\/posts"}],"about":[{"href":"https:\/\/www.europesays.com\/fr\/wp-json\/wp\/v2\/types\/post"}],"author":[{"embeddable":true,"href":"https:\/\/www.europesays.com\/fr\/wp-json\/wp\/v2\/users\/2"}],"replies":[{"embeddable":true,"href":"https:\/\/www.europesays.com\/fr\/wp-json\/wp\/v2\/comments?post=405526"}],"version-history":[{"count":0,"href":"https:\/\/www.europesays.com\/fr\/wp-json\/wp\/v2\/posts\/405526\/revisions"}],"wp:featuredmedia":[{"embeddable":true,"href":"https:\/\/www.europesays.com\/fr\/wp-json\/wp\/v2\/media\/405527"}],"wp:attachment":[{"href":"https:\/\/www.europesays.com\/fr\/wp-json\/wp\/v2\/media?parent=405526"}],"wp:term":[{"taxonomy":"category","embeddable":true,"href":"https:\/\/www.europesays.com\/fr\/wp-json\/wp\/v2\/categories?post=405526"},{"taxonomy":"post_tag","embeddable":true,"href":"https:\/\/www.europesays.com\/fr\/wp-json\/wp\/v2\/tags?post=405526"}],"curies":[{"name":"wp","href":"https:\/\/api.w.org\/{rel}","templated":true}]}}