{"id":405528,"date":"2025-09-20T19:30:23","date_gmt":"2025-09-20T19:30:23","guid":{"rendered":"https:\/\/www.europesays.com\/fr\/405528\/"},"modified":"2025-09-20T19:30:23","modified_gmt":"2025-09-20T19:30:23","slug":"lagence-darchitecture-qui-a-concu-lascaux-iv-recompensee-dun-prix-prestigieux","status":"publish","type":"post","link":"https:\/\/www.europesays.com\/fr\/405528\/","title":{"rendered":"l\u2019agence d\u2019architecture qui a con\u00e7u Lascaux IV r\u00e9compens\u00e9e d\u2019un prix prestigieux"},"content":{"rendered":"<p>Il \u00e9tait le tout premier visiteur, samedi 10\u00a0d\u00e9cembre 2016 lors de l\u2019inauguration du <a href=\"https:\/\/www.sudouest.fr\/culture\/grotte-de-lascaux\/lascaux-iv-des-travaux-a-aujourd-hui-dix-ans-du-site-perigourdin-en-images-17798492.php\" target=\"_blank\" rel=\"follow nofollow noopener\">Centre international de l\u2019art pari\u00e9tal, <\/a>plus connu sous le nom de Lascaux IV. <\/p>\n<p>Pr\u00e8s de neuf ans plus tard et apr\u00e8s trois millions de visiteurs qui lui ont embo\u00eet\u00e9 le pas, l\u2019ex pr\u00e9sident de la R\u00e9publique, Fran\u00e7ois Hollande, est revenu \u00e0 Montignac-Lascaux (Dordogne). En voisin.<\/p>\n<p>Un d\u00e9placement surprise et discret que le d\u00e9sormais d\u00e9put\u00e9 de Corr\u00e8ze a effectu\u00e9 pour assister \u00e0 la remise d\u2019un prix prestigieux au cabinet d\u2019architecte Sn\u00f8hetta\u00a0: le prix du fonds Houen (1), l\u2019une des principales distinctions norv\u00e9giennes dans le domaine de l\u2019architecture et de la construction, cr\u00e9\u00e9 en 1891, par l\u2019homme d\u2019affaires Anton Christian Houen (1823-1894).<\/p>\n<blockquote><p>\u00ab\u00a0En cr\u00e9ant les installations de Lascaux, les architectes de Sn\u00f8hetta ont mis en valeur un patrimoine unique\u00a0\u00bb<\/p><\/blockquote>\n<p>\u00ab\u00a0En cr\u00e9ant les installations de Lascaux, les architectes de Sn\u00f8hetta ont mis en valeur un patrimoine unique, jouant \u00e0 la fois sur le paysage et les mat\u00e9riaux, qu\u2019ils soient en surface ou souterrains\u00a0\u00bb, a salu\u00e9 le jury, qui a d\u00e9cern\u00e9 le prix en 2023. L\u2019instabilit\u00e9 gouvernementale en France a conduit \u00e0 n\u2019organiser cette c\u00e9r\u00e9monie que deux ans plus tard.<\/p>\n<p>        <img decoding=\"async\" id=\"26000770\" src=\"https:\/\/www.europesays.com\/fr\/wp-content\/uploads\/2025\/09\/img-20250919-110618.jpg\" alt=\"Germinal Peiro et Fran\u00e7ois Hollande recherchent la plaque du 10\u00a0d\u00e9cembre 2016 comm\u00e9morant l\u2019inauguration de Lascaux IV et sur laquelle leurs noms sont grav\u00e9s.\" itemprop=\"contentURL\"\/><\/p>\n<p>    Germinal Peiro et Fran\u00e7ois Hollande recherchent la plaque du 10\u00a0d\u00e9cembre 2016 comm\u00e9morant l\u2019inauguration de Lascaux IV et sur laquelle leurs noms sont grav\u00e9s.<\/p>\n<p>David Briand<\/p>\n<p>    Alexandrie et Oslo<\/p>\n<p>Une forte d\u00e9l\u00e9gation norv\u00e9gienne a fait le d\u00e9placement, au premier rang de laquelle figurait la ministre de la Culture et de l\u2019\u00c9galit\u00e9, Lubna Jaffery. Elle a f\u00e9licit\u00e9 son compatriote Kjetil Tr\u00e6dal Thorsen, cofondateur de l\u2019agence, qui a re\u00e7u ce prix prestigieux pour la troisi\u00e8me fois, apr\u00e8s l\u2019avoir obtenu pour la biblioth\u00e8que d\u2019Alexandrie, en \u00c9gypte et l\u2019op\u00e9ra d\u2019Oslo. Le cabinet avait \u00e9t\u00e9 retenu fin 2012 parmi les 90 candidatures que le projet avait suscit\u00e9es, dont celles de l\u2019atelier Jean-Nouvel<a href=\"https:\/\/www.sudouest.fr\/culture\/jean-nouvel-la-star-mondiale-de-l-architecture-aux-racines-perigourdines-13695264.php\" target=\"_blank\" rel=\"follow nofollow noopener\">, l\u2019enfant du pays qui a grandi \u00e0 Sarlat<\/a>.<\/p>\n<p>Une agence qui dispose de sept bureaux dans le monde dont un \u00e0 Paris et qui emploie 25\u00a0architectes. Parmi ses projets en cours, le th\u00e9\u00e2tre des Amandiers \u00e0 Nanterre ou la Cour nationale du droit d\u2019asile \u00e0 Montreuil, apr\u00e8s la r\u00e9alisation du nouveau si\u00e8ge du journal \u00ab\u00a0Le Monde\u00a0\u00bb.<\/p>\n<p>Faille g\u00e9ologique<\/p>\n<p>Long de 250\u00a0m\u00e8tres et haut d\u2019une quinzaine de m\u00e8tres, le b\u00e2timent doit \u00eatre vu comme une faille g\u00e9ologique, une incision au pied de la colline bois\u00e9e et pr\u00e9serv\u00e9e, qui abrite la grotte originelle. Tandis que de l\u2019autre c\u00f4t\u00e9 s\u2019\u00e9tend une plaine agricole que l\u2019on peut admirer \u00e0 travers les larges baies vitr\u00e9es de la fa\u00e7ade.<\/p>\n<p>\u00ab\u00a0C\u2019est comme si on pratiquait une incision dans la terre en soulevant le pied de la colline et qu\u2019on le refermait\u00a0\u00bb, appr\u00e9cie un connaisseur.<\/p>\n<p>        <img decoding=\"async\" id=\"26002355\" src=\"https:\/\/www.europesays.com\/fr\/wp-content\/uploads\/2025\/09\/sudouest-photo-1-30822107.jpg\" alt=\"Long de 250\u00a0m\u00e8tres et haut d\u2019une quinzaine de m\u00e8tres, le b\u00e2timent doit \u00eatre vu comme une faille g\u00e9ologique.\" itemprop=\"contentURL\"\/><\/p>\n<p>    Long de 250\u00a0m\u00e8tres et haut d\u2019une quinzaine de m\u00e8tres, le b\u00e2timent doit \u00eatre vu comme une faille g\u00e9ologique.<\/p>\n<p>Illustration Michel Faure<\/p>\n<p>\u00ab\u00a0Chaque extr\u00e9mit\u00e9 rejoint la terre\u00a0\u00bb, explique Kjetil Tr\u00e6dal Thorsen, en ajoutant que le b\u00e2timent \u00e9tait con\u00e7u pour \u00eatre en \u00ab\u00a0immersion avec le paysage\u00a0\u00bb.<\/p>\n<p>Une vision qui sera d\u00e9taill\u00e9e dans un livre attendu en 2026 pour le 10e\u00a0anniversaire de Lascaux IV. En attendant, la notori\u00e9t\u00e9 de ce prix pourrait favoriser la venue d\u2019une client\u00e8le scandinave, un public justement<a href=\"https:\/\/www.sudouest.fr\/tourisme\/dordogne\/dordogne-quelles-sont-les-nouveautes-de-l-office-de-tourisme-de-sarlat-23608136.php\" target=\"_blank\" rel=\"follow nofollow noopener\"> cibl\u00e9 par les offices de tourisme du P\u00e9rigord noir.<\/a><\/p>\n<p>(1) Le prix est conf\u00e9r\u00e9 \u00e0 des architectes norv\u00e9giens ou \u00e0 des \u00e9trangers qui \u0153uvrent en Norv\u00e8ge<\/p>\n<p>    Fr\u00e9quentation<br \/>\nNavire amiral de la Semitour qui g\u00e8re le site, Lascaux IV accueille 370\u00a0000 visiteurs par an. Il convient d\u2019ajouter les 70\u00a0000\u00a0qui se pressent dans la r\u00e9plique Lascaux II, ouverte en 1983 et qui se visite toujours.<\/p>\n","protected":false},"excerpt":{"rendered":"Il \u00e9tait le tout premier visiteur, samedi 10\u00a0d\u00e9cembre 2016 lors de l\u2019inauguration du Centre international de l\u2019art pari\u00e9tal,&hellip;\n","protected":false},"author":2,"featured_media":405529,"comment_status":"","ping_status":"","sticky":false,"template":"","format":"standard","meta":{"footnotes":""},"categories":[1358],"tags":[1348,1384,1385,1386,58,59,1011,27],"class_list":{"0":"post-405528","1":"post","2":"type-post","3":"status-publish","4":"format-standard","5":"has-post-thumbnail","7":"category-arts-et-design","8":"tag-arts","9":"tag-arts-and-design","10":"tag-arts-et-design","11":"tag-design","12":"tag-divertissement","13":"tag-entertainment","14":"tag-fr","15":"tag-france"},"share_on_mastodon":{"url":"https:\/\/pubeurope.com\/@fr\/115238288199386718","error":""},"_links":{"self":[{"href":"https:\/\/www.europesays.com\/fr\/wp-json\/wp\/v2\/posts\/405528","targetHints":{"allow":["GET"]}}],"collection":[{"href":"https:\/\/www.europesays.com\/fr\/wp-json\/wp\/v2\/posts"}],"about":[{"href":"https:\/\/www.europesays.com\/fr\/wp-json\/wp\/v2\/types\/post"}],"author":[{"embeddable":true,"href":"https:\/\/www.europesays.com\/fr\/wp-json\/wp\/v2\/users\/2"}],"replies":[{"embeddable":true,"href":"https:\/\/www.europesays.com\/fr\/wp-json\/wp\/v2\/comments?post=405528"}],"version-history":[{"count":0,"href":"https:\/\/www.europesays.com\/fr\/wp-json\/wp\/v2\/posts\/405528\/revisions"}],"wp:featuredmedia":[{"embeddable":true,"href":"https:\/\/www.europesays.com\/fr\/wp-json\/wp\/v2\/media\/405529"}],"wp:attachment":[{"href":"https:\/\/www.europesays.com\/fr\/wp-json\/wp\/v2\/media?parent=405528"}],"wp:term":[{"taxonomy":"category","embeddable":true,"href":"https:\/\/www.europesays.com\/fr\/wp-json\/wp\/v2\/categories?post=405528"},{"taxonomy":"post_tag","embeddable":true,"href":"https:\/\/www.europesays.com\/fr\/wp-json\/wp\/v2\/tags?post=405528"}],"curies":[{"name":"wp","href":"https:\/\/api.w.org\/{rel}","templated":true}]}}