{"id":405530,"date":"2025-09-20T19:31:11","date_gmt":"2025-09-20T19:31:11","guid":{"rendered":"https:\/\/www.europesays.com\/fr\/405530\/"},"modified":"2025-09-20T19:31:11","modified_gmt":"2025-09-20T19:31:11","slug":"point-de-vue-prix-erwan-bergot-pour-un-livre-sur-le-general-de-castelnau","status":"publish","type":"post","link":"https:\/\/www.europesays.com\/fr\/405530\/","title":{"rendered":"[POINT DE VUE] Prix Erwan Bergot pour un livre sur le g\u00e9n\u00e9ral de Castelnau"},"content":{"rendered":"<p>Il n\u2019est pas fr\u00e9quent, dans l\u2019esprit du public, que la litt\u00e9rature soit associ\u00e9e au monde militaire. Les \u00e9crivains fran\u00e7ais ressemblent \u00e0 leur propre caricature (peu compatible avec le parcours du combattant), tandis que les militaires semblent se complaire dans une version castratrice, d\u00e9mesur\u00e9ment amplifi\u00e9e, du devoir de r\u00e9serve qui les a priv\u00e9s, entre autres attributs, de la parole. Et pourtant, chaque ann\u00e9e, le prix litt\u00e9raire de l\u2019arm\u00e9e de terre, qui porte le nom d\u2019Erwan Bergot, est remis \u00e0 un ouvrage qui c\u00e9l\u00e8bre les valeurs de l\u2019arm\u00e9e. Et il y a du s\u00e9rieux, dans la liste.<\/p>\n<p>Avant de parler du vainqueur de l\u2019\u00e9dition de cette ann\u00e9e, disons un mot d\u2019Erwan Bergot, \u00e9crivain combattant injustement oubli\u00e9. Dou\u00e9 pour la litt\u00e9rature et amoureux de sa patrie, Bergot fut officier parachutiste pendant dix ans (dans les troupes de choc, puis sous les ordres de Bigeard, puis dans la L\u00e9gion \u00e9trang\u00e8re), bless\u00e9 trois fois, cit\u00e9 sept fois pour son comportement sous le feu. Une grave blessure \u00e0 l\u2019\u0153il mit un terme \u00e0 sa carri\u00e8re. Il devint alors \u00e9crivain, couvert de prix (dont celui de l\u2019Acad\u00e9mie fran\u00e7aise), cherchant \u00e0 retranscrire, par un style vivant et imag\u00e9, la v\u00e9rit\u00e9 des combats. On peut lire, par exemple, son premier roman, Deuxi\u00e8me classe \u00e0 Dien Bien Phu.<\/p>\n<p>Cette ann\u00e9e, le prix Erwan Bergot a \u00e9t\u00e9 remis \u00e0 Jean-Louis Thi\u00e9riot, \u00e9ph\u00e9m\u00e8re ministre d\u00e9l\u00e9gu\u00e9 aux Anciens Combattants dans le non moins \u00e9ph\u00e9m\u00e8re gouvernement de Michel Barnier, auteur d\u2019<a href=\"https:\/\/www.amazon.fr\/Castelnau-escamot%C3%A9-1851-1944-Jean-Louis-Thi%C3%A9riot\/dp\/B0D5W76J2C\/ref=sr_1_1?__mk_fr_FR=%C3%85M%C3%85%C5%BD%C3%95%C3%91&amp;crid=3KKS18QZGX3Y0&amp;dib=eyJ2IjoiMSJ9.gkXsTR6e3UeYzpc5bypArw.FdJBI_in8qLmr-FShW6kWtlNpUMfDFDdoEpvtcz6cr4&amp;dib_tag=se&amp;keywords=LE+mar%C3%A9chal+escamot%C3%A9&amp;qid=1758368871&amp;sprefix=le+mar%C3%A9chal+escamot%C3%A9%2Caps%2C90&amp;sr=8-1\" target=\"_blank\" rel=\"noopener nofollow\">une biographie du g\u00e9n\u00e9ral de Castelnau<\/a> (1851-1944), sous-titr\u00e9e \u00ab le mar\u00e9chal escamot\u00e9 \u00bb. M. Thi\u00e9riot est \u00ab fana-mili \u00bb depuis bien longtemps, bien avant qu\u2019il ne f\u00fbt nomm\u00e9 ministre. Il a d\u00e9j\u00e0 sign\u00e9 plusieurs biographies salu\u00e9es par la critique. De la part des arm\u00e9es, toutefois, couronner une biographie de Castelnau, c\u2019est accepter de panser les plaies de l\u2019Histoire. <a href=\"https:\/\/www.bvoltaire.fr\/la-statue-du-general-de-castelnau-vandalisee-des-gauchistes-ignares\/\" target=\"_blank\" rel=\"noopener nofollow\">Castelnau<\/a>, en effet, \u00e9tait un officier brillant, un chef de guerre naturel, ador\u00e9 de ses soldats, mais qui fut d\u2019abord \u00e9cart\u00e9 des plus hautes responsabilit\u00e9s car, dans une IIIe R\u00e9publique rong\u00e9e par le cancer de la franc-ma\u00e7onnerie, il \u00e9tait bien trop catholique, bien trop royaliste. Clemenceau l\u2019appelait \u00ab le capucin bott\u00e9 \u00bb. Le ministre de la Guerre, Andr\u00e9, celui de l\u2019affaire des fiches, essaya de le faire renvoyer parce qu\u2019il n\u2019\u00e9tait pas assez progressiste\u2026 mais il \u00e9tait trop efficace.<\/p>\n<p>En 1914, on sait qu\u2019un bon tiers des officiers g\u00e9n\u00e9raux furent relev\u00e9s de leur commandement et, bien souvent, mut\u00e9s \u00e0 Limoges (d\u2019o\u00f9 le verbe \u00ab\u00a0limoger\u00a0\u00bb)\u00a0: le choc de la guerre avait fait voler en \u00e9clats les coteries politiques et les petits renvois d\u2019ascenseur m\u00e9prisables. On valorisa les profils atypiques. \u00ab\u00a0Quand \u00e7a tourne mal, on appelle les connards\u00a0\u00bb, dira, plus tard, l\u2019Am\u00e9ricain Patton, qui savait de quoi il parlait. Castelnau commanda en second les arm\u00e9es fran\u00e7aises, recommand\u00e9 par Joffre. Il fut \u00e0 l\u2019origine, contre l&rsquo;avis de tout l&rsquo;\u00e9tat-major, de la derni\u00e8re offensive de Verdun, celle qui fit de la bataille une victoire. Vir\u00e9 par Poincar\u00e9, qui ne l\u2019aime pas, il est envoy\u00e9 en Russie peu avant la r\u00e9volution communiste. Malgr\u00e9 la ferveur populaire, malgr\u00e9 ses victoires que l\u2019on compare aux Thermopyles, Castelnau ne sera pas fait mar\u00e9chal. Trop \u00e0 droite, trop aristocrate, trop catholique.<\/p>\n<p>D\u00e9put\u00e9 de l\u2019Aveyron, journaliste brillant, responsable d\u2019une f\u00e9d\u00e9ration catholique de deux millions d\u2019adh\u00e9rents, Castelnau a \u00e9t\u00e9 oubli\u00e9. Escamot\u00e9, dit avec justesse M. Thi\u00e9riot. Joffre et P\u00e9tain se sont vu attribuer, jusqu\u2019\u00e0 nos jours, le succ\u00e8s des d\u00e9cisions tactiques qu\u2019il avait prises. Il n\u2019a rien fait pour corriger la version officielle\u00a0: la gloriole l\u2019indiff\u00e9rait. Il \u00e9tait ador\u00e9 et admir\u00e9 de ses hommes, dont il \u00e9tait proche, dont il partageait les efforts et aupr\u00e8s de qui il se portait \u00ab\u00a0jusqu\u2019aux obus\u00a0\u00bb, avec un grand courage physique. Les soldats savaient aussi que Castelnau avait perdu trois fils en 1914 et 1915, morts pour la France dans les tranch\u00e9es. Le g\u00e9n\u00e9ral a donn\u00e9 son nom \u00e0 la promotion 2011-2014 de Saint-Cyr. Puisse, d\u00e9sormais, le grand public d\u00e9couvrir la vie de ce h\u00e9ros.<\/p>\n<p>                    <a href=\"#\" rel=\"nofollow\" onclick=\"window.print(); pfTrackEvent('[POINT DE VUE] Prix Erwan Bergot pour un livre sur le g\u00e9n\u00e9ral de Castelnau'); return false;\" title=\"Printer Friendly, PDF &amp; Email\"><br \/>\n                    <img decoding=\"async\" src=\"https:\/\/www.europesays.com\/fr\/wp-content\/uploads\/2025\/04\/printfriendly-icon-sm.png\" alt=\"Print Friendly, PDF &amp; Email\" class=\"pf-button-img\" style=\"width: 17px;height: 17px;\"\/>Imprimer, enregistrer en PDF cet article<br \/>\n                    <\/a><\/p>\n","protected":false},"excerpt":{"rendered":"Il n\u2019est pas fr\u00e9quent, dans l\u2019esprit du public, que la litt\u00e9rature soit associ\u00e9e au monde militaire. Les \u00e9crivains&hellip;\n","protected":false},"author":2,"featured_media":405531,"comment_status":"","ping_status":"","sticky":false,"template":"","format":"standard","meta":{"footnotes":""},"categories":[1357],"tags":[1379,58,59,1011,27,1380],"class_list":{"0":"post-405530","1":"post","2":"type-post","3":"status-publish","4":"format-standard","5":"has-post-thumbnail","7":"category-livres","8":"tag-books","9":"tag-divertissement","10":"tag-entertainment","11":"tag-fr","12":"tag-france","13":"tag-livres"},"share_on_mastodon":{"url":"https:\/\/pubeurope.com\/@fr\/115238291931795017","error":""},"_links":{"self":[{"href":"https:\/\/www.europesays.com\/fr\/wp-json\/wp\/v2\/posts\/405530","targetHints":{"allow":["GET"]}}],"collection":[{"href":"https:\/\/www.europesays.com\/fr\/wp-json\/wp\/v2\/posts"}],"about":[{"href":"https:\/\/www.europesays.com\/fr\/wp-json\/wp\/v2\/types\/post"}],"author":[{"embeddable":true,"href":"https:\/\/www.europesays.com\/fr\/wp-json\/wp\/v2\/users\/2"}],"replies":[{"embeddable":true,"href":"https:\/\/www.europesays.com\/fr\/wp-json\/wp\/v2\/comments?post=405530"}],"version-history":[{"count":0,"href":"https:\/\/www.europesays.com\/fr\/wp-json\/wp\/v2\/posts\/405530\/revisions"}],"wp:featuredmedia":[{"embeddable":true,"href":"https:\/\/www.europesays.com\/fr\/wp-json\/wp\/v2\/media\/405531"}],"wp:attachment":[{"href":"https:\/\/www.europesays.com\/fr\/wp-json\/wp\/v2\/media?parent=405530"}],"wp:term":[{"taxonomy":"category","embeddable":true,"href":"https:\/\/www.europesays.com\/fr\/wp-json\/wp\/v2\/categories?post=405530"},{"taxonomy":"post_tag","embeddable":true,"href":"https:\/\/www.europesays.com\/fr\/wp-json\/wp\/v2\/tags?post=405530"}],"curies":[{"name":"wp","href":"https:\/\/api.w.org\/{rel}","templated":true}]}}