{"id":405532,"date":"2025-09-20T19:32:17","date_gmt":"2025-09-20T19:32:17","guid":{"rendered":"https:\/\/www.europesays.com\/fr\/405532\/"},"modified":"2025-09-20T19:32:17","modified_gmt":"2025-09-20T19:32:17","slug":"the-morning-show-patriarche-gen-v-que-valent-les-series-de-la-semaine","status":"publish","type":"post","link":"https:\/\/www.europesays.com\/fr\/405532\/","title":{"rendered":"\u201cThe Morning Show\u201d, \u201cPatriarche\u201d, \u201cGen V\u201d\u2026 Que valent les s\u00e9ries de la semaine\u00a0?"},"content":{"rendered":"<p>      Marion Cotillard rejoint une \u00e9quipe de matinaliers peu convaincants, une guerre d\u2019h\u00e9ritage vire \u00e0 l\u2019enqu\u00eate pour meurtre, et des \u00e9tudiants superh\u00e9ros font face \u00e0 un doyen \u00e9trange\u2026 On vous dit tout sur les derni\u00e8res s\u00e9ries \u00e0 voir sur les plateformes.              <a href=\"https:\/\/www.europesays.com\/fr\/wp-content\/uploads\/2025\/09\/bdbfa08_upload-1-v41hycqaurgf-the-morning-show-photo-040107.jpg\" data-pswp-width=\"\" data-pswp-height=\"\" class=\"media__hd\" target=\"_blank\">      <img decoding=\"async\" fetchpriority=\"high\" src=\"https:\/\/www.europesays.com\/fr\/wp-content\/uploads\/2025\/09\/bdbfa08_upload-1-v41hycqaurgf-the-morning-show-photo-040107.jpg\" class=\"media__picture js-media-zoom-main \" alt=\"Marion Cotillard est la nouvelle recrue du cast de \u201cThe Morning Show\u201d, dont fait aussi partie Greta Lee. Mais son personnage fait plus de la com que du journalisme.\" title=\"Photo Erin Simkin\/Apple TV+\"\/>      <\/p>\n<p class=\"media__legend\"> Marion Cotillard est la nouvelle recrue du cast de \u201cThe Morning Show\u201d, dont fait aussi partie Greta Lee. Mais son personnage fait plus de la com que du journalisme.  Photo Erin Simkin\/Apple TV+  <\/p>\n<p>     <\/a>                    <\/p>\n<p class=\"author author--simple\">Par  <a class=\"author author--link\" href=\"https:\/\/www.telerama.fr\/recherche\/articles?q=Le+service+S%C3%A9ries\" rel=\"nofollow noopener\" target=\"_blank\"> Le service S\u00e9ries <\/a>    <\/p>\n<p class=\"publication__date\">Publi\u00e9 le 20 septembre 2025 \u00e0 17h00<\/p>\n<p>   Partager   <\/p>\n<ul class=\"sharing-popin--results\">\n<li class=\"sharing-popin--item sharing-popin--item-container\"> Partage  <\/li>\n<li data-share=\"linkedin\" class=\"sharing-popin--item\">  LinkedIn <\/li>\n<li data-share=\"facebook\" class=\"sharing-popin--item\">  Facebook <\/li>\n<li data-share=\"mail\" data-social=\"mail\" class=\"sharing-popin--item\">  Envoyer par email <\/li>\n<li data-share=\"copy\" class=\"sharing-popin--item\">  Copier le lien <\/li>\n<\/ul>\n<p>        Favoris       <\/p>\n<p>                <a class=\"openapp__link\" data-event=\"click-open-app\" data-deep-link=\"tlrm:\/\/element?id=\/series-tv\/the-morning-show-patriarche-gen-v-que-valent-les-series-de-la-semaine-7027466.php&amp;source=deeplink_site\">  Lire dans l&rsquo;application<br \/>\n  <\/a>                               \u201cThe Morning Show\u201d, saison 4 (Apple TV +)                      <\/p>\n<p class=\"paragraph\">Marion Cotillard, bien connue aux \u00c9tats-Unis, est la nouvelle recrue de choix de la s\u00e9rie au casting de luxe. Mais son interpr\u00e9tation d\u2019une journaliste, surtout dou\u00e9e en com, se r\u00e9v\u00e8le incoh\u00e9rente, tout comme le show.<\/p>\n<p class=\"edito__prefixe\">   Lire la critique   <\/p>\n<p class=\"edito__text-container\">       <a alt=\"Lire la critique\" href=\"https:\/\/www.telerama.fr\/series-tv\/the-morning-show-saison-4-sur-apple-tv-marion-cotillard-une-journaliste-peu-convaincante-comme-la-serie_cri-7040626.php\" class=\"article__title--edito\" rel=\"nofollow noopener\" target=\"_blank\">\u201cThe Morning Show\u201d, saison 4\u00a0sur Apple TV+\u00a0: Marion Cotillard, une journaliste peu convaincante, comme la s\u00e9rie<\/a>  <\/p>\n<p>                                        <strong>\u201cPatriarche\u201d, saison 1 (HBO Max)<\/strong>                      <\/p>\n<p class=\"paragraph\">Dans sa nouvelle s\u00e9rie, le Britannique Chris Lang combine habilement drame familial et s\u00e9rie polici\u00e8re pour peindre le portrait d\u2019une famille aussi riche que toxique. Entre le pass\u00e9 et le futur, le sc\u00e9nariste ma\u00eetrise avec talent l\u2019art des r\u00e9v\u00e9lations.<\/p>\n<p class=\"edito__prefixe\">   Lire la critique   <\/p>\n<p class=\"edito__text-container\">       <a alt=\"Lire la critique\" href=\"https:\/\/www.telerama.fr\/series-tv\/patriarche-sur-hbo-max-riche-toxique-et-nevrosee-on-va-adorer-dissequer-la-famille-wright_cri-7040644.php\" class=\"article__title--edito\" rel=\"nofollow noopener\" target=\"_blank\">\u201cPatriarche\u201d, sur HBO Max\u00a0: riche, toxique et n\u00e9vros\u00e9e\u2026 on va adorer diss\u00e9quer la famille Wright<\/a>  <\/p>\n<p>                                        <strong>\u201cGen V\u201d, saison 2 (Prime Video)<\/strong>                      <\/p>\n<p class=\"paragraph\">Nouvelle intrigue, divertissante mais plus sombre, actrices talentueuses\u2026 Les super-\u00e9tudiants rempilent avec succ\u00e8s dans cette nouvelle saison du spin-off de The Boys.<\/p>\n<p class=\"edito__prefixe\">   Lire la critique   <\/p>\n<p class=\"edito__text-container\">       <a alt=\"Lire la critique\" href=\"https:\/\/www.telerama.fr\/series-tv\/gen-v-sur-prime-video-mystere-a-la-scooby-doo-et-exploration-de-la-puberte-dans-une-saison-2-reussie_cri-7040627.php\" class=\"article__title--edito\" rel=\"nofollow noopener\" target=\"_blank\">\u201cGen V\u201d, sur Prime Video\u00a0: myst\u00e8re \u00e0 la Scooby-Doo et exploration de la pubert\u00e9 dans une saison 2\u00a0r\u00e9ussie<\/a>  <\/p>\n<p>                                        <strong>\u201cInfid\u00e8les\u201d, saison 1 (Arte.tv)<\/strong>                      <\/p>\n<p class=\"paragraph\">\u00c0 Stockholm, dans les ann\u00e9es\u00a01970, un r\u00e9alisateur s\u2019\u00e9prend d\u2019une com\u00e9dienne. Une minis\u00e9rie tr\u00e8s actuelle, admirablement r\u00e9alis\u00e9e et interpr\u00e9t\u00e9e, sur les rapports amoureux des gens de cin\u00e9ma.<\/p>\n<p class=\"edito__prefixe\">   Lire la critique   <\/p>\n<p class=\"edito__text-container\">       <a alt=\"Lire la critique\" href=\"https:\/\/www.telerama.fr\/series-tv\/infideles-sur-arte-tv-bergman-superbement-reconstitue-dans-les-annees-70_cri-7040643.php\" class=\"article__title--edito\" rel=\"nofollow noopener\" target=\"_blank\">\u201cInfid\u00e8les\u201d, sur Arte.tv\u00a0: Bergman superbement reconstitu\u00e9 dans les ann\u00e9es\u00a070<\/a>  <\/p>\n<p>                                        <strong>\u201cBlack Rabbit\u201d, saison 1 (Netflix)<\/strong>                      <\/p>\n<p class=\"paragraph\">Deux fr\u00e8res, Jude Law et Jason Bateman, d\u00e9gringolent dans une spirale criminelle. On a trouv\u00e9 le premier faux pas s\u00e9riel de l\u2019acteur anglais, qui \u00e9choue \u00e0 faire sortir du lot ce r\u00e9cit artificiel et r\u00e9p\u00e9titif.<\/p>\n<p class=\"edito__prefixe\">   Lire la critique   <\/p>\n<p class=\"edito__text-container\">       <a alt=\"Lire la critique\" href=\"https:\/\/www.telerama.fr\/series-tv\/black-rabbit-saison-1-sur-netflix-jude-law-dans-un-thriller-anxieux-et-deja-vu_cri-7040645.php\" class=\"article__title--edito\" rel=\"nofollow noopener\" target=\"_blank\">\u201cBlack Rabbit\u201d, saison 1\u00a0sur Netflix\u00a0: Jude Law dans un thriller anxieux et d\u00e9j\u00e0 vu<\/a>  <\/p>\n<p>                                        <strong>\u201cEl refugio at\u00f3mico\u201d, saison 1 (Netflix)<\/strong>                      <\/p>\n<p class=\"paragraph\">Les cr\u00e9ateurs de La casa de papel et Berlin d\u00e9voilent un braquage d\u2019un autre genre, sous fond de lutte des classes et de d\u00e9cors r\u00e9trofuturistes. Une nouvelle intrigue qui laisse dubitatif.<\/p>\n<p class=\"edito__prefixe\">   Lire la critique   <\/p>\n<p class=\"edito__text-container\">       <a alt=\"Lire la critique\" href=\"https:\/\/www.telerama.fr\/series-tv\/el-refugio-atomico-sur-netflix-les-createurs-de-la-casa-de-papel-n-ont-malheureusement-pas-appris-de-leurs-erreurs_cri-7040663.php\" class=\"article__title--edito\" rel=\"nofollow noopener\" target=\"_blank\">\u201cEl refugio at\u00f3mico\u201d\u00a0: c\u2019est loup\u00e9 pour les showrunners de \u00ab\u00a0La Casa de Papel\u00a0\u00bb<\/a>  <\/p>\n<p>                                        <strong>\u201cTaht el wesaya, la loi contre elle\u201d, saison 1 (Arte.tv)<\/strong>                      <\/p>\n<p class=\"paragraph\">Apr\u00e8s la mort de son mari, une jeune m\u00e8re de famille d\u2019Alexandrie (Mona Zaki, r\u00e9v\u00e9l\u00e9e dans Femmes du\u00a0Caire, de Yousry Nasrallah) d\u00e9couvre la cruelle r\u00e9alit\u00e9 de la loi \u00e9gyptienne de la famille, infantilisante et ali\u00e9nante pour les femmes, syst\u00e9matiquement plac\u00e9es sous la tutelle de leur beau-p\u00e8re quand leur \u00e9poux vient \u00e0 tr\u00e9passer. Tr\u00e8s vue en \u00c9gypte lors du ramadan 2023, cette saga un poil \u00e9difiante lorgnant vers le r\u00e9cit d\u2019\u00e9mancipation a largement aliment\u00e9 les d\u00e9bats publics en faveur d\u2019une r\u00e9forme l\u00e9gislative, dans une soci\u00e9t\u00e9 encore tr\u00e8s patriarcale. <strong>\u2212 \u00c9milie Gavoille<\/strong><\/p>\n<p>q R\u00e9alis\u00e9e par Mohammad Shaker Khodeir et Ramy Nassif (15\u202f\u00d7\u202f35 min).<\/p>\n<p class=\"edito__prefixe\">   Faire le plein d\u2019id\u00e9es   <\/p>\n<p class=\"edito__text-container\">   <a alt=\"Faire le plein d\u2019id\u00e9es\" href=\"https:\/\/www.telerama.fr\/series-tv\/sur-hbo-max-nouvelles-ou-cultes-les-meilleures-series-a-devorer-ou-deguster-5510-7020836.php\" class=\"article__title--edito\" rel=\"nofollow noopener\" target=\"_blank\">Sur HBO Max, nouvelles ou cultes, les meilleures s\u00e9ries \u00e0 d\u00e9vorer ou d\u00e9guster<\/a>  <\/p>\n<p class=\"paragraph\">Et pour ne rien manquer de nos derni\u00e8res recommandations sur les s\u00e9ries, films et documentaires disponibles sur Netflix, Arte.tv, MyCanal, Max\u2026 et gagner du temps dans vos recherches, rendez-vous sur notre guide Plateformes.<\/p>\n<p>        <img decoding=\"async\" class=\"snippet-generic__img\" src=\"https:\/\/www.europesays.com\/fr\/wp-content\/uploads\/2025\/04\/e7b7817_1729070628687-2.png\"\/><\/p>\n<p class=\"snippet-generic__title\">Enfin un guide Plateformes<\/p>\n<p class=\"snippet-generic__text\">Arr\u00eatez de perdre du temps \u00e0 chercher et d\u00e9couvrez les films, les s\u00e9ries et les documentaires recommand\u00e9s par T\u00e9l\u00e9rama sur toutes les plateformes SVOD. <\/p>\n<p>    <a href=\"https:\/\/www.telerama.fr\/plateformes\/\" rel=\"nofollow noopener\" target=\"_blank\"><\/p>\n<p>            Je d\u00e9couvre<\/p>\n<p>    <\/a><\/p>\n","protected":false},"excerpt":{"rendered":"Marion Cotillard rejoint une \u00e9quipe de matinaliers peu convaincants, une guerre d\u2019h\u00e9ritage vire \u00e0 l\u2019enqu\u00eate pour meurtre, et&hellip;\n","protected":false},"author":2,"featured_media":405533,"comment_status":"","ping_status":"","sticky":false,"template":"","format":"standard","meta":{"footnotes":""},"categories":[1356],"tags":[58,59,1011,27,252,1364],"class_list":{"0":"post-405532","1":"post","2":"type-post","3":"status-publish","4":"format-standard","5":"has-post-thumbnail","7":"category-television","8":"tag-divertissement","9":"tag-entertainment","10":"tag-fr","11":"tag-france","12":"tag-television","13":"tag-tv"},"share_on_mastodon":{"url":"https:\/\/pubeurope.com\/@fr\/115238295630462787","error":""},"_links":{"self":[{"href":"https:\/\/www.europesays.com\/fr\/wp-json\/wp\/v2\/posts\/405532","targetHints":{"allow":["GET"]}}],"collection":[{"href":"https:\/\/www.europesays.com\/fr\/wp-json\/wp\/v2\/posts"}],"about":[{"href":"https:\/\/www.europesays.com\/fr\/wp-json\/wp\/v2\/types\/post"}],"author":[{"embeddable":true,"href":"https:\/\/www.europesays.com\/fr\/wp-json\/wp\/v2\/users\/2"}],"replies":[{"embeddable":true,"href":"https:\/\/www.europesays.com\/fr\/wp-json\/wp\/v2\/comments?post=405532"}],"version-history":[{"count":0,"href":"https:\/\/www.europesays.com\/fr\/wp-json\/wp\/v2\/posts\/405532\/revisions"}],"wp:featuredmedia":[{"embeddable":true,"href":"https:\/\/www.europesays.com\/fr\/wp-json\/wp\/v2\/media\/405533"}],"wp:attachment":[{"href":"https:\/\/www.europesays.com\/fr\/wp-json\/wp\/v2\/media?parent=405532"}],"wp:term":[{"taxonomy":"category","embeddable":true,"href":"https:\/\/www.europesays.com\/fr\/wp-json\/wp\/v2\/categories?post=405532"},{"taxonomy":"post_tag","embeddable":true,"href":"https:\/\/www.europesays.com\/fr\/wp-json\/wp\/v2\/tags?post=405532"}],"curies":[{"name":"wp","href":"https:\/\/api.w.org\/{rel}","templated":true}]}}