{"id":405536,"date":"2025-09-20T19:34:43","date_gmt":"2025-09-20T19:34:43","guid":{"rendered":"https:\/\/www.europesays.com\/fr\/405536\/"},"modified":"2025-09-20T19:34:43","modified_gmt":"2025-09-20T19:34:43","slug":"star-dharry-potter-emma-watson-provoque-la-polemique-avec-une-photo-si-cetait-le","status":"publish","type":"post","link":"https:\/\/www.europesays.com\/fr\/405536\/","title":{"rendered":"Star d\u2019Harry Potter, Emma Watson provoque la pol\u00e9mique avec une photo : \u201cSi c\u2019\u00e9tait le\u2026\u201d"},"content":{"rendered":"<p><strong>Emma Watson reste encore, plus de 20 ans apr\u00e8s le<br \/>\npremier film Harry Potter, l\u2019interpr\u00e8te d\u2019Hermione<br \/>\nGranger.<\/strong> Un personnage, r\u00f4le d\u2019une vie, qui lui colle<br \/>\nencore et toujours, inlassablement, d\u00e9sesp\u00e9r\u00e9ment, \u00e0 la peau.<br \/>\nL\u2019actrice et son avatar d\u2019\u00e9cran partagent m\u00eame plusieurs traits de<br \/>\ncaract\u00e8re en commun. <strong>Notamment le f\u00e9minisme et l\u2019engagement<br \/>\npolitique.<\/strong> Emma Watson, en raison de son immense notori\u00e9t\u00e9<br \/>\nacquise gr\u00e2ce \u00e0 la saga cin\u00e9matographique, <a href=\"https:\/\/www.melty.fr\/people\/emma-watson-brutalement-honnete-sur-sa-vie-privee-je-detesterais-que-mon-copain-2263153.html\" rel=\"nofollow noopener\" target=\"_blank\"><br \/>\nest tout le temps scrut\u00e9e par les m\u00e9dias du monde entier.<\/a><br \/>\nD\u2019aucuns, on pourrait presque l\u2019affirmer, attendent m\u00eame sa chute<br \/>\nm\u00e9diatique.<\/p>\n<p>Emma Watson, r\u00e9v\u00e9l\u00e9e par le r\u00f4le d\u2019Hermione Granger<\/p>\n<p>Rare son les interpr\u00e8tes \u00e0 autant coller \u00e0 leurs personnages de<br \/>\nfiction. <strong>Et vice-versa. Prenez Emma Watson, star f\u00e9minine<br \/>\nde la franchise Harry Potter, interpr\u00e9tant le r\u00f4le<br \/>\nd\u2019Hermione Granger.<\/strong> C\u2019est un casting parfait car l\u2019actrice<br \/>\nbritannique, qui a d\u00e9but\u00e9 au cin\u00e9ma avec la fameuse saga, ressemble<br \/>\ncomme deux gouttes de <strong>Polynectar<\/strong> \u00e0 son h\u00e9ro\u00efne.<br \/>\n<strong>Smart, cultiv\u00e9e, bosseuse, voire premi\u00e8re de la classe,<br \/>\nid\u00e9aliste et assur\u00e9ment romantique.<\/strong><\/p>\n<p>Pas \u00e9tonnant, donc, que le personnage d\u2019Hermione, dans les<br \/>\nfilms, soit l\u2019un des plus appr\u00e9ci\u00e9s des<br \/>\n<strong>Potterheads<\/strong> et plus largement le grand public. Car<br \/>\nEmma Watson a donn\u00e9 corps et \u00e2me \u00e0 une h\u00e9ro\u00efne faussement derni\u00e8re<br \/>\nroue du carrosse dans un trio principal emmen\u00e9 par deux<br \/>\nboys. <strong>Harry Potter<\/strong> et <strong>Ron<br \/>\nWeasley<\/strong>, en l\u00a0\u00bboccurrence. <strong>R\u00e9v\u00e9lation des huit<br \/>\nfilms, celle-ci a, forc\u00e9ment, gal\u00e9r\u00e9 dans sa carri\u00e8re post-Harry<br \/>\nPotter..<\/strong><\/p>\n<p>Emma Watson : une actrice et mannequin tr\u00e8s engag\u00e9e<\/p>\n<p>Car Emma Watson, ne faisant qu\u2019un avec Hermione Granger, s\u2019est<br \/>\nun peu trop appliqu\u00e9e dans son exercice. Le d\u00e9faut de ses qualit\u00e9s<br \/>\net de celles de l\u2019apprentie sorci\u00e8re \u00e0 <strong>Poudlard<\/strong>.<br \/>\nAinsi, la suite de sa carri\u00e8re, sans \u00eatre inint\u00e9ressante, ne casse<br \/>\npas trois pattes \u00e0 un <strong>Hippogriffe<\/strong>. Elle a m\u00eame<br \/>\ntout fait pour passer de miss-je-sais-tout \u00e0 la bimbo dans The<br \/>\nBling Ring r\u00e9alis\u00e9 par <strong>Sofia Coppola<\/strong>. Sans<br \/>\n(vrai) succ\u00e8s. <strong>Emma reste Hermione.<\/strong> L\u2019inverse<br \/>\nfonctionne aussi.<\/p>\n<p>\u00c0 c\u00f4t\u00e9 de sa carri\u00e8re d\u2019actrice, Emma Watson a notamment<br \/>\n<a href=\"https:\/\/www.melty.fr\/people\/face-aux-rumeurs-emma-watson-sagace-et-hausse-le-ton-quelles-soient-vraies-ou-fausses-2262699.html\" rel=\"nofollow noopener\" target=\"_blank\"><br \/>\n\u00e9t\u00e9 l\u2019\u00e9g\u00e9rie de grandes marques de luxe comme<br \/>\n<strong>Prada<\/strong><\/a>. C\u2019est aussi une fervente f\u00e9ministe,<br \/>\nartiste engag\u00e9e sous moults aspects. <strong>Ce qui explique son<br \/>\ntitre d\u2019ambassadrice de bonne volont\u00e9 d\u2019ONU Femmes.<\/strong> Avec,<br \/>\nnotamment, une mission autour de l\u2019<strong>autonomisation des<br \/>\njeunes femmes<\/strong>. Et la promotion, de facto, de<br \/>\nl\u2019<strong>\u00e9galit\u00e9 des sexes<\/strong>. Un vrai combat d\u00e9fendu avec<br \/>\nhardiesse par Emma Watson.<\/p>\n<p>L\u2019interpr\u00e8te de la saga Harry<br \/>\nPotter face au scandale<\/p>\n<p><strong>Flashback : nous sommes en janvier 2022 sur<br \/>\nInstagram.<\/strong> Emma Watson cr\u00e9e la pol\u00e9mique en publiant une<br \/>\nphoto sur son compte personnel et certifi\u00e9. Non, il ne s\u2019agit pas<br \/>\nd\u2019un clich\u00e9 sexy. Ce n\u2019est pas non plus une photo compromettante de<br \/>\nses ex-camarades d\u2019Harry Potter, <strong>Daniel<br \/>\nRadcliffe<\/strong> et <strong>Rupert Grint<\/strong>, alias Harry et<br \/>\nRon. <strong>En r\u00e9alit\u00e9, l&rsquo;interpr\u00e8te d&rsquo;Hermione Granger, toujours<br \/>\naussi engag\u00e9e, et pas uniquement pour la cause des femmes, affiche<br \/>\nson soutien \u00e0 la Palestine.<\/strong><\/p>\n<blockquote class=\"instagram-media\" style=\"background: #ffffff;border: 0;margin: 1px;width: 100%;padding: 0;max-width: 500px;\" data-instgrm-permalink=\"https:\/\/www.instagram.com\/p\/CYPyQZcvfLN\/?utm_source=ig_embed\" data-instgrm-version=\"14\"\/>\n<p>On peut voir sur le clich\u00e9 un rassemblement de manifestants<br \/>\nappelant \u00e0 l&rsquo;ind\u00e9pendance de la Palestine \u00e0 ce moment-l\u00e0. Emma<br \/>\nWatson y ajoute une citation d\u2019une philosophe contemporaine,<br \/>\n<strong>Sara Ahmed<\/strong>. Ici, il s\u2019agit avant tout d\u2019un<br \/>\nrepartage de photo provenant d&rsquo;un autre compte Insta. <strong>Et<br \/>\nnon une photo prise par la star de cin\u00e9ma.<\/strong> Mais il n\u2019en<br \/>\nfallait pas plus pour susciter la controverse, notori\u00e9t\u00e9 mondiale<br \/>\nd\u2019Emma Watson oblige. <strong>Surtout aupr\u00e8s de Gilad Erdan,<br \/>\n<a href=\"https:\/\/x.com\/giladerdan1\/status\/1478029491805077505?ref_src=twsrc%5Etfw%7Ctwcamp%5Etweetembed%7Ctwterm%5E1478029491805077505%7Ctwgr%5E6f940c2de0d64cef27a4c433e4ea623dd34fdeab%7Ctwcon%5Es1_&amp;ref_url=https%3A%2F%2Fwww.bfmtv.com%2Fpeople%2Fpolemique-autour-d-une-publication-d-emma-watson-evoquant-la-palestine_AN-202201060332.html\" rel=\"nofollow\"><br \/>\nrepr\u00e9sentant permanent d&rsquo;Isra\u00ebl aux Nations unies<\/a>.<\/strong><br \/>\nCelui-ci partage la publication d\u2019Emma Watson sur<br \/>\n<strong>X<\/strong> en ajoutant un commentaire virulent : \u201cLa<br \/>\nfiction fonctionne peut-\u00eatre dans &lsquo;Harry Potter&rsquo; mais pas dans la<br \/>\nr\u00e9alit\u00e9. <strong>Si c&rsquo;\u00e9tait le cas, la magie utilis\u00e9e dans le monde<br \/>\ndes sorciers pourrait venir \u00e0 bout du mal perp\u00e9tr\u00e9 par le Hamas<br \/>\n(qui opprime les femmes et cherche \u00e0 annihiler Isra\u00ebl) et par<br \/>\nl&rsquo;Autorit\u00e9 palestinienne (qui soutient le terrorisme).<\/strong><br \/>\nVoil\u00e0 quelque chose que je soutiendrais !\u201d De son c\u00f4t\u00e9, la<br \/>\nstar de la saga Harry Potter n\u2019a pas renvoy\u00e9 la balle \u00e0<br \/>\ncelui-ci. <strong><a href=\"https:\/\/news.un.org\/fr\/story\/2025\/09\/1157475\" rel=\"nofollow noopener\" target=\"_blank\">Le 16 septembre<br \/>\n2025, une commission d\u2019enqu\u00eate de l\u2019ONU<\/a> affirme qu\u2019Isra\u00ebl<br \/>\ncommet un g\u00e9nocide \u00e0 Gaza, Palestine.<\/strong><\/p>\n<p><script async src=\"\/\/www.instagram.com\/embed.js\"><\/script><\/p>\n","protected":false},"excerpt":{"rendered":"Emma Watson reste encore, plus de 20 ans apr\u00e8s le premier film Harry Potter, l\u2019interpr\u00e8te d\u2019Hermione Granger. Un&hellip;\n","protected":false},"author":2,"featured_media":405537,"comment_status":"","ping_status":"","sticky":false,"template":"","format":"standard","meta":{"footnotes":""},"categories":[1354],"tags":[58,39325,59,1346,1011,27,1360],"class_list":{"0":"post-405536","1":"post","2":"type-post","3":"status-publish","4":"format-standard","5":"has-post-thumbnail","7":"category-films","8":"tag-divertissement","9":"tag-emma-watson","10":"tag-entertainment","11":"tag-films","12":"tag-fr","13":"tag-france","14":"tag-movies"},"share_on_mastodon":{"url":"https:\/\/pubeurope.com\/@fr\/115238303533688178","error":""},"_links":{"self":[{"href":"https:\/\/www.europesays.com\/fr\/wp-json\/wp\/v2\/posts\/405536","targetHints":{"allow":["GET"]}}],"collection":[{"href":"https:\/\/www.europesays.com\/fr\/wp-json\/wp\/v2\/posts"}],"about":[{"href":"https:\/\/www.europesays.com\/fr\/wp-json\/wp\/v2\/types\/post"}],"author":[{"embeddable":true,"href":"https:\/\/www.europesays.com\/fr\/wp-json\/wp\/v2\/users\/2"}],"replies":[{"embeddable":true,"href":"https:\/\/www.europesays.com\/fr\/wp-json\/wp\/v2\/comments?post=405536"}],"version-history":[{"count":0,"href":"https:\/\/www.europesays.com\/fr\/wp-json\/wp\/v2\/posts\/405536\/revisions"}],"wp:featuredmedia":[{"embeddable":true,"href":"https:\/\/www.europesays.com\/fr\/wp-json\/wp\/v2\/media\/405537"}],"wp:attachment":[{"href":"https:\/\/www.europesays.com\/fr\/wp-json\/wp\/v2\/media?parent=405536"}],"wp:term":[{"taxonomy":"category","embeddable":true,"href":"https:\/\/www.europesays.com\/fr\/wp-json\/wp\/v2\/categories?post=405536"},{"taxonomy":"post_tag","embeddable":true,"href":"https:\/\/www.europesays.com\/fr\/wp-json\/wp\/v2\/tags?post=405536"}],"curies":[{"name":"wp","href":"https:\/\/api.w.org\/{rel}","templated":true}]}}