{"id":405538,"date":"2025-09-20T19:35:08","date_gmt":"2025-09-20T19:35:08","guid":{"rendered":"https:\/\/www.europesays.com\/fr\/405538\/"},"modified":"2025-09-20T19:35:08","modified_gmt":"2025-09-20T19:35:08","slug":"symptomes-contagion-ce-que-lon-sait-du-variant-frankenstein-majoritaire-en-france","status":"publish","type":"post","link":"https:\/\/www.europesays.com\/fr\/405538\/","title":{"rendered":"sympt\u00f4mes, contagion\u2026 ce que l&rsquo;on sait du variant \u00ab\u00a0Frankenstein\u00a0\u00bb, majoritaire en France"},"content":{"rendered":"<p>            Par<br \/>\n        <strong><br \/>\n            <a href=\"https:\/\/actu.fr\/auteur\/redaction-actu\" title=\"Consulter tous les articles de R\u00e9daction Actu\" target=\"_blank\" rel=\"noopener\">R\u00e9daction Actu<\/a><br \/>\n        <\/strong><\/p>\n<p>        Publi\u00e9 le<\/p>\n<p>            20 sept. 2025 \u00e0 19h28        <\/p>\n<p>On le surnomme \u00ab\u2009Frankenstein\u2009\u00bb. Non pas qu\u2019il ressemble \u00e0 la terrible cr\u00e9ature du savant fou de Mary Shelley. Mais bien parce qu\u2019il est le produit de plusieurs souches de Covid. Son v\u00e9ritable nom\u2009? Le variant XFG, ou Stratus.<\/p>\n<p class=\" wall-content\">Cette nouvelle forme du <a href=\"https:\/\/actu.fr\/societe\/coronavirus\" target=\"_blank\" rel=\"noopener\">Covid-19<\/a> s\u2019av\u00e8re particuli\u00e8rement communicative, comme le confirme Antoine Flahault, professeur de sant\u00e9 publique \u00e0 l\u2019universit\u00e9 de Gen\u00e8ve, contact\u00e9 par\u00a0actu.fr.<\/p>\n<p class=\" wall-content\">\u00ab\u2009Ce variant est <strong>si contagieux qu\u2019il se propage dans le monde<\/strong>, m\u00eame au c\u0153ur de l\u2019\u00e9t\u00e9.\u2009\u00bb Il faut d\u2019ailleurs remonter au d\u00e9but de la saison estivale pour voir de nombreux m\u00e9dias en parler.<\/p>\n<p>Recrudescence de Covid<\/p>\n<p class=\" wall-content\">Le variant est responsable de la <a href=\"https:\/\/actu.fr\/societe\/coronavirus\/une-nouvelle-vague-de-covid-19-a-craindre-en-france-comment-expliquer-la-reprise-epidemique_63109309.html\" target=\"_blank\" rel=\"noopener\">recrudescence de Covid-19<\/a>, observ\u00e9e depuis plusieurs semaines en France hexagonale. Une vague, a priori moins importante que les pr\u00e9c\u00e9dentes, mais qui pourrait tout de m\u00eame se poursuivre durant l\u2019automne, jusqu\u2019au d\u00e9but de l\u2019hiver.<\/p>\n<p class=\" wall-content\">\u00ab\u2009Les mutations de la prot\u00e9ine spike au niveau des acides amin\u00e9s 478 et 487 favorisent l\u2019\u00e9vitement des anticorps\u2009\u00bb, d\u00e9taille <a href=\"https:\/\/www.who.int\/publications\/m\/item\/risk-evaluation-for-sars-cov-2-variant-under-monitoring-xfg\" target=\"_blank\" rel=\"noopener\">l\u2019Organisation mondiale de la Sant\u00e9<\/a> (OMS), qui a ajout\u00e9 le variant XFG \u00e0 sa liste de surveillance, le 25\u00a0juin dernier.<\/p>\n<p class=\" wall-content\">Selon Antoine Flahault, les sympt\u00f4mes rapport\u00e9s ne sont pas diff\u00e9rents de ceux que l\u2019on a connus jusqu\u2019ici. On observe \u00ab\u2009une <strong>infection de l\u2019arbre respiratoire sup\u00e9rieur<\/strong> (toux, rhinorrh\u00e9e, maux de gorge), rarement une perte du go\u00fbt et\/ou de l\u2019odorat\u2009\u00bb.<\/p>\n<blockquote class=\"ac-article-quote wall-content\">\n<p>Les complications s\u00e9v\u00e8res sont rares, mais peuvent survenir chez les personnes dont l\u2019immunit\u00e9 est d\u00e9faillante, notamment les personnes tr\u00e8s \u00e2g\u00e9es, les nourrissons et les femmes enceintes, mais aussi les personnes immunod\u00e9prim\u00e9es par leur maladie ou leurs m\u00e9dicaments.<\/p>\n<p>    <strong>Antoine Flahault<\/strong><br \/>\n        Professeur de sant\u00e9 publique \u00e0 l&rsquo;universit\u00e9 de Gen\u00e8ve    <\/p><\/blockquote>\n<p>Votre r\u00e9gion, votre actu !<\/p>\n<p>Recevez chaque jour les infos qui comptent pour vous.<\/p>\n<p>\t<a href=\"https:\/\/actu.fr\/newsletter\" class=\"ac-btn ac-btn--corner ac-btn--medium ac-btn--blue800\" target=\"_blank\" rel=\"noopener\">S&rsquo;incrire<\/a><br \/>\nPorter le vaccin ou se faire vacciner<\/p>\n<p class=\" wall-content\">Certaines formes persistantes peuvent tout de m\u00eame appara\u00eetre. Vigilance donc pour les personnes les plus sensibles.<\/p>\n<p class=\" wall-content\">D\u2019ailleurs, pour les plus fragiles, mais aussi les autres, un r\u00e9flexe \u00e0 r\u00e9-adopter\u2009: le <strong>port du masque FFP2<\/strong> dans des milieux mal ventil\u00e9s. Il est \u00e9galement possible de se faire vacciner. La campagne de vaccination d\u00e9bute \u00e0 partir du 14\u00a0octobre, en m\u00eame temps que la grippe. De quoi \u00eatre par\u00e9 pour l\u2019hiver.<\/p>\n<p class=\" wall-content\">Personnalisez votre actualit\u00e9 en ajoutant vos villes et m\u00e9dias en favori avec <a href=\"https:\/\/moncompte.actu.fr\" title=\"D\u00e9couvez Mon Actu\" rel=\"nofollow noopener\" data-trk=\"{&quot;cta&quot;:{&quot;action&quot;:&quot;https:\\\/\\\/moncompte.actu.fr&quot;,&quot;category&quot;:&quot;mon compte&quot;,&quot;from&quot;:&quot;article footer&quot;,&quot;name&quot;:&quot;Mon actu&quot;,&quot;type&quot;:&quot;cta&quot;}}\" target=\"_blank\">Mon Actu<\/a>.<\/p>\n","protected":false},"excerpt":{"rendered":"Par R\u00e9daction Actu Publi\u00e9 le 20 sept. 2025 \u00e0 19h28 On le surnomme \u00ab\u2009Frankenstein\u2009\u00bb. Non pas qu\u2019il ressemble&hellip;\n","protected":false},"author":2,"featured_media":405539,"comment_status":"","ping_status":"","sticky":false,"template":"","format":"standard","meta":{"footnotes":""},"categories":[10],"tags":[4356,4400,1011,27,72,71,104],"class_list":{"0":"post-405538","1":"post","2":"type-post","3":"status-publish","4":"format-standard","5":"has-post-thumbnail","7":"category-sante","8":"tag-coronavirus","9":"tag-covid","10":"tag-fr","11":"tag-france","12":"tag-health","13":"tag-sante","14":"tag-societe"},"share_on_mastodon":{"url":"https:\/\/pubeurope.com\/@fr\/115238307312139012","error":""},"_links":{"self":[{"href":"https:\/\/www.europesays.com\/fr\/wp-json\/wp\/v2\/posts\/405538","targetHints":{"allow":["GET"]}}],"collection":[{"href":"https:\/\/www.europesays.com\/fr\/wp-json\/wp\/v2\/posts"}],"about":[{"href":"https:\/\/www.europesays.com\/fr\/wp-json\/wp\/v2\/types\/post"}],"author":[{"embeddable":true,"href":"https:\/\/www.europesays.com\/fr\/wp-json\/wp\/v2\/users\/2"}],"replies":[{"embeddable":true,"href":"https:\/\/www.europesays.com\/fr\/wp-json\/wp\/v2\/comments?post=405538"}],"version-history":[{"count":0,"href":"https:\/\/www.europesays.com\/fr\/wp-json\/wp\/v2\/posts\/405538\/revisions"}],"wp:featuredmedia":[{"embeddable":true,"href":"https:\/\/www.europesays.com\/fr\/wp-json\/wp\/v2\/media\/405539"}],"wp:attachment":[{"href":"https:\/\/www.europesays.com\/fr\/wp-json\/wp\/v2\/media?parent=405538"}],"wp:term":[{"taxonomy":"category","embeddable":true,"href":"https:\/\/www.europesays.com\/fr\/wp-json\/wp\/v2\/categories?post=405538"},{"taxonomy":"post_tag","embeddable":true,"href":"https:\/\/www.europesays.com\/fr\/wp-json\/wp\/v2\/tags?post=405538"}],"curies":[{"name":"wp","href":"https:\/\/api.w.org\/{rel}","templated":true}]}}