{"id":405540,"date":"2025-09-20T19:36:17","date_gmt":"2025-09-20T19:36:17","guid":{"rendered":"https:\/\/www.europesays.com\/fr\/405540\/"},"modified":"2025-09-20T19:36:17","modified_gmt":"2025-09-20T19:36:17","slug":"blas-maestro-el-arabi-sauveur-hateboer-plombe-les-tops-et-flops-du-derby","status":"publish","type":"post","link":"https:\/\/www.europesays.com\/fr\/405540\/","title":{"rendered":"Blas maestro, El Arabi sauveur, Hateboer plomb\u00e9&#8230; Les tops et flops du derby"},"content":{"rendered":"<p>Rennes et Nantes se neutralisent dans le derby breton avec une \u00e9galisation en fin de match des Canaris. Retrouvez les tops et flops de cette rencontre.<\/p>\n<p class=\"fig-paragraph\">TOPS<\/p>\n<p>Blas, chef d\u2019orchestre<\/p>\n<p class=\"fig-paragraph\">Face \u00e0 son ancien club, Ludovic Blas a r\u00e9alis\u00e9\u00a0<a href=\"http:\/\/www.lefigaro.fr\/sports\/football\/ligue-1\/ligue-1-a-la-derniere-seconde-nantes-arrache-le-match-nul-dans-le-derby-face-a-rennes-20250920\" data-fig-type=\"NewsFlash\" data-gtm-custom-categorie=\"navigation\" data-gtm-custom-action=\"crossclick\" data-gtm-custom-label=\"Contextuel\" data-gtm-event=\"customEventSPE\" data-fig-domain=\"LEFIGARO\" rel=\"nofollow noopener\" target=\"_blank\">un tr\u00e8s bon match.\u00a0<\/a>C\u2019est lui qui ouvre le score sur p\u00e9nalty pour les Rennais. Le num\u00e9ro 10 est aussi \u00e0 l\u2019origine du second but, avant dernier passeur. Toujours bien plac\u00e9 et juste dans ses choix, il a illumin\u00e9 le jeu offensif de son \u00e9quipe.<\/p>\n<p>                                    <a class=\"fig-a11y-skip a11y-hidden\" href=\"#fig-a11y-skip-main-inarticle\"><br \/>\n        Passer la publicit\u00e9<br \/>\n    <\/a><\/p>\n<p>Fofana, infatigable au milieu<\/p>\n<p class=\"fig-paragraph\">Pour son retour dans le onze, Seko Fofana a montr\u00e9 qu\u2019il \u00e9tait au niveau. L\u2019Ivoirien a livr\u00e9 une prestation pleine en intensit\u00e9. R\u00e9cup\u00e9rations, impact physique, relances propres\u00a0: il a \u00e9t\u00e9 le v\u00e9ritable moteur de son \u00e9quipe. Il a m\u00eame failli marquer un but apr\u00e8s une frappe arr\u00eat\u00e9e par Lopes.<\/p>\n<p>El Arabi, le sauveur<\/p>\n<p class=\"fig-paragraph\">Entr\u00e9 \u00e0 la 82e minute, il a v\u00e9ritablement chang\u00e9 le cours de la rencontre. C\u2019est lui qui provoque le p\u00e9nalty (90+1) malheureusement repouss\u00e9 par Brice Samba. Le Marocain arrache l\u2019\u00e9galisation en fin de rencontre et permet aux siens de prendre un point dans ce derby. Une entr\u00e9e pleine de caract\u00e8re, \u00e0 l\u2019image des autres entrants comme Benhattab et Tabibou, qui change le destin d\u2019une rencontre.<strong>\u00a0<\/strong><\/p>\n<p class=\"fig-paragraph\">FLOPS<\/p>\n<p>Une attaque nantaise trop muette<strong>\u00a0<\/strong><\/p>\n<p class=\"fig-paragraph\">Hormis El Arabi, le secteur offensif nantais est rest\u00e9 transparent surtout en premi\u00e8re p\u00e9riode. Mohamed rate un face-\u00e0-face avec Samba en tout d\u00e9but de match, puis s\u2019est \u00e9teint au fil des minutes. Matthis Abline, lui, rate le p\u00e9nalty \u00e0 la 91e. Peu de combinaisons, des occasions g\u00e2ch\u00e9es et une influence pas \u00e0 la hauteur d\u2019un derby.<\/p>\n<p>Entr\u00e9e cauchemardesque d\u2019Hateboer<\/p>\n<p class=\"fig-paragraph\">Ind\u00e9sirable en d\u00e9but de saison, le N\u00e9erlandais faisait son retour dans le groupe. Un retour cauchemar pour le d\u00e9fenseur de 31 ans. C\u2019est lui qui commet la faute sur El Arabi dans la surface. Heureusement pour lui, Samba repousse le p\u00e9nalty. Il est aussi fautif sur l\u2019\u00e9galisation nantaise. Un passage sur la pelouse d\u00e9sastreux. Une soir\u00e9e \u00e0 oublier tr\u00e8s vite.<\/p>\n","protected":false},"excerpt":{"rendered":"Rennes et Nantes se neutralisent dans le derby breton avec une \u00e9galisation en fin de match des Canaris.&hellip;\n","protected":false},"author":2,"featured_media":405541,"comment_status":"","ping_status":"","sticky":false,"template":"","format":"standard","meta":{"footnotes":""},"categories":[9],"tags":[1011,27,40714,766,60,3087],"class_list":{"0":"post-405540","1":"post","2":"type-post","3":"status-publish","4":"format-standard","5":"has-post-thumbnail","7":"category-sports","8":"tag-fr","9":"tag-france","10":"tag-ludovic-blas","11":"tag-nantes","12":"tag-sports","13":"tag-stade-rennais"},"share_on_mastodon":{"url":"https:\/\/pubeurope.com\/@fr\/115238311344913623","error":""},"_links":{"self":[{"href":"https:\/\/www.europesays.com\/fr\/wp-json\/wp\/v2\/posts\/405540","targetHints":{"allow":["GET"]}}],"collection":[{"href":"https:\/\/www.europesays.com\/fr\/wp-json\/wp\/v2\/posts"}],"about":[{"href":"https:\/\/www.europesays.com\/fr\/wp-json\/wp\/v2\/types\/post"}],"author":[{"embeddable":true,"href":"https:\/\/www.europesays.com\/fr\/wp-json\/wp\/v2\/users\/2"}],"replies":[{"embeddable":true,"href":"https:\/\/www.europesays.com\/fr\/wp-json\/wp\/v2\/comments?post=405540"}],"version-history":[{"count":0,"href":"https:\/\/www.europesays.com\/fr\/wp-json\/wp\/v2\/posts\/405540\/revisions"}],"wp:featuredmedia":[{"embeddable":true,"href":"https:\/\/www.europesays.com\/fr\/wp-json\/wp\/v2\/media\/405541"}],"wp:attachment":[{"href":"https:\/\/www.europesays.com\/fr\/wp-json\/wp\/v2\/media?parent=405540"}],"wp:term":[{"taxonomy":"category","embeddable":true,"href":"https:\/\/www.europesays.com\/fr\/wp-json\/wp\/v2\/categories?post=405540"},{"taxonomy":"post_tag","embeddable":true,"href":"https:\/\/www.europesays.com\/fr\/wp-json\/wp\/v2\/tags?post=405540"}],"curies":[{"name":"wp","href":"https:\/\/api.w.org\/{rel}","templated":true}]}}