{"id":405548,"date":"2025-09-20T19:40:28","date_gmt":"2025-09-20T19:40:28","guid":{"rendered":"https:\/\/www.europesays.com\/fr\/405548\/"},"modified":"2025-09-20T19:40:28","modified_gmt":"2025-09-20T19:40:28","slug":"quelles-seront-les-consequences-de-la-decision-demmanuel-macron","status":"publish","type":"post","link":"https:\/\/www.europesays.com\/fr\/405548\/","title":{"rendered":"quelles seront les cons\u00e9quences de la d\u00e9cision d&rsquo;Emmanuel Macron ?"},"content":{"rendered":"<p class=\"article-p mdl\">Emmanuel Macron doit annoncer ce lundi 22 septembre, \u00e0 l\u2019Assembl\u00e9e g\u00e9n\u00e9rale de l\u2019ONU \u00e0 New York, la reconnaissance de l\u2019\u00c9tat de Palestine par la France. Le pr\u00e9sident esp\u00e8re donner un nouvel \u00e9lan au processus de paix <strong>et relancer l\u2019hypoth\u00e8se d\u2019une solution \u00e0 deux \u00c9tats<\/strong>. Selon une source diplomatique, Paris s\u2019appr\u00eate \u00e0 reconna\u00eetre les fronti\u00e8res de 1967.<\/p>\n<p class=\"article-p mdl\">Mais qu\u2019est-ce qui d\u00e9finit un \u00c9tat ? Contrairement aux id\u00e9es re\u00e7ues, il ne suffit pas d\u2019avoir un drapeau et\u00a0<a class=\"link\" href=\"https:\/\/www.rtl.fr\/actu\/debats-societe\/la-marseillaise-a-230-ans-d-ou-vient-le-nom-de-l-hymne-national-francais-7900148505\" target=\"_blank\" rel=\"noopener\">un hymne national<\/a>. L\u2019ONU s\u2019appuie sur la convention de Montevideo de 1933, qui fixe quatre crit\u00e8res pour d\u00e9finir un \u00c9tat souverain. Celui-ci doit disposer <strong>d\u2019un territoire d\u00e9limit\u00e9 par des fronti\u00e8res<\/strong>, d\u2019une population permanente, d\u2019un gouvernement capable d\u2019exercer son autorit\u00e9 et d\u2019une capacit\u00e9 \u00e0 entretenir des relations diplomatiques avec d\u2019autres \u00c9tats.<\/p>\n<p class=\"article-p mdl\">La reconnaissance internationale ne fait pas partie de ces crit\u00e8res. Un \u00c9tat peut exister sans \u00eatre reconnu par la communaut\u00e9 internationale. L\u2019Afghanistan, par exemple, remplit toutes les conditions, mais\u00a0<a class=\"link\" href=\"https:\/\/www.rtl.fr\/actu\/international\/afghanistan-quels-sont-les-pays-prets-a-collaborer-avec-les-talibans-7900061629\" target=\"_blank\" rel=\"noopener\">le r\u00e9gime taliban n\u2019a \u00e9t\u00e9 reconnu que par la Russie<\/a>.\u00a0<\/p>\n<p class=\"article-p mdl\"><a class=\"link\" href=\"https:\/\/www.rtl.fr\/actu\/international\/reconnaissance-de-l-etat-palestinien-combien-de-pays-l-ont-deja-fait-7900498693\" target=\"_blank\" rel=\"noopener\">La Palestine<\/a>, de son c\u00f4t\u00e9, a proclam\u00e9 son ind\u00e9pendance <strong>en 1988<\/strong> et dispose d\u2019un territoire, d\u2019une population, d\u2019un gouvernement et de repr\u00e9sentations diplomatiques. Elle n\u2019est pourtant<strong> pas membre de l\u2019ONU<\/strong>. La reconnaissance internationale n\u2019est donc pas indispensable, mais elle reste essentielle pour permettre \u00e0 un \u00c9tat de participer \u00e0 des accords et de faciliter ses relations avec les autres pays.<\/p>\n<p>            Pays et \u00c9tat : une distinction essentielle<\/p>\n<p class=\"article-p mdl\">Devenir membre de l\u2019ONU suppose de suivre une proc\u00e9dure stricte. Une demande officielle doit \u00eatre d\u00e9pos\u00e9e aupr\u00e8s du secr\u00e9taire g\u00e9n\u00e9ral des Nations unies. Le Conseil de s\u00e9curit\u00e9 examine ensuite cette candidature : il faut recueillir neuf voix sur quinze <strong>et \u00e9viter tout veto d\u2019un membre permanent<\/strong>. Le veto am\u00e9ricain\u00a0<a class=\"link\" href=\"https:\/\/www.rtl.fr\/actu\/international\/onu-les-palestiniens-relancent-la-procedure-pour-devenir-etat-membre-7900369466\" target=\"_blank\" rel=\"noopener\">bloque ainsi l\u2019adh\u00e9sion de la Palestine<\/a>.\u00a0<\/p>\n<p class=\"article-p mdl\">L\u2019\u00e9tape finale est soumise \u00e0<strong> l\u2019Assembl\u00e9e g\u00e9n\u00e9rale,<\/strong> o\u00f9 une majorit\u00e9 des deux tiers est n\u00e9cessaire pour devenir membre \u00e0 part enti\u00e8re. Dans le langage courant, les termes \u00ab\u00a0\u00c9tat\u00a0\u00bb et \u00ab\u00a0pays\u00a0\u00bb sont souvent utilis\u00e9s comme des synonymes.\u00a0<\/p>\n<p class=\"article-p mdl\">Pourtant, le pays d\u00e9signe avant tout un territoire et la population qui y vit, tandis que l\u2019\u00c9tat peut signer, par exemple, un accord environnemental.\u00a0<\/p>\n<p>            Quelles cons\u00e9quences attendre de la reconnaissance par la France d&rsquo;un \u00c9tat palestinien<\/p>\n<p class=\"article-p mdl\">\u00a0La reconnaissance d&rsquo;un \u00c9tat ne d\u00e9pend d&rsquo;aucun vote au Parlement fran\u00e7ais, d&rsquo;aucune consultation des citoyens, ni m\u00eame d&rsquo;une proc\u00e9dure internationale au sein des Nations Unies. Il s&rsquo;agit d&rsquo;une d\u00e9cision unilat\u00e9rale du pr\u00e9sident de la R\u00e9publique. La politique \u00e9trang\u00e8re est<strong> l&rsquo;un des domaines r\u00e9serv\u00e9s du chef de l&rsquo;\u00c9tat en France<\/strong>. C&rsquo;est donc Emmanuel Macron qui a choisi de reconna\u00eetre la Palestine.<\/p>\n<p><a class=\"link\" href=\"https:\/\/www.rtl.fr\/actu\/international\/reconnaissance-de-l-etat-de-palestine-en-coulisses-les-diplomates-francais-s-activent-pour-batir-un-avenir-a-gaza-7900543187\" title=\"Reconnaissance de l&#039;\u00c9tat de Palestine : en coulisses, les diplomates fran\u00e7ais s&#039;activent pour b\u00e2tir un avenir \u00e0 Gaza\" target=\"_blank\" rel=\"noopener\">Il s&rsquo;exprimera \u00e0 la tribune des Nations Unies<\/a>\u00a0devant les chefs d&rsquo;\u00c9tat, les chefs de gouvernement ou les repr\u00e9sentants des 193 \u00c9tats membres. La r\u00e9sonance est mondiale. Le pr\u00e9sident fran\u00e7ais esp\u00e8re ainsi<strong> redonner de l&rsquo;\u00e9lan au processus de paix<\/strong>, mettre fin \u00e0 cette guerre qui a fait 65.000 morts et relancer l&rsquo;hypoth\u00e8se d&rsquo;une solution \u00e0 deux \u00c9tats. Isra\u00ebl et Palestine c\u00f4te \u00e0 c\u00f4te. L&rsquo;objectif est \u00e9galement de faire un effet de levier, nous explique une source diplomatique, afin que d&rsquo;autres pays, notamment occidentaux, reconnaissent la Palestine.<\/p>\n<p>La France va d&rsquo;abord reconna\u00eetre un territoire et des fronti\u00e8res, celles de 1967 \u00e9tablies apr\u00e8s la guerre des six jours. Il s&rsquo;agit notamment de la bande de Gaza, de la Cisjordanie et de J\u00e9rusalem-Est comme capitale. Paris va ensuite reconna\u00eetre la souverainet\u00e9 de l&rsquo;autorit\u00e9 palestinienne et les relations diplomatiques vont se normaliser.\u00a0<\/p>\n<p>    Que demande la France \u00e0 la Palestine en cas de reconnaissance ?<\/p>\n<p class=\"article-p mdl\">Mais tout cela est bien s\u00fbr soumis \u00e0 des conditions, nous affirme la diplomatie fran\u00e7aise. Un cessez-le-feu imm\u00e9diat, le d\u00e9sarmement et l&rsquo;exclusion du Hamas de tout processus, la lib\u00e9ration de tous les otages et la fin de l&rsquo;incitation \u00e0 la haine dans les \u00e9coles. <strong>La France va \u00e9galement appeler \u00e0 des \u00e9lections pr\u00e9sidentielles et l\u00e9gislatives<\/strong> l&rsquo;ann\u00e9e prochaine pour esp\u00e9rer \u00e9tablir une nouvelle autorit\u00e9 palestinienne qui reconnaisse l&rsquo;existence de l&rsquo;\u00c9tat d&rsquo;Isra\u00ebl.<\/p>\n<p>Pour la Palestine, cette annonce est surtout symbolique et peut-\u00eatre un pas de plus vers l&rsquo;int\u00e9gration \u00e0 l&rsquo;Organisation des Nations Unies. Pr\u00e8s de 150 pays reconnaissent d\u00e9sormais l&rsquo;\u00c9tat palestinien. La plupart ont sign\u00e9 la semaine pass\u00e9e <strong>la d\u00e9claration de New York,<\/strong> texte port\u00e9 par la France et l&rsquo;Arabie Saoudite pour une solution \u00e0 deux \u00c9tats. Mais impossible de devenir membre de l&rsquo;ONU sans l&rsquo;aval du Conseil de s\u00e9curit\u00e9. J<strong>usqu&rsquo;ici, les \u00c9tats-Unis ont toujours oppos\u00e9 leur veto.<\/strong><\/p>\n<p>    La r\u00e9daction vous recommande<\/p>\n<p class=\"s-newsletter__title\">\n                L\u2019actualit\u00e9 par la r\u00e9daction de RTL dans votre bo\u00eete mail.\n            <\/p>\n<p class=\"s-newsletter__subtitle\">\n                Gr\u00e2ce \u00e0 votre compte RTL abonnez-vous \u00e0 la newsletter RTL info pour suivre toute l&rsquo;actualit\u00e9 au quotidien\n            <\/p>\n<p>\n                                    Lire la suite\n                                <\/p>\n","protected":false},"excerpt":{"rendered":"Emmanuel Macron doit annoncer ce lundi 22 septembre, \u00e0 l\u2019Assembl\u00e9e g\u00e9n\u00e9rale de l\u2019ONU \u00e0 New York, la reconnaissance&hellip;\n","protected":false},"author":2,"featured_media":405549,"comment_status":"","ping_status":"","sticky":false,"template":"","format":"standard","meta":{"footnotes":""},"categories":[5],"tags":[11,3259,1073,107,1011,27,14,12,3521,3518,362,28],"class_list":{"0":"post-405548","1":"post","2":"type-post","3":"status-publish","4":"format-standard","5":"has-post-thumbnail","7":"category-international","8":"tag-actualites","9":"tag-conflit-israelo-palestinien","10":"tag-emmanuel-macron","11":"tag-fil-info","12":"tag-fr","13":"tag-france","14":"tag-international","15":"tag-news","16":"tag-onu","17":"tag-palestine","18":"tag-replay","19":"tag-world"},"share_on_mastodon":{"url":"https:\/\/pubeurope.com\/@fr\/115238327027237102","error":""},"_links":{"self":[{"href":"https:\/\/www.europesays.com\/fr\/wp-json\/wp\/v2\/posts\/405548","targetHints":{"allow":["GET"]}}],"collection":[{"href":"https:\/\/www.europesays.com\/fr\/wp-json\/wp\/v2\/posts"}],"about":[{"href":"https:\/\/www.europesays.com\/fr\/wp-json\/wp\/v2\/types\/post"}],"author":[{"embeddable":true,"href":"https:\/\/www.europesays.com\/fr\/wp-json\/wp\/v2\/users\/2"}],"replies":[{"embeddable":true,"href":"https:\/\/www.europesays.com\/fr\/wp-json\/wp\/v2\/comments?post=405548"}],"version-history":[{"count":0,"href":"https:\/\/www.europesays.com\/fr\/wp-json\/wp\/v2\/posts\/405548\/revisions"}],"wp:featuredmedia":[{"embeddable":true,"href":"https:\/\/www.europesays.com\/fr\/wp-json\/wp\/v2\/media\/405549"}],"wp:attachment":[{"href":"https:\/\/www.europesays.com\/fr\/wp-json\/wp\/v2\/media?parent=405548"}],"wp:term":[{"taxonomy":"category","embeddable":true,"href":"https:\/\/www.europesays.com\/fr\/wp-json\/wp\/v2\/categories?post=405548"},{"taxonomy":"post_tag","embeddable":true,"href":"https:\/\/www.europesays.com\/fr\/wp-json\/wp\/v2\/tags?post=405548"}],"curies":[{"name":"wp","href":"https:\/\/api.w.org\/{rel}","templated":true}]}}