{"id":405550,"date":"2025-09-20T19:41:11","date_gmt":"2025-09-20T19:41:11","guid":{"rendered":"https:\/\/www.europesays.com\/fr\/405550\/"},"modified":"2025-09-20T19:41:11","modified_gmt":"2025-09-20T19:41:11","slug":"arme-dun-hachoir-un-homme-tue-par-la-police","status":"publish","type":"post","link":"https:\/\/www.europesays.com\/fr\/405550\/","title":{"rendered":"arm\u00e9 d&rsquo;un hachoir, un homme tu\u00e9 par la police"},"content":{"rendered":"<p>Les policiers ont fait \u00abau moins trois fois\u00bb usage de leur pistolet \u00e0 impulsion \u00e9lectrique pour tenter, en vain, de ma\u00eetriser le quinquag\u00e9naire qui tenait des propos incoh\u00e9rents tout en fon\u00e7ant sur eux.<\/p>\n<p class=\"fig-paragraph\">Un homme de 58 ans, qui s&rsquo;\u00e9tait retranch\u00e9 chez lui en Seine-et-Marne, a \u00e9t\u00e9 tu\u00e9 vendredi soir par la police dont il avait\u00a0<a href=\"http:\/\/www.lefigaro.fr\/faits-divers\/californie-un-jeune-homme-de-19-ans-meurt-apres-etre-tombe-dans-un-hachoir-a-viande-20250715\" data-fig-type=\"NewsFlash\" data-gtm-custom-categorie=\"navigation\" data-gtm-custom-action=\"crossclick\" data-gtm-custom-label=\"Contextuel\" data-gtm-event=\"customEventSPE\" data-fig-domain=\"LEFIGARO\" rel=\"nofollow noopener\" target=\"_blank\">menac\u00e9 les agents avec un hachoir<\/a>, a indiqu\u00e9 le 20 septembre \u00e0 l&rsquo;AFP le procureur de Fontainebleau.<\/p>\n<p class=\"fig-paragraph\">En d\u00e9but de soir\u00e9e, des habitants de Souppes-sur-Loing (Seine-et-Marne) ont sollicit\u00e9 la police, inqui\u00e9t\u00e9s par le comportement de leur voisin, qui \u00abdepuis sa fen\u00eatre prof\u00e9rait des menaces de mort sur une personne qui aurait \u00e9t\u00e9 \u00e0 l&rsquo;int\u00e9rieur avec lui\u00bb, a expliqu\u00e9 le procureur Arnaud Faug\u00e8re.<\/p>\n<p>                                    <a class=\"fig-a11y-skip a11y-hidden\" href=\"#fig-a11y-skip-main-inarticle\"><br \/>\n        Passer la publicit\u00e9<br \/>\n    <\/a><\/p>\n<p>Propos incoh\u00e9rents<\/p>\n<p class=\"fig-paragraph\">Selon lui, de \u00abnombreux effectifs\u00bb de police ont \u00e9t\u00e9 mobilis\u00e9s et \u00absont rentr\u00e9s s\u00e9rieusement prot\u00e9g\u00e9s en une colonne par l&rsquo;avant du logement et une seconde \u00e0 l&rsquo;arri\u00e8re\u00bb. \u00c0 l\u2019int\u00e9rieur du pavillon, les policiers se sont retrouv\u00e9s face \u00ab\u00e0 un homme extr\u00eamement agit\u00e9, brandissant un\u00a0<a href=\"http:\/\/www.lefigaro.fr\/actualite-france\/attaque-au-hachoir-visant-charlie-hebdo-en-2020-assises-requises-pour-six-hommes-dont-l-assaillant-20240307\" data-fig-type=\"NewsFlash\" data-gtm-custom-categorie=\"navigation\" data-gtm-custom-action=\"crossclick\" data-gtm-custom-label=\"Contextuel\" data-gtm-event=\"customEventSPE\" data-fig-domain=\"LEFIGARO\" rel=\"nofollow noopener\" target=\"_blank\">hachoir \u00e0 la main,\u00bb<\/a> \u00a0a-t-il ajout\u00e9. Ils ont fait \u00abau moins trois fois\u00bb usage de leur pistolet \u00e0 impulsion \u00e9lectrique pour tenter, en vain, de maitriser le quinquag\u00e9naire qui tenait des propos incoh\u00e9rents tout en fon\u00e7ant sur eux, selon les explications du procureur et d&rsquo;une source proche du dossier.<\/p>\n<p class=\"fig-paragraph\">Un policier a alors tir\u00e9 une fois avec un fusil d&rsquo;assaut, touchant mortellement l&rsquo;homme au niveau de la t\u00eate, a indiqu\u00e9 le magistrat qui pr\u00e9cise que personne d&rsquo;autre ne se trouvait dans le logement. Des analyses toxicologiques sont en cours pour d\u00e9terminer si la victime, sans ant\u00e9c\u00e9dent judiciaire et au parcours de vie encore inconnu, se trouvait sous l&#8217;emprise de drogues ou d&rsquo;alcool au moment des faits.<\/p>\n<p class=\"fig-paragraph\">Deux enqu\u00eates ont \u00e9t\u00e9 ouvertes par le parquet de Fontainebleau: la premi\u00e8re pour violence volontaire avec arme sur personne d\u00e9positaire de l&rsquo;autorit\u00e9 publique (PDAP) et l&rsquo;autre pour meurtre par PDAP, confi\u00e9e conjointement \u00e0 la police judiciaire et l&rsquo;IGPN, la police des polices. Le policer auteur du tir mortel a \u00e9t\u00e9 plac\u00e9 en garde \u00e0 vue \u00e0 l&rsquo;h\u00f4pital, en \u00e9tat de choc psychologique, a indiqu\u00e9 Arnaud Faug\u00e8re. \u00abL&rsquo;id\u00e9e est de savoir s&rsquo;il a bien agi en situation de l\u00e9gitime d\u00e9fense,\u00bb a soulign\u00e9 le procureur.<\/p>\n","protected":false},"excerpt":{"rendered":"Les policiers ont fait \u00abau moins trois fois\u00bb usage de leur pistolet \u00e0 impulsion \u00e9lectrique pour tenter, en&hellip;\n","protected":false},"author":2,"featured_media":405551,"comment_status":"","ping_status":"","sticky":false,"template":"","format":"standard","meta":{"footnotes":""},"categories":[4],"tags":[11,1011,27,12,25,1937],"class_list":{"0":"post-405550","1":"post","2":"type-post","3":"status-publish","4":"format-standard","5":"has-post-thumbnail","7":"category-france","8":"tag-actualites","9":"tag-fr","10":"tag-france","11":"tag-news","12":"tag-republique-francaise","13":"tag-seine-et-marne"},"share_on_mastodon":{"url":"https:\/\/pubeurope.com\/@fr\/115238331003732871","error":""},"_links":{"self":[{"href":"https:\/\/www.europesays.com\/fr\/wp-json\/wp\/v2\/posts\/405550","targetHints":{"allow":["GET"]}}],"collection":[{"href":"https:\/\/www.europesays.com\/fr\/wp-json\/wp\/v2\/posts"}],"about":[{"href":"https:\/\/www.europesays.com\/fr\/wp-json\/wp\/v2\/types\/post"}],"author":[{"embeddable":true,"href":"https:\/\/www.europesays.com\/fr\/wp-json\/wp\/v2\/users\/2"}],"replies":[{"embeddable":true,"href":"https:\/\/www.europesays.com\/fr\/wp-json\/wp\/v2\/comments?post=405550"}],"version-history":[{"count":0,"href":"https:\/\/www.europesays.com\/fr\/wp-json\/wp\/v2\/posts\/405550\/revisions"}],"wp:featuredmedia":[{"embeddable":true,"href":"https:\/\/www.europesays.com\/fr\/wp-json\/wp\/v2\/media\/405551"}],"wp:attachment":[{"href":"https:\/\/www.europesays.com\/fr\/wp-json\/wp\/v2\/media?parent=405550"}],"wp:term":[{"taxonomy":"category","embeddable":true,"href":"https:\/\/www.europesays.com\/fr\/wp-json\/wp\/v2\/categories?post=405550"},{"taxonomy":"post_tag","embeddable":true,"href":"https:\/\/www.europesays.com\/fr\/wp-json\/wp\/v2\/tags?post=405550"}],"curies":[{"name":"wp","href":"https:\/\/api.w.org\/{rel}","templated":true}]}}