{"id":405554,"date":"2025-09-20T19:43:17","date_gmt":"2025-09-20T19:43:17","guid":{"rendered":"https:\/\/www.europesays.com\/fr\/405554\/"},"modified":"2025-09-20T19:43:17","modified_gmt":"2025-09-20T19:43:17","slug":"une-nouvelle-cheffe-a-la-baguette-cette-saison","status":"publish","type":"post","link":"https:\/\/www.europesays.com\/fr\/405554\/","title":{"rendered":"une nouvelle cheffe \u00e0 la baguette cette saison"},"content":{"rendered":"<p>Apr\u00e8s une ann\u00e9e 2024 extr\u00eamement dynamique, Ch\u0153ur Ondaine Firminy ne s\u2019est pas repos\u00e9 sur ses lauriers de centenaire. 2025 est une saison riche marqu\u00e9e par de nombreux \u00e9v\u00e9nements musicaux et conviviaux.<\/p>\n<p>Genevi\u00e8ve Dumas a c\u00e9d\u00e9 sa baguette \u00e0 Laurence Bourdin<\/p>\n<p>Genevi\u00e8ve Dumas, qui a accompagn\u00e9 le ch\u0153ur pendant plus de 20 ans, a c\u00e9d\u00e9 sa baguette de cheffe \u00e0 Laurence Bourdin, musicienne, chanteuse et enseignante. La transition s\u2019est faite ais\u00e9ment parce qu\u2019elle a \u00e9t\u00e9 pr\u00e9par\u00e9e pendant pr\u00e8s d\u2019une ann\u00e9e. Le r\u00e9pertoire restera dans le m\u00eame registre, musique sacr\u00e9e et profane classique et contemporaine et musique du monde. \u00ab\u00a0Il faut s\u2019apprivoiser avec le ch\u0153ur, je souhaite valoriser le potentiel et non imposer mes projets\u00a0\u00bb, confie Laurence Bourdin. Pour cela, elle peut&#8230;<\/p>\n","protected":false},"excerpt":{"rendered":"Apr\u00e8s une ann\u00e9e 2024 extr\u00eamement dynamique, Ch\u0153ur Ondaine Firminy ne s\u2019est pas repos\u00e9 sur ses lauriers de centenaire.&hellip;\n","protected":false},"author":2,"featured_media":405555,"comment_status":"","ping_status":"","sticky":false,"template":"","format":"standard","meta":{"footnotes":""},"categories":[9653],"tags":[1111,11,2430,1687,7539,1777,674,10282,10283,1011,27,873,12,25,4001],"class_list":{"0":"post-405554","1":"post","2":"type-post","3":"status-publish","4":"format-standard","5":"has-post-thumbnail","7":"category-saint-etienne","8":"tag-actu","9":"tag-actualites","10":"tag-auvergne-rhone-alpes","11":"tag-culture-loisirs","12":"tag-edition-loire-sud","13":"tag-eu","14":"tag-europe","15":"tag-firminy","16":"tag-firminy-ville","17":"tag-fr","18":"tag-france","19":"tag-musique","20":"tag-news","21":"tag-republique-francaise","22":"tag-saint-etienne"},"share_on_mastodon":{"url":"https:\/\/pubeurope.com\/@fr\/115238338932431609","error":""},"_links":{"self":[{"href":"https:\/\/www.europesays.com\/fr\/wp-json\/wp\/v2\/posts\/405554","targetHints":{"allow":["GET"]}}],"collection":[{"href":"https:\/\/www.europesays.com\/fr\/wp-json\/wp\/v2\/posts"}],"about":[{"href":"https:\/\/www.europesays.com\/fr\/wp-json\/wp\/v2\/types\/post"}],"author":[{"embeddable":true,"href":"https:\/\/www.europesays.com\/fr\/wp-json\/wp\/v2\/users\/2"}],"replies":[{"embeddable":true,"href":"https:\/\/www.europesays.com\/fr\/wp-json\/wp\/v2\/comments?post=405554"}],"version-history":[{"count":0,"href":"https:\/\/www.europesays.com\/fr\/wp-json\/wp\/v2\/posts\/405554\/revisions"}],"wp:featuredmedia":[{"embeddable":true,"href":"https:\/\/www.europesays.com\/fr\/wp-json\/wp\/v2\/media\/405555"}],"wp:attachment":[{"href":"https:\/\/www.europesays.com\/fr\/wp-json\/wp\/v2\/media?parent=405554"}],"wp:term":[{"taxonomy":"category","embeddable":true,"href":"https:\/\/www.europesays.com\/fr\/wp-json\/wp\/v2\/categories?post=405554"},{"taxonomy":"post_tag","embeddable":true,"href":"https:\/\/www.europesays.com\/fr\/wp-json\/wp\/v2\/tags?post=405554"}],"curies":[{"name":"wp","href":"https:\/\/api.w.org\/{rel}","templated":true}]}}