{"id":405558,"date":"2025-09-20T19:45:52","date_gmt":"2025-09-20T19:45:52","guid":{"rendered":"https:\/\/www.europesays.com\/fr\/405558\/"},"modified":"2025-09-20T19:45:52","modified_gmt":"2025-09-20T19:45:52","slug":"gare-de-nancy-les-voyageurs-pourront-etre-palpes-par-les-agents-sncf-pendant-un-mois-voici-pourquoi","status":"publish","type":"post","link":"https:\/\/www.europesays.com\/fr\/405558\/","title":{"rendered":"Gare de Nancy. Les voyageurs pourront \u00eatre palp\u00e9s par les agents SNCF pendant un mois : voici pourquoi"},"content":{"rendered":"<p>            Par<br \/>\n        <strong><br \/>\n            <a href=\"https:\/\/actu.fr\/auteur\/pierre-emile-bouchy-actu-fr\" title=\"Consulter tous les articles de Paul-Emile Bouchy\" target=\"_blank\" rel=\"noopener\">Paul-Emile Bouchy<\/a><br \/>\n        <\/strong><\/p>\n<p>        Publi\u00e9 le<\/p>\n<p>            19 sept. 2025 \u00e0 11h34        <\/p>\n<p>Depuis le mercredi 17\u00a0septembre et jusqu\u2019au vendredi 17\u00a0octobre 2025, un arr\u00eat\u00e9 pr\u00e9fectoral autorise <strong>les agents de s\u00e9curit\u00e9 interne de la SNCF \u00e0 exercer des missions de palpations<\/strong> sur les voyageurs en <a href=\"https:\/\/actu.fr\/tag\/gare-de-nancy\" target=\"_blank\" rel=\"noopener\">gare de Nancy<\/a>.<\/p>\n<p class=\" wall-content\">Une mesure qui avait d\u00e9j\u00e0 \u00e9t\u00e9 <a href=\"https:\/\/actu.fr\/grand-est\/nancy_54395\/les-agents-sncf-autorises-a-palper-les-voyageurs-en-gare-de-nancy-pendant-un-mois-voici-pourquoi_60894514.html\" target=\"_blank\" rel=\"noopener\">prise au printemps 2024<\/a>. On vous explique pourquoi elle a \u00e9t\u00e9 reconduite.<\/p>\n<p>Une hausse des infractions depuis d\u00e9but septembre en gare de Nancy<\/p>\n<p class=\" wall-content\">Dans son arr\u00eat\u00e9, la pr\u00e9fecture de <a href=\"https:\/\/actu.fr\/grand-est\/meurthe-et-moselle_54\" target=\"_blank\" rel=\"noopener\">Meurthe-et-Moselle<\/a> indique qu\u2019une demande a \u00e9t\u00e9 faite lundi par la <a href=\"https:\/\/actu.fr\/tag\/sncf\" target=\"_blank\" rel=\"noopener\">SNCF<\/a> pour que des palpations soient r\u00e9alis\u00e9es \u00ab\u2009en raison de <strong>pr\u00e9sence d\u2019individus troublant l\u2019ordre public<\/strong>\u2009\u00bb dans la gare.<\/p>\n<p class=\" wall-content\">La pr\u00e9fecture justifie l\u2019acceptation de cette demande pour <strong>une \u00ab\u00a0recrudescence d\u2019individus commettant des infractions diverses<\/strong> (utilisation de trottinettes en gare, personnes qui fument malgr\u00e9 l\u2019interdiction, utilisation d\u2019appareils sonores, cris dans la gare\u2026) <strong>avec parfois des trafics de stup\u00e9fiants et de ports d\u2019armes prohib\u00e9s<\/strong>.<\/p>\n<blockquote class=\"ac-article-quote wall-content\">\n<p>Par rapport \u00e0 la m\u00eame p\u00e9riode en 2024, les faits en gare de Nancy ont augment\u00e9 de 8 % en moyenne, les atteintes aux personnes de 13 % et les atteintes aux biens de 5 %.<\/p>\n<p>    <strong>La pr\u00e9fecture de Meurthe-et-Moselle<\/strong>\n            <\/p><\/blockquote>\n<p>Les agents SNCF autoris\u00e9s \u00e0 inspecter les sacs et les bagages des voyageurs<\/p>\n<p class=\" wall-content\">Une premi\u00e8re op\u00e9ration s\u00e9curitaire a eu lieu mercredi 17 septembre en gare de Nancy avec 50 personnes contr\u00f4l\u00e9es. Deux personnes ont \u00e9t\u00e9 interpell\u00e9es pour <strong>port d\u2019armes blanches<\/strong> (cutters, couteaux).<\/p>\n<blockquote class=\"tiktok-embed\" cite=\"https:\/\/www.tiktok.com\/@lorraine.actu\/video\/7551392334911442198\" data-video-id=\"7551392334911442198\" data-embed-from=\"oembed\" style=\"max-width:605px; min-width:325px;\"><p>\n<a target=\"_blank\" title=\"@lorraine.actu\" href=\"https:\/\/www.tiktok.com\/@lorraine.actu?refer=embed\" rel=\"noopener\">@lorraine.actu<\/a> <\/p>\n<p>Mercredi 17 septembre, une vaste op\u00e9ration s\u00e9curitaire a \u00e9t\u00e9 men\u00e9e sur le secteur de la gare de Nancy en pr\u00e9sence du pr\u00e9fet de Meurthe-et-Moselle Yves S\u00e9guy et du maire de Nancy Mathieu Klein. Plus de 40 policiers ont \u00e9t\u00e9 mobilis\u00e9s et ont contr\u00f4l\u00e9 50 personnes. 2 interpellations ont eu lieu pour port d\u2019armes blanches (couteaux, cutters, Opinel) et une amende forfaitaire a \u00e9t\u00e9 dress\u00e9 pour possession de 2g d\u2019herbe de cannabis. <a title=\"nancy\" target=\"_blank\" href=\"https:\/\/www.tiktok.com\/tag\/nancy?refer=embed\" rel=\"noopener\">#nancy<\/a> <a title=\"police\" target=\"_blank\" href=\"https:\/\/www.tiktok.com\/tag\/police?refer=embed\" rel=\"noopener\">#police<\/a> <a title=\"gare\" target=\"_blank\" href=\"https:\/\/www.tiktok.com\/tag\/gare?refer=embed\" rel=\"noopener\">#gare<\/a> <a title=\"securite\" target=\"_blank\" href=\"https:\/\/www.tiktok.com\/tag\/securite?refer=embed\" rel=\"noopener\">#securite<\/a> <a title=\"sncf\" target=\"_blank\" href=\"https:\/\/www.tiktok.com\/tag\/sncf?refer=embed\" rel=\"noopener\">#sncf<\/a> <\/p>\n<p> <a target=\"_blank\" title=\"\u266c Minimal for news \/ news suspense(1169746) - Hiraoka Kotaro\" href=\"https:\/\/www.tiktok.com\/music\/Minimal-for-news-news-suspense-1169746-7055051802865862658?refer=embed\" rel=\"noopener\">\u266c Minimal for news \/ news suspense(1169746) \u2013 Hiraoka Kotaro<\/a> <\/p>\n<\/blockquote>\n<p>Votre r\u00e9gion, votre actu !<\/p>\n<p>Recevez chaque jour les infos qui comptent pour vous.<\/p>\n<p>\t<a href=\"https:\/\/actu.fr\/newsletter\" class=\"ac-btn ac-btn--corner ac-btn--medium ac-btn--blue800\" target=\"_blank\" rel=\"noopener\">S&rsquo;incrire<\/a><\/p>\n<p class=\" wall-content\">Outre les palpations, cet arr\u00eat\u00e9 pr\u00e9fectoral autorise les agents SNCF \u00e0 r\u00e9aliser <strong>des missions d\u2019inspection visuelle et de fouille des bagages \u00e0 main<\/strong>.<\/p>\n<p class=\" wall-content\">Personnalisez votre actualit\u00e9 en ajoutant vos villes et m\u00e9dias en favori avec <a href=\"https:\/\/moncompte.actu.fr\" title=\"D\u00e9couvez Mon Actu\" rel=\"nofollow noopener\" data-trk=\"{&quot;cta&quot;:{&quot;action&quot;:&quot;https:\\\/\\\/moncompte.actu.fr&quot;,&quot;category&quot;:&quot;mon compte&quot;,&quot;from&quot;:&quot;article footer&quot;,&quot;name&quot;:&quot;Mon actu&quot;,&quot;type&quot;:&quot;cta&quot;}}\" target=\"_blank\">Mon Actu<\/a>.<\/p>\n<p>                    <script async src=\"\/\/www.tiktok.com\/embed.js\"><\/script><\/p>\n","protected":false},"excerpt":{"rendered":"Par Paul-Emile Bouchy Publi\u00e9 le 19 sept. 2025 \u00e0 11h34 Depuis le mercredi 17\u00a0septembre et jusqu\u2019au vendredi 17\u00a0octobre&hellip;\n","protected":false},"author":2,"featured_media":405559,"comment_status":"","ping_status":"","sticky":false,"template":"","format":"standard","meta":{"footnotes":""},"categories":[9635],"tags":[1111,11,1777,674,1011,27,13621,775,1702,12,25,2215,104],"class_list":{"0":"post-405558","1":"post","2":"type-post","3":"status-publish","4":"format-standard","5":"has-post-thumbnail","7":"category-nancy","8":"tag-actu","9":"tag-actualites","10":"tag-eu","11":"tag-europe","12":"tag-fr","13":"tag-france","14":"tag-gare-de-nancy","15":"tag-grand-est","16":"tag-nancy","17":"tag-news","18":"tag-republique-francaise","19":"tag-sncf","20":"tag-societe"},"share_on_mastodon":{"url":"https:\/\/pubeurope.com\/@fr\/115238351150363215","error":""},"_links":{"self":[{"href":"https:\/\/www.europesays.com\/fr\/wp-json\/wp\/v2\/posts\/405558","targetHints":{"allow":["GET"]}}],"collection":[{"href":"https:\/\/www.europesays.com\/fr\/wp-json\/wp\/v2\/posts"}],"about":[{"href":"https:\/\/www.europesays.com\/fr\/wp-json\/wp\/v2\/types\/post"}],"author":[{"embeddable":true,"href":"https:\/\/www.europesays.com\/fr\/wp-json\/wp\/v2\/users\/2"}],"replies":[{"embeddable":true,"href":"https:\/\/www.europesays.com\/fr\/wp-json\/wp\/v2\/comments?post=405558"}],"version-history":[{"count":0,"href":"https:\/\/www.europesays.com\/fr\/wp-json\/wp\/v2\/posts\/405558\/revisions"}],"wp:featuredmedia":[{"embeddable":true,"href":"https:\/\/www.europesays.com\/fr\/wp-json\/wp\/v2\/media\/405559"}],"wp:attachment":[{"href":"https:\/\/www.europesays.com\/fr\/wp-json\/wp\/v2\/media?parent=405558"}],"wp:term":[{"taxonomy":"category","embeddable":true,"href":"https:\/\/www.europesays.com\/fr\/wp-json\/wp\/v2\/categories?post=405558"},{"taxonomy":"post_tag","embeddable":true,"href":"https:\/\/www.europesays.com\/fr\/wp-json\/wp\/v2\/tags?post=405558"}],"curies":[{"name":"wp","href":"https:\/\/api.w.org\/{rel}","templated":true}]}}