{"id":405600,"date":"2025-09-20T20:12:11","date_gmt":"2025-09-20T20:12:11","guid":{"rendered":"https:\/\/www.europesays.com\/fr\/405600\/"},"modified":"2025-09-20T20:12:11","modified_gmt":"2025-09-20T20:12:11","slug":"un-ciel-aux-mille-couleurs-au-dessus-des-plages-du-prado","status":"publish","type":"post","link":"https:\/\/www.europesays.com\/fr\/405600\/","title":{"rendered":"un ciel aux mille couleurs au-dessus des plages du Prado"},"content":{"rendered":"<p>Un petit coup donn\u00e9 vers la gauche, un autre vers la droite pour r\u00e9\u00e9quilibrer\u00a0: le regard braqu\u00e9 sur le delta qui virevolte au bout de ses doigts, tendu par deux fils vers le ciel azur, Lino s\u2019\u00e9merveille\u00a0: \u00ab\u00a0J\u2019ai fait des carr\u00e9s, des ronds, des huit, c\u2019\u00e9tait bien parce que le cerf-volant allait o\u00f9 on tirait.\u00a0\u00bb Les mains pos\u00e9es sur celles du petit blondinet, St\u00e9phane Dol\u00e9, alias \u00ab\u00a0Ladole\u00a0\u00bb, lui indique par pressions le geste \u00e0 accomplir pour bien piloter un <a href=\"https:\/\/www.laprovence.com\/article\/culture-loisirs\/2446075412225714\/que-faire-a-marseille-ce-week-end-du-18-19-20-et-21-septembre\" target=\"_blank\" rel=\"noopener\">cerf-volant acrobatique<\/a>.<\/p>\n<p>\u00ab\u00a0Les sensations sont incroyables\u00a0\u00bb, confirme Far\u00e8s, 8\u00a0ans, initi\u00e9 \u00e0 son tour par celui qui fut champion du monde en \u00e9quipe de cerf-volant au d\u00e9but des ann\u00e9es\u00a02000 et unique fabriquant fran\u00e7ais de cerfs-volants avec sa soci\u00e9t\u00e9 bas\u00e9e \u00e0 Dieppe, Dr\u00f4le d\u2019oiseau.<\/p>\n<p>Ouverte aux petits et grands, l\u2019\u00e9cole de pilotage, anim\u00e9e par St\u00e9phane Dol\u00e9 et Fr\u00e9d\u00e9ric Papouin, pr\u00e9sident de l\u2019association avignonnaise Les Chuchoteurs du vent, est l\u2019une des nouveaut\u00e9s de la <a href=\"https:\/\/www.laprovence.com\/article\/sortie-loisirs\/3328938317892714\/les-plages-du-prado-decollent-avec-la-fete-du-vent-ce-week-end-a-marseille\" target=\"_blank\" rel=\"noopener\">39e \u00e9dition de la F\u00eate du vent<\/a>, organis\u00e9e ces samedi\u00a020 et dimanche 21\u00a0septembre sur les plages du Prado.<\/p>\n<p>Alors que <a href=\"https:\/\/www.laprovence.com\/article\/ecoplanete\/48179067493195\/une-raie-geante-en-detresse-secourue-pres-de-la-pointe-rouge-a-marseille\" target=\"_blank\" rel=\"noopener\">le soleil radieux prolonge l\u2019\u00e9t\u00e9<\/a> sur le sable et dans l\u2019eau envahis de baigneurs, dans les airs, les cerfs-volants aux formes les plus vari\u00e9es offrent un spectacle hypnotique. Des requins, des personnages de BD comme Gaston Lagaffe ou les Schtroumpfs, des animaux semblant tout droit sortis d\u2019un anim\u00e9 de Murakami, flottent dans le bleu, tandis qu\u2019au sol, les n\u00e9ophytes &#8211; de tr\u00e8s nombreuses familles venues de Marseille et d\u2019ailleurs &#8211; s\u2019inspirent des talents des experts pour s\u2019adonner \u00e0 cette discipline.<\/p>\n<p>Message de paix et de fraternit\u00e9<\/p>\n<p>Pour cette \u00e9dition qui met les pays de la M\u00e9diterran\u00e9e \u00e0 l\u2019honneur, dix d\u00e9l\u00e9gations ont fait le d\u00e9placement depuis l\u2019Alg\u00e9rie, l\u2019Allemagne, l\u2019Espagne, la France, l\u2019Italie, le Liban, le Portugal, la Suisse, la Tunisie et la Turquie. \u00ab\u00a0Nous avons souhait\u00e9 r\u00e9unir ces pays m\u00e9diterran\u00e9ens pour rappeler que l\u2019histoire de Marseille est li\u00e9e \u00e0 la leur, et, dans un contexte tendu au niveau international, faire passer un message de paix, de fraternit\u00e9 et d\u2019amiti\u00e9 avec ces pays qui nous entourent\u00a0\u00bb, explique <a href=\"https:\/\/www.laprovence.com\/article\/region\/63634853733587\/a-marseille-450-associations-reunies-au-pharo-pour-renforcer-le-lien-avec-la-ville\" target=\"_blank\" rel=\"noopener\">Ahmed Heddadi<\/a>, adjoint (PM) au maire en charge de la vie associative.<\/p>\n<p>Quelque 120 cervolistes participent ainsi \u00e0 ce festival international, multipliant les exhibitions, ballets a\u00e9riens, combats et d\u00e9monstrations face \u00e0 un public qui n\u2019h\u00e9site pas \u00e0 fabriquer ou personnaliser ses propres engins volants, encadr\u00e9 par les animateurs de la Ville. Sans oublier le traditionnel l\u00e2cher de bonbons qui, sur inscription, attire les minots de 3 \u00e0 10\u00a0ans, dans l\u2019apr\u00e8s-midi.<\/p>\n<p>La F\u00eate du vent se poursuit ce dimanche 21\u00a0septembre, de 10\u00a0h \u00e0 midi et de 13\u00a0h \u00e0 18\u00a0h\u2026 <a href=\"https:\/\/www.laprovence.com\/article\/ecoplanete\/2007116752529514\/orages-et-inondations-les-bouches-du-rhone-et-le-vaucluse-places-en-vigilance-orange-ce-dimanche\" target=\"_blank\" rel=\"noopener\">\u00e0 condition que les conditions m\u00e9t\u00e9o le permettent<\/a>.<\/p>\n","protected":false},"excerpt":{"rendered":"Un petit coup donn\u00e9 vers la gauche, un autre vers la droite pour r\u00e9\u00e9quilibrer\u00a0: le regard braqu\u00e9 sur&hellip;\n","protected":false},"author":2,"featured_media":405601,"comment_status":"","ping_status":"","sticky":false,"template":"","format":"standard","meta":{"footnotes":""},"categories":[2814],"tags":[17,1111,11,1007,4512,18493,1777,674,4768,1011,27,884,44942,12,882,16,25,7919],"class_list":{"0":"post-405600","1":"post","2":"type-post","3":"status-publish","4":"format-standard","5":"has-post-thumbnail","7":"category-marseille","8":"tag-17","9":"tag-actu","10":"tag-actualites","11":"tag-aux","12":"tag-ciel","13":"tag-couleurs","14":"tag-eu","15":"tag-europe","16":"tag-fete","17":"tag-fr","18":"tag-france","19":"tag-marseille","20":"tag-mille","21":"tag-news","22":"tag-provence-alpes-cote-dazur","23":"tag-region","24":"tag-republique-francaise","25":"tag-vent"},"share_on_mastodon":{"url":"https:\/\/pubeurope.com\/@fr\/115238452867825591","error":""},"_links":{"self":[{"href":"https:\/\/www.europesays.com\/fr\/wp-json\/wp\/v2\/posts\/405600","targetHints":{"allow":["GET"]}}],"collection":[{"href":"https:\/\/www.europesays.com\/fr\/wp-json\/wp\/v2\/posts"}],"about":[{"href":"https:\/\/www.europesays.com\/fr\/wp-json\/wp\/v2\/types\/post"}],"author":[{"embeddable":true,"href":"https:\/\/www.europesays.com\/fr\/wp-json\/wp\/v2\/users\/2"}],"replies":[{"embeddable":true,"href":"https:\/\/www.europesays.com\/fr\/wp-json\/wp\/v2\/comments?post=405600"}],"version-history":[{"count":0,"href":"https:\/\/www.europesays.com\/fr\/wp-json\/wp\/v2\/posts\/405600\/revisions"}],"wp:featuredmedia":[{"embeddable":true,"href":"https:\/\/www.europesays.com\/fr\/wp-json\/wp\/v2\/media\/405601"}],"wp:attachment":[{"href":"https:\/\/www.europesays.com\/fr\/wp-json\/wp\/v2\/media?parent=405600"}],"wp:term":[{"taxonomy":"category","embeddable":true,"href":"https:\/\/www.europesays.com\/fr\/wp-json\/wp\/v2\/categories?post=405600"},{"taxonomy":"post_tag","embeddable":true,"href":"https:\/\/www.europesays.com\/fr\/wp-json\/wp\/v2\/tags?post=405600"}],"curies":[{"name":"wp","href":"https:\/\/api.w.org\/{rel}","templated":true}]}}