{"id":405607,"date":"2025-09-20T20:17:30","date_gmt":"2025-09-20T20:17:30","guid":{"rendered":"https:\/\/www.europesays.com\/fr\/405607\/"},"modified":"2025-09-20T20:17:30","modified_gmt":"2025-09-20T20:17:30","slug":"ile-de-france-se-passer-de-voiture-un-defi-plus-ardu-pour-les-habitants-de-la-grande-couronne","status":"publish","type":"post","link":"https:\/\/www.europesays.com\/fr\/405607\/","title":{"rendered":"\u00cele-de-France\u00a0: se passer de voiture, un d\u00e9fi plus ardu pour les habitants de la grande couronne"},"content":{"rendered":"<p class=\"paragraph text_align_left lp-f-body-02\">Dans la m\u00e9tropole du Grand Paris, le nombre de m\u00e9nages propri\u00e9taires d\u2019un ou plusieurs v\u00e9hicules motoris\u00e9s est en chute constante. Ce dimanche 21 septembre, la \u00ab Journ\u00e9e sans voiture \u00bb sera l\u2019occasion de circuler dans Paris \u00e0 pied ou \u00e0 v\u00e9lo, avec un trafic minimum. Le reste de l\u2019ann\u00e9e, les habitants de la capitale et de la proche banlieue ont plusieurs solutions alternatives : m\u00e9tro, bus, v\u00e9lo, etc. Mais cette vie sans voiture est nettement moins simple \u00e0 mesure que l\u2019on s\u2019\u00e9loigne de Paris.<\/p>\n","protected":false},"excerpt":{"rendered":"Dans la m\u00e9tropole du Grand Paris, le nombre de m\u00e9nages propri\u00e9taires d\u2019un ou plusieurs v\u00e9hicules motoris\u00e9s est en&hellip;\n","protected":false},"author":2,"featured_media":405608,"comment_status":"","ping_status":"","sticky":false,"template":"","format":"standard","meta":{"footnotes":""},"categories":[1592],"tags":[1111,11,1777,674,1011,27,662,1944,12,626,25,2382],"class_list":{"0":"post-405607","1":"post","2":"type-post","3":"status-publish","4":"format-standard","5":"has-post-thumbnail","7":"category-ile-de-france","8":"tag-actu","9":"tag-actualites","10":"tag-eu","11":"tag-europe","12":"tag-fr","13":"tag-france","14":"tag-ile-de-france","15":"tag-ma-ville","16":"tag-news","17":"tag-paris","18":"tag-republique-francaise","19":"tag-transport-idf-oise"},"share_on_mastodon":{"url":"https:\/\/pubeurope.com\/@fr\/115238472506435426","error":""},"_links":{"self":[{"href":"https:\/\/www.europesays.com\/fr\/wp-json\/wp\/v2\/posts\/405607","targetHints":{"allow":["GET"]}}],"collection":[{"href":"https:\/\/www.europesays.com\/fr\/wp-json\/wp\/v2\/posts"}],"about":[{"href":"https:\/\/www.europesays.com\/fr\/wp-json\/wp\/v2\/types\/post"}],"author":[{"embeddable":true,"href":"https:\/\/www.europesays.com\/fr\/wp-json\/wp\/v2\/users\/2"}],"replies":[{"embeddable":true,"href":"https:\/\/www.europesays.com\/fr\/wp-json\/wp\/v2\/comments?post=405607"}],"version-history":[{"count":0,"href":"https:\/\/www.europesays.com\/fr\/wp-json\/wp\/v2\/posts\/405607\/revisions"}],"wp:featuredmedia":[{"embeddable":true,"href":"https:\/\/www.europesays.com\/fr\/wp-json\/wp\/v2\/media\/405608"}],"wp:attachment":[{"href":"https:\/\/www.europesays.com\/fr\/wp-json\/wp\/v2\/media?parent=405607"}],"wp:term":[{"taxonomy":"category","embeddable":true,"href":"https:\/\/www.europesays.com\/fr\/wp-json\/wp\/v2\/categories?post=405607"},{"taxonomy":"post_tag","embeddable":true,"href":"https:\/\/www.europesays.com\/fr\/wp-json\/wp\/v2\/tags?post=405607"}],"curies":[{"name":"wp","href":"https:\/\/api.w.org\/{rel}","templated":true}]}}