{"id":405611,"date":"2025-09-20T20:19:12","date_gmt":"2025-09-20T20:19:12","guid":{"rendered":"https:\/\/www.europesays.com\/fr\/405611\/"},"modified":"2025-09-20T20:19:12","modified_gmt":"2025-09-20T20:19:12","slug":"les-tours-de-notre-dame-de-paris-rouvertes-au-public-apres-restauration-rts-ch","status":"publish","type":"post","link":"https:\/\/www.europesays.com\/fr\/405611\/","title":{"rendered":"Les tours de Notre-Dame de Paris rouvertes au public apr\u00e8s restauration &#8211; rts.ch"},"content":{"rendered":"<p>Depuis samedi, les tours de Notre-Dame de Paris sont \u00e0 nouveau accessibles au public, apr\u00e8s avoir \u00e9t\u00e9 enti\u00e8rement restaur\u00e9es \u00e0 la suite de l&rsquo;incendie qui a ravag\u00e9 la cath\u00e9drale en 2019.<\/p>\n<p>L\u2019ascension vers la tour sud commence par un spectaculaire escalier en ch\u00eane massif \u00e0 double r\u00e9volution, r\u00e9cemment install\u00e9. Il permet aux visiteurs de monter et descendre en parall\u00e8le, sans jamais se croiser. Plus haut, la mont\u00e9e se poursuit dans l\u2019\u00e9troit escalier en pierre d\u2019origine, o\u00f9 chaque palier offre des ouvertures sur la ville et des rencontres avec les c\u00e9l\u00e8bres gargouilles de pierre.<\/p>\n<p>Vue imprenable sur Paris<\/p>\n<p>Au sommet, apr\u00e8s 424 marches, les toits de Notre-Dame offrent une vue \u00e0 360 degr\u00e9s sur la capitale. Un peu plus loin, la fl\u00e8che de Viollet-le-Duc, reconstruite \u00e0 l\u2019identique, se dresse fi\u00e8rement.<\/p>\n<p>En acc\u00e9dant aux terrasses, qui culminent \u00e0 69 m\u00e8tres, les visiteurs peuvent presque toucher <a href=\"https:\/\/www.notredamedeparis.fr\/comprendre\/architecture\/les-cloches\/\" class=\"inline-link\" title=\"Les cloches de Notre-Dame - Cath\u00e9drale Notre-Dame de Paris\" data-item-id=\"richtext_link\" target=\"_blank\" rel=\"noopener nofollow\">le Bourdon<\/a>, l\u2019immense cloche de la cath\u00e9drale, la deuxi\u00e8me plus grosse de France (13 tonnes).<\/p>\n<p> &gt;&gt; Les images du 12h45\u00a0:   <img decoding=\"async\" class=\"embed-responsive-item\" loading=\"lazy\" src=\"https:\/\/www.europesays.com\/fr\/wp-content\/uploads\/2025\/09\/hn2n4p-29004381.image\" alt=\"Notre-Dame de Paris rouvre ses tours au public\"\/>    Notre-Dame de Paris rouvre ses tours au public \/ 12h45 \/ 26 sec. \/ aujourd&rsquo;hui \u00e0 12:45 <\/p>\n<p>Le parcours se poursuit par un passage entre les deux tours, d\u00e9sormais ouvert \u00e0 la visite. \u00c0 ce niveau, des ouvertures vitr\u00e9es permettent d\u2019apercevoir la \u00ab\u00a0for\u00eat\u00a0\u00bb,<a href=\"https:\/\/www.notredamedeparis.fr\/comprendre\/architecture\/la-charpente\/\" class=\"inline-link\" data-item-id=\"richtext_link\" target=\"_blank\" rel=\"noopener nofollow\"> la nouvelle charpente en bois<\/a>, reconstruite \u00e0 l\u2019identique apr\u00e8s l\u2019incendie.<\/p>\n<p>La descente s\u2019effectue par la tour nord, dans une ambiance sonore soigneusement pens\u00e9e. Une bande-son accompagne les visiteurs jusqu\u2019au parvis.<\/p>\n<p>Priorit\u00e9 \u00e0 la tour nord<\/p>\n<p>La priorit\u00e9 de restauration avait \u00e9t\u00e9 donn\u00e9e \u00e0 la tour nord puisque les flammes avaient commenc\u00e9 \u00e0 attaquer son beffroi. La tour sud, \u00e9pargn\u00e9e par les flammes mais fragilis\u00e9e par des poutres vermoulues, a \u00e9galement \u00e9t\u00e9 r\u00e9nov\u00e9e. La couverture en plomb du toit a \u00e9t\u00e9 remplac\u00e9e.<\/p>\n<p>Les travaux des tours ont \u00e9t\u00e9 financ\u00e9s dans le cadre de la deuxi\u00e8me phase du chantier, celle de la restauration, d&rsquo;un montant de 552 millions d&rsquo;euros (517 millions de francs).<\/p>\n<p>L\u2019essentiel de la r\u00e9habilitation de la cath\u00e9drale est d\u00e9sormais achev\u00e9. Les prochaines \u00e9tapes concerneront la r\u00e9novation du chevet, \u00e0 l\u2019extr\u00e9mit\u00e9 est de l\u2019\u00e9difice, au-del\u00e0 du ch\u0153ur.<\/p>\n<p class=\"sources\">Sujet radio: Ariane Hasler<\/p>\n<p class=\"credit\">Adaptation web: juma<\/p>\n","protected":false},"excerpt":{"rendered":"Depuis samedi, les tours de Notre-Dame de Paris sont \u00e0 nouveau accessibles au public, apr\u00e8s avoir \u00e9t\u00e9 enti\u00e8rement&hellip;\n","protected":false},"author":2,"featured_media":405612,"comment_status":"","ping_status":"","sticky":false,"template":"","format":"standard","meta":{"footnotes":""},"categories":[1888],"tags":[53683,1111,1928,11,1927,13601,8777,251,36797,36798,1777,450,674,19235,1011,27,1661,1310,74,12,1926,626,1925,25],"class_list":{"0":"post-405611","1":"post","2":"type-post","3":"status-publish","4":"format-standard","5":"has-post-thumbnail","7":"category-paris","8":"tag-4e-arrondissement-de-paris","9":"tag-actu","10":"tag-actu-paris","11":"tag-actualites","12":"tag-actualites-paris","13":"tag-cathedrale","14":"tag-cathedrale-notre-dame-de-paris","15":"tag-culture","16":"tag-desastres","17":"tag-desastres-et-accidents","18":"tag-eu","19":"tag-euro","20":"tag-europe","21":"tag-flamme","22":"tag-fr","23":"tag-france","24":"tag-gastronomie","25":"tag-incendie","26":"tag-monde","27":"tag-news","28":"tag-news-paris","29":"tag-paris","30":"tag-paris-news","31":"tag-republique-francaise"},"share_on_mastodon":{"url":"https:\/\/pubeurope.com\/@fr\/115238481666743872","error":""},"_links":{"self":[{"href":"https:\/\/www.europesays.com\/fr\/wp-json\/wp\/v2\/posts\/405611","targetHints":{"allow":["GET"]}}],"collection":[{"href":"https:\/\/www.europesays.com\/fr\/wp-json\/wp\/v2\/posts"}],"about":[{"href":"https:\/\/www.europesays.com\/fr\/wp-json\/wp\/v2\/types\/post"}],"author":[{"embeddable":true,"href":"https:\/\/www.europesays.com\/fr\/wp-json\/wp\/v2\/users\/2"}],"replies":[{"embeddable":true,"href":"https:\/\/www.europesays.com\/fr\/wp-json\/wp\/v2\/comments?post=405611"}],"version-history":[{"count":0,"href":"https:\/\/www.europesays.com\/fr\/wp-json\/wp\/v2\/posts\/405611\/revisions"}],"wp:featuredmedia":[{"embeddable":true,"href":"https:\/\/www.europesays.com\/fr\/wp-json\/wp\/v2\/media\/405612"}],"wp:attachment":[{"href":"https:\/\/www.europesays.com\/fr\/wp-json\/wp\/v2\/media?parent=405611"}],"wp:term":[{"taxonomy":"category","embeddable":true,"href":"https:\/\/www.europesays.com\/fr\/wp-json\/wp\/v2\/categories?post=405611"},{"taxonomy":"post_tag","embeddable":true,"href":"https:\/\/www.europesays.com\/fr\/wp-json\/wp\/v2\/tags?post=405611"}],"curies":[{"name":"wp","href":"https:\/\/api.w.org\/{rel}","templated":true}]}}