{"id":405613,"date":"2025-09-20T20:20:35","date_gmt":"2025-09-20T20:20:35","guid":{"rendered":"https:\/\/www.europesays.com\/fr\/405613\/"},"modified":"2025-09-20T20:20:35","modified_gmt":"2025-09-20T20:20:35","slug":"quinte-quinte-du-dimanche-21-septembre-a-vincennes-jazzman-veut-effacer-la-fausse-note","status":"publish","type":"post","link":"https:\/\/www.europesays.com\/fr\/405613\/","title":{"rendered":"Quint\u00e9+: Quint\u00e9+ du dimanche 21 septembre \u00e0 Vincennes : Jazzman veut effacer la fausse note"},"content":{"rendered":"<p><strong>Les partants du Quint\u00e9+ de ce dimanche 21 septembre<\/strong><strong style=\"float: left;margin-left: 2%;\">PRIX DE TAVERNY<\/strong><strong style=\"float: right;margin-right: 2%;\">DIMANCHE 21 SEPTEMBRE<\/strong><br \/>PARIS-VINCENNES &#8211; 2850 METRES &#8211; \u00a0<img decoding=\"async\" alt=\"picto_attele\" class=\"img2\" src=\"https:\/\/static.equidia.fr\/equidia\/discipline\/attele.svg\"\/>D\u00c9PART : 15H15<strong>Les forces en pr\u00e9sence<\/strong><\/p>\n<p style=\"text-align: justify;\">Apr\u00e8s quatre podiums cons\u00e9cutifs, <a href=\"https:\/\/www.equidia.fr\/chevaux\/jazzman-1?horse_uuid=a5033738-2cd5-49cf-b1f8-83e20e2883da\" target=\"_blank\" rel=\"noopener\">JAZZMAN (15)<\/a> s&rsquo;est montr\u00e9 fautif dans le tournant final lundi dernier, alors qu&rsquo;il s&rsquo;annon\u00e7ait tr\u00e8s mena\u00e7ant. Il d\u00e9couvre ici un engagement id\u00e9al, non loin du plafond, et peut donc trouver une compensation \u00e0 ses r\u00e9cents d\u00e9boires. L&rsquo;opposition sera conduite par <a href=\"https:\/\/www.equidia.fr\/chevaux\/jy-suis-jy-reste?horse_uuid=ee05f3b6-dac1-4a24-a7cd-9b3c30c28961\" target=\"_blank\" rel=\"noopener\">J&rsquo;Y SUIS J&rsquo;Y RESTE (1)<\/a>, dont les deux derniers succ\u00e8s ont \u00e9t\u00e9 obtenus avec \u00e9norm\u00e9ment de marge, <a href=\"https:\/\/www.equidia.fr\/chevaux\/jet-de-busset?horse_uuid=6ae80089-66b3-4792-886d-9df40f5688b9\" target=\"_blank\" rel=\"noopener\">JET DE BUSSET (9)<\/a>, totalement d\u00e9ferr\u00e9 pour l&rsquo;occasion, <a href=\"https:\/\/www.equidia.fr\/chevaux\/just-a-man-1?horse_uuid=705ae64f-1106-4977-9612-6e1e3944d9bb\" target=\"_blank\" rel=\"noopener\">JUST A MAN (12)<\/a>, qui vient d&rsquo;afficher un net regain de forme sur l&rsquo;herbe d&rsquo;Agon-Coutainville, et <a href=\"https:\/\/www.equidia.fr\/chevaux\/jadore-disques?horse_uuid=7a7bcee3-9c66-4bb1-b870-a7683c30a27c\" target=\"_blank\" rel=\"noopener\">JADORE D&rsquo;ISQUES (7)<\/a>, plaisant sur la grande piste de Vincennes l&rsquo;hiver dernier. <a href=\"https:\/\/www.equidia.fr\/chevaux\/jerk-haufor?horse_uuid=6abd031f-22c0-491e-8a9f-947416b6a4a0\" target=\"_blank\" rel=\"noopener\">JERK HAUFOR (16)<\/a> aborde ce rendez-vous en pleine possession de ses moyens et constitue un choix incontournable pour les places, m\u00eame s&rsquo;il n&rsquo;est toujours pas \u00e0 l&rsquo;abri d&rsquo;une incartade. Le m\u00e9tronome <a href=\"https:\/\/www.equidia.fr\/chevaux\/jasmin-vivanciere?horse_uuid=a3343c88-9522-48d0-823a-8d796f9a0ff9\" target=\"_blank\" rel=\"noopener\">JASMIN VIVANCIERE (6)<\/a> a d\u00e9j\u00e0 montr\u00e9 sa comp\u00e9titivit\u00e9 sur la cendr\u00e9e parisienne et peut int\u00e9grer la combinaison gagnante, tout comme <a href=\"https:\/\/www.equidia.fr\/chevaux\/jitana-wild?horse_uuid=bc4a78ae-0d33-48c2-a8de-bfbc3c8e9b69\" target=\"_blank\" rel=\"noopener\">JITANA WILD (4)<\/a>, pilot\u00e9e par Eric Raffin.<\/p>\n<p><strong>Le prono de Micka\u00ebl AFRIAT<\/strong><\/p>\n<tr cellpadding=\"0\" cellspacing=\"10\" class=\"row5\" style=\"text-align: left; background-color: #FFFFFF; font-size: 130%;\">\n<td style=\"text-align: center;\">15<\/td>\n<td style=\"text-align: center;\">1<\/td>\n<td style=\"text-align: center;\">9<\/td>\n<td style=\"text-align: center;\">12<\/td>\n<td style=\"text-align: center;\">7<\/td>\n<td style=\"text-align: center;\">16<\/td>\n<td style=\"text-align: center;\">6<\/td>\n<td style=\"text-align: center;\">4<\/td>\n<\/tr>\n<tr class=\"row6\" style=\"text-align: center; background-color: #FFFFFF; column-width: 6rem;\">\n<td class=\"col15\"><img decoding=\"async\" alt=\"casaque_JAZZMAN\" class=\"cas\" src=\"https:\/\/www.europesays.com\/fr\/wp-content\/uploads\/2025\/09\/20250921-r1c4p15-png.png\" style=\" width: 70%;\"\/><\/p>\n<p class=\"col10\" style=\"font-size: x-small; line-height: 11px;;\">JAZZMAN<\/p>\n<\/td>\n<td class=\"col1\"><img decoding=\"async\" alt=\"casaque_J'Y SUIS J'Y RESTE\" class=\"cas\" src=\"https:\/\/www.europesays.com\/fr\/wp-content\/uploads\/2025\/09\/20250921-r1c4p1-png.png\" style=\" width: 70%;\"\/><\/p>\n<p class=\"col10\" style=\"font-size: x-small; line-height: 11px;;\">J&rsquo;Y SUIS J&rsquo;Y RESTE<\/p>\n<\/td>\n<td class=\"col9\"><img decoding=\"async\" alt=\"casaque_JET DE BUSSET\" class=\"cas\" src=\"https:\/\/www.europesays.com\/fr\/wp-content\/uploads\/2025\/09\/20250921-r1c4p9-png.png\" style=\" width: 70%;\"\/><\/p>\n<p class=\"col10\" style=\"font-size: x-small; line-height: 11px;;\">JET DE BUSSET<\/p>\n<\/td>\n<td class=\"col12\"><img decoding=\"async\" alt=\"casaque_JUST A MAN\" class=\"cas\" src=\"https:\/\/www.europesays.com\/fr\/wp-content\/uploads\/2025\/09\/20250921-r1c4p12-png.png\" style=\" width: 70%;\"\/><\/p>\n<p class=\"col10\" style=\"font-size: x-small; line-height: 11px;;\">JUST A MAN<\/p>\n<\/td>\n<td class=\"col7\"><img decoding=\"async\" alt=\"casaque_JADORE D'ISQUES\" class=\"cas\" src=\"https:\/\/www.europesays.com\/fr\/wp-content\/uploads\/2025\/09\/20250921-r1c4p7-png.png\" style=\" width: 70%;\"\/><\/p>\n<p class=\"col10\" style=\"font-size: x-small; line-height: 11px;;\">JADORE D&rsquo;ISQUES<\/p>\n<\/td>\n<td class=\"col16\"><img decoding=\"async\" alt=\"casaque_JERK HAUFOR\" class=\"cas\" src=\"https:\/\/www.europesays.com\/fr\/wp-content\/uploads\/2025\/09\/20250921-r1c4p16-png.png\" style=\" width: 70%;\"\/><\/p>\n<p class=\"col10\" style=\"font-size: x-small; line-height: 11px;;\">JERK HAUFOR<\/p>\n<\/td>\n<td class=\"col6\"><img decoding=\"async\" alt=\"casaque_JASMIN VIVANCIERE\" class=\"cas\" src=\"https:\/\/www.europesays.com\/fr\/wp-content\/uploads\/2025\/09\/20250921-r1c4p6-png.png\" style=\" width: 70%;\"\/><\/p>\n<p class=\"col10\" style=\"font-size: x-small; line-height: 11px;;\">JASMIN VIVANCIERE<\/p>\n<\/td>\n<td class=\"col4\"><img decoding=\"async\" alt=\"casaque_JITANA WILD\" class=\"cas\" src=\"https:\/\/www.europesays.com\/fr\/wp-content\/uploads\/2025\/09\/20250921-r1c4p4-png.png\" style=\" width: 70%;\"\/><\/p>\n<p class=\"col10\" style=\"font-size: x-small; line-height: 11px;;\">JITANA WILD<\/p>\n<\/td>\n<\/tr>\n<p><a href=\"https:\/\/servedby.revive-adserver.net\/ck.php?n=a3265498&amp;cb=1234\" target=\"_blank\" rel=\"noopener\"><img decoding=\"async\" alt=\"\" border=\"0\" src=\"https:\/\/www.europesays.com\/fr\/wp-content\/uploads\/2025\/09\/1758399622_644_avw\"\/><\/a><\/p>\n<p><strong>Les partants en d\u00e9tail (par M. AFRIAT) et l&rsquo;avis des pros (par C. Martineau)<\/strong><\/p>\n<p id=\"ch_J'Y SUIS J'Y RESTE\" style=\"margin-bottom: 1%;\"><a href=\"https:\/\/www.equidia.fr\/chevaux\/jy-suis-jy-reste?horse_uuid=ee05f3b6-dac1-4a24-a7cd-9b3c30c28961\" target=\"_blank\" rel=\"noopener\">1 &#8211; \u00a0<img decoding=\"async\" alt=\"casaque_J'Y SUIS J'Y RESTE\" src=\"https:\/\/www.europesays.com\/fr\/wp-content\/uploads\/2025\/09\/1758399623_544_20250921-r1c4p1-png.png\" style=\"width: 4.5%; margin :0; vertical-align : middle;\"\/>\u00a0\u00a0J&rsquo;Y SUIS J&rsquo;Y RESTE<\/a><\/p>\n<p style=\"text-align: justify;\">Depuis qu&rsquo;il a rejoint les boxes d&rsquo;Emile Desmigneux \u00e0 la mi-mai, il ne cesse d&rsquo;impressionner. Il s&rsquo;est litt\u00e9ralement \u00ab\u00a0balad\u00e9\u00a0\u00bb lors de ses deux derni\u00e8res sorties et avait fini deuxi\u00e8me de JAZZMAN (15) fin juin \u00e0 Chartres. Son retour \u00e0 Vincennes se pr\u00e9sente sous de favorables auspices.<\/p>\n<p><strong>Emeline Desmigneux, entra\u00eeneur : <\/strong><\/p>\n<p style=\"text-align: justify;\">\u00ab J&rsquo;y Suis J&rsquo;y Reste (1) est dans une magnifique dynamique. Il a gagn\u00e9 facilement les deux derni\u00e8res fois. Le moment est donc venu pour nous de le pr\u00e9senter \u00e0 Vincennes afin de le voir \u00e0 l&rsquo;\u0153uvre sur la grande piste. Il est meilleur gaucher et devrait se plaire sur le trac\u00e9. Il passe un test, mais nous sommes confiants. Il lui faudra \u00eatre sage au d\u00e9part, moment qui reste parfois d\u00e9licat pour lui. \u00bb<\/p>\n<p id=\"ch_JULEJACQ\" style=\"margin-bottom: 1%;\"><a href=\"https:\/\/www.equidia.fr\/chevaux\/julejacq?horse_uuid=3daf440c-41ae-496d-88d3-c81a3fc63b0d\" target=\"_blank\" rel=\"noopener\">2 &#8211; \u00a0<img decoding=\"async\" alt=\"casaque_JULEJACQ\" src=\"https:\/\/www.europesays.com\/fr\/wp-content\/uploads\/2025\/09\/20250921-r1c4p2-png.png\" style=\"width: 4.5%; margin :0; vertical-align : middle;\"\/>\u00a0\u00a0JULEJACQ<\/a><\/p>\n<p style=\"text-align: justify;\">Ce cheval parfois tendu se pr\u00e9sentera dans sa meilleure configuration et b\u00e9n\u00e9ficiera de l&rsquo;appui du tr\u00e8s en forme Benjamin Rochard. Il avait laiss\u00e9 une impression favorable le 31 juillet \u00e0 Pornichet (4e), mais le lot est plus cors\u00e9 cette fois. Du pour et du contre.<\/p>\n<p><strong>Pierre-Edouard Mary, entra\u00eeneur : <\/strong><\/p>\n<p style=\"text-align: justify;\">\u00ab Julejacq (2) n&rsquo;a pas \u00e9t\u00e9 tranchant lors de sa remise dans le bain aux Sables d&rsquo;Olonne. J&rsquo;avais lev\u00e9 le pied avec lui \u00e0 l&rsquo;entra\u00eenement depuis sa bonne quatri\u00e8me place de fin juillet \u00e0 Pornichet et il avait besoin de courir. Il revient bien le matin et doit montrer son vrai visage ce dimanche. Dans cette \u00e9preuve, ils se tiennent tous de pr\u00e8s, mais j&rsquo;esp\u00e8re le voir accrocher une place. \u00bb<\/p>\n<p id=\"ch_JAMES BOND\" style=\"margin-bottom: 1%;\"><a href=\"https:\/\/www.equidia.fr\/chevaux\/james-bond-1?horse_uuid=83f77b6f-f4ff-4c6f-b86b-88d42d21225b\" target=\"_blank\" rel=\"noopener\">3 &#8211; \u00a0<img decoding=\"async\" alt=\"casaque_JAMES BOND\" src=\"https:\/\/www.europesays.com\/fr\/wp-content\/uploads\/2025\/09\/20250921-r1c4p3-png.png\" style=\"width: 4.5%; margin :0; vertical-align : middle;\"\/>\u00a0\u00a0JAMES BOND<\/a><\/p>\n<p style=\"text-align: justify;\">Ce brave cheval a sign\u00e9 deux succ\u00e8s cet \u00e9t\u00e9 dans des lots moins hupp\u00e9s, en profitant de circonstances favorables. Sa mission se corse sur la grande piste de Vincennes et face \u00e0 une telle opposition. Malgr\u00e9 sa grande condition physique, nous avons pris le risque de le mettre de c\u00f4t\u00e9.<\/p>\n<p><strong>Clarisse Lelievre, driver : <\/strong><\/p>\n<p style=\"text-align: justify;\">\u00ab James Bond (3) a \u00e9t\u00e9 convaincant \u00e0 Divonne-les-Bains lors de sa derni\u00e8re apparition, le 19 ao\u00fbt. Il a r\u00e9alis\u00e9 un bel \u00e9t\u00e9 et se pr\u00e9sentera encore en parfaite condition physique. Je le trouve m\u00eame sur la montante. Il \u00e9volue dans sa cat\u00e9gorie. Le d\u00e9roulement de course fera la diff\u00e9rence. \u00bb<\/p>\n<p id=\"ch_JITANA WILD\" style=\"margin-bottom: 1%;\"><a href=\"https:\/\/www.equidia.fr\/chevaux\/jitana-wild?horse_uuid=bc4a78ae-0d33-48c2-a8de-bfbc3c8e9b69\" target=\"_blank\" rel=\"noopener\">4 &#8211; \u00a0<img decoding=\"async\" alt=\"casaque_JITANA WILD\" src=\"https:\/\/www.europesays.com\/fr\/wp-content\/uploads\/2025\/09\/1758399625_566_20250921-r1c4p4-png.png\" style=\"width: 4.5%; margin :0; vertical-align : middle;\"\/>\u00a0\u00a0JITANA WILD<\/a><\/p>\n<p style=\"text-align: justify;\">Certes, cette ex-pensionnaire de Didier Dauvern\u00e9 affiche un z\u00e9ro point\u00e9 \u00e0 Vincennes (en cinq sorties), mais elle a retrouv\u00e9 la forme apr\u00e8s un passage \u00e0 vide et sera pilot\u00e9e par Eric Raffin. Laur\u00e9ate pour son seul essai sans ses quatre fers, elle m\u00e9rite le respect.<\/p>\n<p><strong>Cl\u00e9ment Frecelle, entra\u00eeneur : <\/strong><\/p>\n<p style=\"text-align: justify;\">\u00ab Jitana Wild (4) n&rsquo;\u00e9tait pas \u00e0 l&rsquo;aise lors de sa quatri\u00e8me place \u00e0 Saint-Ouen-des-Toits la semaine derni\u00e8re, sur un terrain alourdi par les orages. Elle sera d\u00e9ferr\u00e9e des quatre pieds ce dimanche, ce qui n&rsquo;a \u00e9t\u00e9 le cas qu&rsquo;une seule fois dans sa carri\u00e8re. C&rsquo;\u00e9tait cet \u00e9t\u00e9 sur la plage de Plouescat et elle avait gagn\u00e9. Nous mettons tous les atouts de son c\u00f4t\u00e9. Elle est certainement barr\u00e9e pour le podium, mais, avec un peu de chance, elle peut accrocher une place en bout de combinaison du Quint\u00e9+. \u00bb<\/p>\n<p id=\"ch_JERRY DE L'ERDRE\" style=\"margin-bottom: 1%;\"><a href=\"https:\/\/www.equidia.fr\/chevaux\/jerry-de-lerdre?horse_uuid=6c74d296-4b4b-4f87-9272-5df5b66ea876\" target=\"_blank\" rel=\"noopener\">5 &#8211; \u00a0<img decoding=\"async\" alt=\"casaque_JERRY DE L'ERDRE\" src=\"https:\/\/www.europesays.com\/fr\/wp-content\/uploads\/2025\/09\/20250921-r1c4p5-png.png\" style=\"width: 4.5%; margin :0; vertical-align : middle;\"\/>\u00a0\u00a0JERRY DE L&rsquo;ERDRE<\/a><\/p>\n<p style=\"text-align: justify;\">En dix essais sans ses quatre fers, il a termin\u00e9 \u00e0 huit reprises dans les quatre premiers. Il gagne rarement mais aborde ce rendez-vous en pleine possession de ses moyens. M\u00eame s&rsquo;il n&rsquo;a jamais convaincu \u00e0 Vincennes, il n&rsquo;est absolument pas hors d&rsquo;affaire pour les places.<\/p>\n<p><strong>Thomas Chalon, fils de l&rsquo;entra\u00eeneur : <\/strong><\/p>\n<p style=\"text-align: justify;\">\u00ab Jerry de l&rsquo;Erdre (5) est un v\u00e9ritable m\u00e9tronome. Il a gard\u00e9 la bonne carburation le matin \u00e0 l&rsquo;entra\u00eenement et devrait encore \u00eatre \u00e0 la hauteur pour les places. Nous sommes assez confiants. \u00bb<\/p>\n<p id=\"ch_JASMIN VIVANCIERE\" style=\"margin-bottom: 1%;\"><a href=\"https:\/\/www.equidia.fr\/chevaux\/jasmin-vivanciere?horse_uuid=a3343c88-9522-48d0-823a-8d796f9a0ff9\" target=\"_blank\" rel=\"noopener\">6 &#8211; \u00a0<img decoding=\"async\" alt=\"casaque_JASMIN VIVANCIERE\" src=\"https:\/\/www.europesays.com\/fr\/wp-content\/uploads\/2025\/09\/1758399626_628_20250921-r1c4p6-png.png\" style=\"width: 4.5%; margin :0; vertical-align : middle;\"\/>\u00a0\u00a0JASMIN VIVANCIERE<\/a><\/p>\n<p style=\"text-align: justify;\">Ce v\u00e9ritable m\u00e9tronome a uniquement \u00e9t\u00e9 vu en province cette ann\u00e9e, mais il avait montr\u00e9 sa comp\u00e9titivit\u00e9 sur la grande piste de Vincennes en 2024. S&rsquo;il peut patienter jusqu&rsquo;\u00e0 l&rsquo;entr\u00e9e de la ligne droite, cet excellent sprinteur peut jouer un premier r\u00f4le.<\/p>\n<p><strong>Jacky Planchard, entra\u00eeneur : <\/strong><\/p>\n<p style=\"text-align: justify;\">\u00ab Jasmin Vivanci\u00e8re (6) n&rsquo;a pas beaucoup couru cette ann\u00e9e afin de garder de la fra\u00eecheur pour cet automne. Il se pr\u00e9sente comme je le souhaite physiquement. Il va porter des \u0153ill\u00e8res qui s&rsquo;abaissent, artifice avec lequel il avait bien r\u00e9agi \u00e0 Cherbourg. Pour la premi\u00e8re fois, je vais lui retirer ses cloches devant et lui \u00f4ter ses bottines derri\u00e8re pour l&rsquo;all\u00e9ger au maximum. Je compte le voir prendre une belle place. \u00bb<\/p>\n<p id=\"ch_JADORE D'ISQUES\" style=\"margin-bottom: 1%;\"><a href=\"https:\/\/www.equidia.fr\/chevaux\/jadore-disques?horse_uuid=7a7bcee3-9c66-4bb1-b870-a7683c30a27c\" target=\"_blank\" rel=\"noopener\">7 &#8211; \u00a0<img decoding=\"async\" alt=\"casaque_JADORE D'ISQUES\" src=\"https:\/\/www.europesays.com\/fr\/wp-content\/uploads\/2025\/09\/1758399626_35_20250921-r1c4p7-png.png\" style=\"width: 4.5%; margin :0; vertical-align : middle;\"\/>\u00a0\u00a0JADORE D&rsquo;ISQUES<\/a><\/p>\n<p style=\"text-align: justify;\">Remarqu\u00e9 sur la cendr\u00e9e parisienne l&rsquo;hiver dernier, il vient de se montrer fautif dans le tournant final sur l&rsquo;herbe d&rsquo;Abbeville, alors qu&rsquo;il \u00e9tait loin mais avec des ressources. Jug\u00e9 sur ce qu&rsquo;il a fait de mieux, il a son mot \u00e0 dire dans un lot de cet acabit.<\/p>\n<p><strong>J\u00e9r\u00e9my Koubiche, entra\u00eeneur et driver : <\/strong><\/p>\n<p style=\"text-align: justify;\">\u00ab J&rsquo;adore d&rsquo;Isques (7) ne doit pas \u00eatre condamn\u00e9 sur sa disqualification du 17 ao\u00fbt \u00e0 Abbeville. S&rsquo;il n&rsquo;a jamais gagn\u00e9 \u00e0 Vincennes, il y a d\u00e9j\u00e0 \u00e9t\u00e9 vu \u00e0 son avantage en affichant des chronos int\u00e9ressants. Il portera pour la premi\u00e8re fois les \u0153ill\u00e8res qui s&rsquo;abaissent. Il n&rsquo;est pas tr\u00e8s v\u00e9loce au d\u00e9marrage, mais si le wagon de l&rsquo;\u00e9paisseur nous \u00ab\u00a0ram\u00e8ne\u00a0\u00bb bien, il peut jouer un r\u00f4le actif. \u00bb<\/p>\n<p id=\"ch_JOKER CASTILUANNE\" style=\"margin-bottom: 1%;\"><a href=\"https:\/\/www.equidia.fr\/chevaux\/joker-castiluanne?horse_uuid=50708f7f-c803-4c31-83e5-ca1fbce16a2d\" target=\"_blank\" rel=\"noopener\">8 &#8211; \u00a0<img decoding=\"async\" alt=\"casaque_JOKER CASTILUANNE\" src=\"https:\/\/www.europesays.com\/fr\/wp-content\/uploads\/2025\/09\/20250921-r1c4p8-png.png\" style=\"width: 4.5%; margin :0; vertical-align : middle;\"\/>\u00a0\u00a0JOKER CASTILUANNE<\/a><\/p>\n<p style=\"text-align: justify;\">S&rsquo;il compte trois places sur la grande piste de Vincennes, ce fils de Carat Williams reste plus tranchant sur les profils plats. Il vient d&rsquo;effectuer une rentr\u00e9e n\u00e9cessaire \u00e0 Mauquenchy et sera cette fois en \u00ab\u00a0mode course\u00a0\u00bb. Vu la qualit\u00e9 du lot, il reste capable d&rsquo;accrocher un lot.<\/p>\n<p><strong>C\u00e9dric M\u00e9gissier, entra\u00eeneur : <\/strong><\/p>\n<p style=\"text-align: justify;\">\u00ab J&rsquo;ai fait de cette course un objectif pour Joker Castiluanne (8) depuis un petit moment et je suis satisfait de sa mont\u00e9e en puissance pour aborder cet engagement. Au printemps, il avait prouv\u00e9 qu&rsquo;il avait le niveau lors de sa troisi\u00e8me place dans un bon chrono sur les 2 850 m\u00e8tres de la grande piste. Je compte sur lui pour se mettre en \u00e9vidence. Il fait partie des candidats pour l&rsquo;une des quatre premi\u00e8res places. \u00bb<\/p>\n<p id=\"ch_JET DE BUSSET\" style=\"margin-bottom: 1%;\"><a href=\"https:\/\/www.equidia.fr\/chevaux\/jet-de-busset?horse_uuid=6ae80089-66b3-4792-886d-9df40f5688b9\" target=\"_blank\" rel=\"noopener\">9 &#8211; \u00a0<img decoding=\"async\" alt=\"casaque_JET DE BUSSET\" src=\"https:\/\/www.europesays.com\/fr\/wp-content\/uploads\/2025\/09\/1758399628_268_20250921-r1c4p9-png.png\" style=\"width: 4.5%; margin :0; vertical-align : middle;\"\/>\u00a0\u00a0JET DE BUSSET<\/a><\/p>\n<p style=\"text-align: justify;\">Remarqu\u00e9 \u00e0 deux reprises \u00e0 Cabourg durant l&rsquo;\u00e9t\u00e9, il ne doit pas \u00eatre jug\u00e9 sur son r\u00e9cent \u00e9chec dans le rang des amateurs (7e). Il est th\u00e9oriquement comp\u00e9titif dans un tel lot et se pr\u00e9sentera pieds nus, configuration dans laquelle il avait fait forte impression en mars 2024 \u00e0 Caen. Gare \u00e0 lui !<\/p>\n<p><strong>Pierre Vercruysse, entra\u00eeneur et driver : <\/strong><\/p>\n<p style=\"text-align: justify;\">\u00ab Jet de Busset (9) d\u00e9couvre un engagement de qualit\u00e9, mais j&rsquo;ai besoin qu&rsquo;il me rassure. Je peine \u00e0 le retrouver pleinement. Il est d\u00e9licat pour d\u00e9marrer \u00e0 la volte, il faudra donc r\u00e9ussir \u00e0 g\u00e9rer sa mise en jambes. Je le d\u00e9ferre des quatre pieds pour l&rsquo;occasion et il portera seulement une Murphy et non son bonnet ferm\u00e9. Nous essayons de mettre tous les atouts de notre c\u00f4t\u00e9 pour nous remettre sur de bons rails, mais je ne suis pas totalement serein. \u00bb<\/p>\n<p id=\"ch_JABUSCO PARC\" style=\"margin-bottom: 1%;\"><a href=\"https:\/\/www.equidia.fr\/chevaux\/jabusco-parc?horse_uuid=2137801d-deab-4355-bcc1-a22412c3a8ab\" target=\"_blank\" rel=\"noopener\">10 &#8211; \u00a0<img decoding=\"async\" alt=\"casaque_JABUSCO PARC\" src=\"https:\/\/www.europesays.com\/fr\/wp-content\/uploads\/2025\/09\/20250921-r1c4p10-png.png\" style=\"width: 4.5%; margin :0; vertical-align : middle;\"\/>\u00a0\u00a0JABUSCO PARC<\/a><\/p>\n<p style=\"text-align: justify;\">Ce prot\u00e9g\u00e9 de Mathieu Hamelin fait montre d&rsquo;une belle r\u00e9gularit\u00e9 sur les champs de courses en herbe mais n&rsquo;a plus foul\u00e9 une piste en dur depuis juillet 2024. Il d\u00e9couvre Vincennes et s&rsquo;attaque \u00e0 forte partie ce samedi. En toute logique, il sera rang\u00e9 dans la colonne des gros outsiders.<\/p>\n<p><strong>Mathieu Hamelin, entra\u00eeneur et driver : <\/strong><\/p>\n<p style=\"text-align: justify;\">\u00ab Jabusco Parc (10) est un cheval attachant qui nous donne de tr\u00e8s belles satisfactions. Toujours \u00e0 la hauteur de nos attentes sur les pistes en herbe, il va se frotter ce dimanche \u00e0 un niveau sup\u00e9rieur. Nous allons nous faire plaisir avec un cheval en pleine possession de ses moyens. Mais soyons r\u00e9alistes, nous ne pouvons esp\u00e9rer que la sixi\u00e8me ou septi\u00e8me place, au mieux. \u00bb<\/p>\n<p id=\"ch_JAHINA VITA\" style=\"margin-bottom: 1%;\"><a href=\"https:\/\/www.equidia.fr\/chevaux\/jahina-vita?horse_uuid=83a4cffd-07ee-4363-996a-609e570eb0e1\" target=\"_blank\" rel=\"noopener\">11 &#8211; \u00a0<img decoding=\"async\" alt=\"casaque_JAHINA VITA\" src=\"https:\/\/www.europesays.com\/fr\/wp-content\/uploads\/2025\/09\/20250921-r1c4p11-png.png\" style=\"width: 4.5%; margin :0; vertical-align : middle;\"\/>\u00a0\u00a0JAHINA VITA<\/a><\/p>\n<p style=\"text-align: justify;\">Auteur d&rsquo;une bonne fin de course le 27 ao\u00fbt aux Sables-d&rsquo;Olonne, face aux seules femelles, elle s&rsquo;est ensuite montr\u00e9e d\u00e9cevante deux semaines plus tard (9e), malgr\u00e9 un parcours tr\u00e8s favorable. Elle \u00e9voluera totalement d\u00e9ferr\u00e9e pour la premi\u00e8re fois, mais o\u00f9 en est-elle r\u00e9ellement ? Des doutes.<\/p>\n<p><strong>Fr\u00e9d\u00e9ric Guinhut, entra\u00eeneur et driver : <\/strong><\/p>\n<p style=\"text-align: justify;\">\u00ab Jahina Vita (11) fait face \u00e0 un tr\u00e8s bel engagement. Sa tentative aux Sables-d&rsquo;Olonne le 12 septembre avait pour but de nous mettre dans les meilleures dispositions possibles pour dimanche. J&rsquo;aurais aim\u00e9 la voir plus tranchante que \u00e7a pour finir, mais \u00e0 sa d\u00e9charge, cette course tactique n&rsquo;a pas servi ses int\u00e9r\u00eats. Elle sera pour la premi\u00e8re fois d\u00e9ferr\u00e9e des quatre pieds pour tenter de lui faire passer un nouveau palier. Je la pense comp\u00e9titive pour une place. \u00bb<\/p>\n<p id=\"ch_JUST A MAN\" style=\"margin-bottom: 1%;\"><a href=\"https:\/\/www.equidia.fr\/chevaux\/just-a-man-1?horse_uuid=705ae64f-1106-4977-9612-6e1e3944d9bb\" target=\"_blank\" rel=\"noopener\">12 &#8211; \u00a0<img decoding=\"async\" alt=\"casaque_JUST A MAN\" src=\"https:\/\/www.europesays.com\/fr\/wp-content\/uploads\/2025\/09\/1758399629_904_20250921-r1c4p12-png.png\" style=\"width: 4.5%; margin :0; vertical-align : middle;\"\/>\u00a0\u00a0JUST A MAN<\/a><\/p>\n<p style=\"text-align: justify;\">Ce hongre vient d&rsquo;afficher un net regain de forme sur l&rsquo;herbe d&rsquo;Agon-Coutainville, en retrait de l&rsquo;intouchable Jenufa. Il \u00e9voluera pieds nus cette fois, configuration dans laquelle il a souvent perform\u00e9 (cinq places en huit essais). La m\u00e9fiance est de mise.<\/p>\n<p><strong>\u00c9milie Le Beller, entra\u00eeneur : <\/strong><\/p>\n<p style=\"text-align: justify;\">\u00ab Just A Man (12) vient de bien se comporter sur l&rsquo;herbe d&rsquo;Agon-Coutainville, le 31 ao\u00fbt. Il est plus \u00e0 l&rsquo;aise sur l&rsquo;herbe, mais nous retentons sur la grande piste de Vincennes, d\u00e9ferr\u00e9 des quatre pieds et avec un \u00ab\u00a0pilote\u00a0\u00bb. Une place est envisageable. \u00bb<\/p>\n<p id=\"ch_JIRENZO\" style=\"margin-bottom: 1%;\"><a href=\"https:\/\/www.equidia.fr\/chevaux\/jirenzo?horse_uuid=3c904672-6b33-495b-9c55-93de0f426f63\" target=\"_blank\" rel=\"noopener\">13 &#8211; \u00a0<img decoding=\"async\" alt=\"casaque_JIRENZO\" src=\"https:\/\/www.europesays.com\/fr\/wp-content\/uploads\/2025\/09\/20250921-r1c4p13-png.png\" style=\"width: 4.5%; margin :0; vertical-align : middle;\"\/>\u00a0\u00a0JIRENZO<\/a><\/p>\n<p style=\"text-align: justify;\">Cet attentiste n&rsquo;a gu\u00e8re convaincu cette ann\u00e9e, en d\u00e9pit de deux places plut\u00f4t correctes dans le nord de la France. Il a repris de la fra\u00eecheur depuis son cuisant \u00e9chec dans le Quint\u00e9+ du 12 juillet \u00e0 Enghien, mais semble nettement barr\u00e9 par les principaux favoris. Simple outsider.<\/p>\n<p><strong>L&rsquo;avis du reporter : <\/strong><\/p>\n<p style=\"text-align: justify;\">\u00ab Il n&rsquo;\u00e9tait pas facile pour Jirenzo (13) de soutenir la comparaison lors de sa derni\u00e8re apparition \u00e0 Enghien, mi-juillet. Depuis, il a repris de la fra\u00eecheur. Il fera logiquement partie des outsiders, mais il n&rsquo;est pas hors d&rsquo;affaire pour autant. \u00bb<\/p>\n<p id=\"ch_JOURNAL INTIME\" style=\"margin-bottom: 1%;\"><a href=\"https:\/\/www.equidia.fr\/chevaux\/journal-intime?horse_uuid=8d99218a-f5ad-482d-9886-9738fef84df1\" target=\"_blank\" rel=\"noopener\">14 &#8211; \u00a0<img decoding=\"async\" alt=\"casaque_JOURNAL INTIME\" src=\"https:\/\/www.europesays.com\/fr\/wp-content\/uploads\/2025\/09\/20250921-r1c4p14-png.png\" style=\"width: 4.5%; margin :0; vertical-align : middle;\"\/>\u00a0\u00a0JOURNAL INTIME<\/a><\/p>\n<p style=\"text-align: justify;\">Ce fils de Royal Dream donne toujours son maximum mais n&rsquo;a aucune marge de man\u0153uvre en pareille compagnie. De plus, ses trois essais sur la grande piste de Vincennes se sont sold\u00e9s par des \u00e9checs. Malgr\u00e9 sa forme et la qualit\u00e9 de son engagement, il sera uniquement envisag\u00e9 en cas de d\u00e9faillances.<\/p>\n<p><strong>Antoine Marion, entra\u00eeneur : <\/strong><\/p>\n<p style=\"text-align: justify;\">\u00ab Je pense que Journal Intime (14) est arriv\u00e9 \u00e0 maturit\u00e9. Il a pris de la force, ce qui doit lui permettre d&rsquo;\u00eatre plus \u00e0 l&rsquo;aise que l&rsquo;an pass\u00e9 sur la grande piste de Vincennes. Il est en forme et \u00e9volue dans sa cat\u00e9gorie. Le parcours sera important pour lui, qui doit courir cach\u00e9. Je le pense capable d&rsquo;int\u00e9grer la bonne combinaison du Quint\u00e9+. \u00bb<\/p>\n<p id=\"ch_JAZZMAN\" style=\"margin-bottom: 1%;\"><a href=\"https:\/\/www.equidia.fr\/chevaux\/jazzman-1?horse_uuid=a5033738-2cd5-49cf-b1f8-83e20e2883da\" target=\"_blank\" rel=\"noopener\">15 &#8211; \u00a0<img decoding=\"async\" alt=\"casaque_JAZZMAN\" src=\"https:\/\/www.europesays.com\/fr\/wp-content\/uploads\/2025\/09\/1758399631_269_20250921-r1c4p15-png.png\" style=\"width: 4.5%; margin :0; vertical-align : middle;\"\/>\u00a0\u00a0JAZZMAN<\/a><\/p>\n<p style=\"text-align: justify;\">Fautif \u00e0 la sortie du tournant final lundi dernier \u00e0 Laval, alors qu&rsquo;il se rapprochait avec de grosses ressources, ce sujet dou\u00e9 cherche une compensation ici. Il est en retard de gains et \u00e9voluera totalement d\u00e9ferr\u00e9 pour la cinqui\u00e8me fois de sa carri\u00e8re seulement. \u00c0 l&rsquo;issue d&rsquo;un parcours sans encombre, il ne sera pas loin de la v\u00e9rit\u00e9.<\/p>\n<p><strong>L&rsquo;avis du reporter : <\/strong><\/p>\n<p style=\"text-align: justify;\">\u00ab Il ne faut certainement pas condamner Jazzman (15) sur sa disqualification dans le dernier tournant \u00e0 Laval le 15 septembre. Il n&rsquo;a pas eu un parcours \u00e9prouvant et ne devrait pas \u00eatre g\u00ean\u00e9 par le fait de courir \u00e0 six jours d&rsquo;intervalle. Le parcours sera primordial pour lui, mais sa chance th\u00e9orique est de premier ordre. \u00bb<\/p>\n<p id=\"ch_JERK HAUFOR\" style=\"margin-bottom: 1%;\"><a href=\"https:\/\/www.equidia.fr\/chevaux\/jerk-haufor?horse_uuid=6abd031f-22c0-491e-8a9f-947416b6a4a0\" target=\"_blank\" rel=\"noopener\">16 &#8211; \u00a0<img decoding=\"async\" alt=\"casaque_JERK HAUFOR\" src=\"https:\/\/www.europesays.com\/fr\/wp-content\/uploads\/2025\/09\/1758399631_559_20250921-r1c4p16-png.png\" style=\"width: 4.5%; margin :0; vertical-align : middle;\"\/>\u00a0\u00a0JERK HAUFOR<\/a><\/p>\n<p style=\"text-align: justify;\">Cet \u00e9l\u00e8ve de Pierre Pellerot a simplement \u00e9t\u00e9 devanc\u00e9 par un cheval en net retard de gains (Jackpot du D\u00f4me) en dernier lieu. Il est au top et d\u00e9couvre ici un engagement id\u00e9al, \u00e0 seulement 125 \u20ac du plafond. Associ\u00e9 \u00e0 Alexandre Abrivard pour ses d\u00e9buts \u00e0 Vincennes, il m\u00e9rite une note de m\u00e9fiance.<\/p>\n<p><strong>Pierre Pellerot, entra\u00eeneur : <\/strong><\/p>\n<p style=\"text-align: justify;\">\u00ab Jerk Haufor (16) va se tester sur la grande piste de Vincennes. Nous verrons s&rsquo;il poss\u00e8de le niveau, mais une chose est s\u00fbre, c&rsquo;est le moment ou jamais d&rsquo;essayer. Il est en tr\u00e8s grande forme et d\u00e9couvre un engagement sur mesure. Il s&rsquo;est bien comport\u00e9 lors de ses r\u00e9centes deuxi\u00e8mes places \u00e0 Lyon et aux Sables, malgr\u00e9 des parcours assez \u00e9prouvants. Une place me satisferait. \u00bb<\/p>\n<p><strong>Les favoris de la presse<\/strong><\/p>\n<p class=\"synthese\"><strong>SYNTH\u00c8SE \u00a0\u00a0\u00a0\u00a015\u00a0\u00a0&#8211;\u00a0\u00a01\u00a0\u00a0&#8211;\u00a0\u00a06\u00a0\u00a0&#8211;\u00a0\u00a09\u00a0\u00a0&#8211;\u00a0\u00a011\u00a0\u00a0&#8211;\u00a0\u00a08\u00a0\u00a0&#8211;\u00a0\u00a07\u00a0\u00a0&#8211;\u00a0\u00a04<\/strong><\/p>\n<p><a href=\"https:\/\/servedby.revive-adserver.net\/ck.php?n=aa10a822&amp;cb=1234\" target=\"_blank\" rel=\"noopener\"><img decoding=\"async\" alt=\"\" border=\"0\" src=\"https:\/\/www.europesays.com\/fr\/wp-content\/uploads\/2025\/09\/1758399632_359_avw\"\/><\/a><\/p>\n<p><strong>Les stats du jour<\/strong><\/p>\n<p><img decoding=\"async\" src=\"https:\/\/www.europesays.com\/fr\/wp-content\/uploads\/2025\/09\/0921_stats-web_2025-jpg\"\/><\/p>\n<p><strong>Nos \u00e9missions de pronos<\/strong><a href=\"https:\/\/www.equidia.fr\/emissions\/3-mn-q-2023\" target=\"_blank\" rel=\"noopener\"><img decoding=\"async\" alt=\"3min-pronos\" class=\"img_prono\" src=\"https:\/\/www.europesays.com\/fr\/wp-content\/uploads\/2025\/04\/vignette-article-3min-pronos-jpg-1.jpeg\"\/><\/a>3 mn PRONOS du 21\/09<br \/>(Disponible samedi 20 septembre 2025, \u00e0 partir de 17h55)<a href=\"https:\/\/www.equidia.fr\/emissions\/ticket-gagnant-2023\" target=\"_blank\" rel=\"noopener\"><img decoding=\"async\" alt=\"ticket-gagnant\" class=\"img_prono\" src=\"https:\/\/www.europesays.com\/fr\/wp-content\/uploads\/2025\/04\/vignette-article-ticket-gagnant-jpg-1.jpeg\"\/><\/a>TICKET GAGNANT du 21\/09<br \/>(Disponible samedi 20 septembre 2025, \u00e0 partir de 18h00)<\/p>\n","protected":false},"excerpt":{"rendered":"Les partants du Quint\u00e9+ de ce dimanche 21 septembrePRIX DE TAVERNYDIMANCHE 21 SEPTEMBREPARIS-VINCENNES &#8211; 2850 METRES &#8211; \u00a0D\u00c9PART&hellip;\n","protected":false},"author":2,"featured_media":405614,"comment_status":"","ping_status":"","sticky":false,"template":"","format":"standard","meta":{"footnotes":""},"categories":[1888],"tags":[11,7635,1777,674,1011,27,12,626,1821,3015,25,7637],"class_list":{"0":"post-405613","1":"post","2":"type-post","3":"status-publish","4":"format-standard","5":"has-post-thumbnail","7":"category-paris","8":"tag-actualites","9":"tag-attele","10":"tag-eu","11":"tag-europe","12":"tag-fr","13":"tag-france","14":"tag-news","15":"tag-paris","16":"tag-pronostics","17":"tag-qrcode","18":"tag-republique-francaise","19":"tag-trot"},"share_on_mastodon":{"url":"https:\/\/pubeurope.com\/@fr\/115238485279872540","error":""},"_links":{"self":[{"href":"https:\/\/www.europesays.com\/fr\/wp-json\/wp\/v2\/posts\/405613","targetHints":{"allow":["GET"]}}],"collection":[{"href":"https:\/\/www.europesays.com\/fr\/wp-json\/wp\/v2\/posts"}],"about":[{"href":"https:\/\/www.europesays.com\/fr\/wp-json\/wp\/v2\/types\/post"}],"author":[{"embeddable":true,"href":"https:\/\/www.europesays.com\/fr\/wp-json\/wp\/v2\/users\/2"}],"replies":[{"embeddable":true,"href":"https:\/\/www.europesays.com\/fr\/wp-json\/wp\/v2\/comments?post=405613"}],"version-history":[{"count":0,"href":"https:\/\/www.europesays.com\/fr\/wp-json\/wp\/v2\/posts\/405613\/revisions"}],"wp:featuredmedia":[{"embeddable":true,"href":"https:\/\/www.europesays.com\/fr\/wp-json\/wp\/v2\/media\/405614"}],"wp:attachment":[{"href":"https:\/\/www.europesays.com\/fr\/wp-json\/wp\/v2\/media?parent=405613"}],"wp:term":[{"taxonomy":"category","embeddable":true,"href":"https:\/\/www.europesays.com\/fr\/wp-json\/wp\/v2\/categories?post=405613"},{"taxonomy":"post_tag","embeddable":true,"href":"https:\/\/www.europesays.com\/fr\/wp-json\/wp\/v2\/tags?post=405613"}],"curies":[{"name":"wp","href":"https:\/\/api.w.org\/{rel}","templated":true}]}}