{"id":405615,"date":"2025-09-20T20:21:12","date_gmt":"2025-09-20T20:21:12","guid":{"rendered":"https:\/\/www.europesays.com\/fr\/405615\/"},"modified":"2025-09-20T20:21:12","modified_gmt":"2025-09-20T20:21:12","slug":"ligue-1-le-racing-rend-visite-au-paris-fc-pour-un-duel-entre-ambitieux-et-fortunes","status":"publish","type":"post","link":"https:\/\/www.europesays.com\/fr\/405615\/","title":{"rendered":"Ligue 1. Le Racing\u00a0rend visite au Paris FC pour un duel entre ambitieux et fortun\u00e9s"},"content":{"rendered":"<p>44 m\u00e8tres\u2026 c\u2019est la distance minimale entre le Parc des Princes, antre mythique du sport fran\u00e7ais et du Paris Saint-Germain, et le stade Jean-Bouin, qui accueille depuis cette saison le Paris FC, promu en Ligue\u00a01.<\/p>\n<p>47 ans\u2026 c\u2019est le temps qui s\u2019est \u00e9coul\u00e9 depuis la derni\u00e8re opposition au plus haut niveau du foot fran\u00e7ais entre le Racing et ce m\u00eame Paris FC.<\/p>\n<p>Le match avait eu lieu au Parc des Princes, le 5\u00a0septembre 1978. Sur la route de son unique titre de champion de France, le Racing s\u2019\u00e9tait impos\u00e9 1-0 \u00e0 la 80e minute gr\u00e2ce \u00e0 un but d\u2019Yves Ehrlacher sur une passe d\u2019<a href=\"https:\/\/www.dna.fr\/p\/albert-gemmrich\" target=\"_blank\" rel=\"noopener\">Albert Gemmrich<\/a>.<\/p>\n<p>\u00c0 l\u2019issue de cette saison, le PFC avait \u00e9t\u00e9 rel\u00e9gu\u00e9. Et avant cet \u00e9t\u00e9, le club parisien n\u2019avait plus \u00e9volu\u00e9 \u00e0 ce niveau sur la sc\u00e8ne hexagonale.<\/p>\n<p>La derni\u00e8re fois que le Racing est all\u00e9 l\u2019affronter, ce n\u2019\u00e9tait plus au Parc des Princes mais \u00e0 Charl\u00e9ty, en National en ao\u00fbt\u00a02014. Ernest S\u00e9ka avait \u00e9galis\u00e9 dans les arr\u00eats de jeu (1-1, 90e +2).<\/p>\n<p>Un promu soutenu par la famille Arnault<\/p>\n<p>Un temps b\u00e9ni pour certains o\u00f9 le&#8230;<\/p>\n","protected":false},"excerpt":{"rendered":"44 m\u00e8tres\u2026 c\u2019est la distance minimale entre le Parc des Princes, antre mythique du sport fran\u00e7ais et du&hellip;\n","protected":false},"author":2,"featured_media":405616,"comment_status":"","ping_status":"","sticky":false,"template":"","format":"standard","meta":{"footnotes":""},"categories":[1888],"tags":[11,2880,1777,674,107,63,1011,27,12,626,41281,25,517,640,2879],"class_list":{"0":"post-405615","1":"post","2":"type-post","3":"status-publish","4":"format-standard","5":"has-post-thumbnail","7":"category-paris","8":"tag-actualites","9":"tag-edition-strasbourg","10":"tag-eu","11":"tag-europe","12":"tag-fil-info","13":"tag-football","14":"tag-fr","15":"tag-france","16":"tag-news","17":"tag-paris","18":"tag-racing-club-strasbourg-masculin","19":"tag-republique-francaise","20":"tag-sport","21":"tag-strasbourg","22":"tag-strasbourg-ville"},"share_on_mastodon":{"url":"","error":""},"_links":{"self":[{"href":"https:\/\/www.europesays.com\/fr\/wp-json\/wp\/v2\/posts\/405615","targetHints":{"allow":["GET"]}}],"collection":[{"href":"https:\/\/www.europesays.com\/fr\/wp-json\/wp\/v2\/posts"}],"about":[{"href":"https:\/\/www.europesays.com\/fr\/wp-json\/wp\/v2\/types\/post"}],"author":[{"embeddable":true,"href":"https:\/\/www.europesays.com\/fr\/wp-json\/wp\/v2\/users\/2"}],"replies":[{"embeddable":true,"href":"https:\/\/www.europesays.com\/fr\/wp-json\/wp\/v2\/comments?post=405615"}],"version-history":[{"count":0,"href":"https:\/\/www.europesays.com\/fr\/wp-json\/wp\/v2\/posts\/405615\/revisions"}],"wp:featuredmedia":[{"embeddable":true,"href":"https:\/\/www.europesays.com\/fr\/wp-json\/wp\/v2\/media\/405616"}],"wp:attachment":[{"href":"https:\/\/www.europesays.com\/fr\/wp-json\/wp\/v2\/media?parent=405615"}],"wp:term":[{"taxonomy":"category","embeddable":true,"href":"https:\/\/www.europesays.com\/fr\/wp-json\/wp\/v2\/categories?post=405615"},{"taxonomy":"post_tag","embeddable":true,"href":"https:\/\/www.europesays.com\/fr\/wp-json\/wp\/v2\/tags?post=405615"}],"curies":[{"name":"wp","href":"https:\/\/api.w.org\/{rel}","templated":true}]}}