{"id":405619,"date":"2025-09-20T20:23:15","date_gmt":"2025-09-20T20:23:15","guid":{"rendered":"https:\/\/www.europesays.com\/fr\/405619\/"},"modified":"2025-09-20T20:23:15","modified_gmt":"2025-09-20T20:23:15","slug":"kyiv-recoit-1000-corps-que-la-russie-dit-etre-des-soldats-ukrainiens-tombes","status":"publish","type":"post","link":"https:\/\/www.europesays.com\/fr\/405619\/","title":{"rendered":"Kyiv re\u00e7oit 1000 corps que la Russie dit \u00eatre des soldats ukrainiens tomb\u00e9s"},"content":{"rendered":"<p class=\"mb-4 text-lg md:leading-8 break-words\">L&rsquo;Ukraine a re\u00e7u les corps de ce que la Russie a d\u00e9clar\u00e9 \u00eatre 1 000 soldats tomb\u00e9s au combat jeudi, a indiqu\u00e9 un responsable gouvernemental, dans un <strong>rare moment de coop\u00e9ration entre les deux pays<\/strong> alors que les pourparlers de paix restent au point mort.<\/p>\n<p class=\"mb-4 text-lg md:leading-8 break-words\">Le Quartier g\u00e9n\u00e9ral de coordination de l&rsquo;Ukraine pour le traitement des prisonniers de guerre a d\u00e9clar\u00e9 que les responsables allaient maintenant \u00ab\u00a0effectuer tous les examens n\u00e9cessaires pour identifier les corps rapatri\u00e9s\u00a0\u00bb, ajoutant que cette identification aurait lieu \u00ab\u00a0d\u00e8s que possible\u00a0\u00bb.<\/p>\n<p class=\"mb-4 text-lg md:leading-8 break-words\">Cette op\u00e9ration fait suite \u00e0 plusieurs \u00e9changes de prisonniers entre l&rsquo;Ukraine et la Russie. Le plus r\u00e9cent, en ao\u00fbt, a vu les deux pays transf\u00e9rer <a href=\"https:\/\/fr.news.yahoo.com\/guerre-ukraine-nouvel-%C3%A9change-soldats-075740910.html\" data-ylk=\"slk:chacun 146 prisonniers de guerre.;elm:context_link;itc:0;sec:content-canvas;outcm:mb_qualified_link;_E:mb_qualified_link;ct:story;\" class=\"link  yahoo-link\" target=\"_blank\" rel=\"noopener\"><strong>chacun 146 prisonniers de guerre.<\/strong><\/a><\/p>\n<p class=\"mb-4 text-lg md:leading-8 break-words\">Les \u00e9changes de prisonniers et les accords pour le retour des soldats tomb\u00e9s sont <strong>deux des rares r\u00e9sultats concrets des trois s\u00e9ries de pourparlers d&rsquo;Istanbul<\/strong> entre la Russie et l&rsquo;Ukraine, tenus de mai \u00e0 juillet.<\/p>\n<p class=\"mb-4 text-lg md:leading-8 break-words\">Les n\u00e9gociations, qui visaient \u00e0 atteindre au moins un cessez-le-feu temporaire dans l&rsquo;invasion \u00e0 grande \u00e9chelle de l&rsquo;Ukraine par la Russie, sont au point mort.<\/p>\n<p class=\"mb-4 text-lg md:leading-8 break-words\">Moscou a attaqu\u00e9 l&rsquo;Ukraine \u00e0 plusieurs reprises, y compris lors de certaines des <a href=\"https:\/\/fr.news.yahoo.com\/attaque-massive-drones-russes-nuit-065217059.html\" data-ylk=\"slk:plus grandes frappes;elm:context_link;itc:0;sec:content-canvas;outcm:mb_qualified_link;_E:mb_qualified_link;ct:story;\" class=\"link  yahoo-link\" target=\"_blank\" rel=\"noopener\"><strong>plus grandes frappes<\/strong><\/a> depuis le d\u00e9but de sa guerre totale en d\u00e9but 2022, malgr\u00e9 sa participation \u00e0 des discussions visant \u00e0 trouver un accord pour y mettre fin.<\/p>\n<p><img alt=\"Le ministre des Affaires \u00e9trang\u00e8res du Danemark, Lars Lokke Rasmussen, et le ministre des Affaires \u00e9trang\u00e8res de l'Ukraine, Andrii Sybiha, d\u00e9posent des fleurs au mur comm\u00e9moratif des soldats tomb\u00e9s \u00e0 Kyiv, en Ukraine, le 12 septembre.\" loading=\"lazy\" width=\"808\" height=\"539\" decoding=\"async\" data-nimg=\"1\" class=\"rounded-lg\" style=\"color:transparent\" src=\"https:\/\/www.europesays.com\/fr\/wp-content\/uploads\/2025\/09\/8aa1f2e8bafb505d0dc309ae7dc36efc.jpeg\"\/><\/p>\n<p> Le ministre des Affaires \u00e9trang\u00e8res du Danemark, Lars Lokke Rasmussen, et le ministre des Affaires \u00e9trang\u00e8res de l&rsquo;Ukraine, Andrii Sybiha, d\u00e9posent des fleurs au mur comm\u00e9moratif des soldats tomb\u00e9s \u00e0 Kyiv, en Ukraine, le 12 septembre.   &#8211; AP Photo <\/p>\n<p class=\"mb-4 text-lg md:leading-8 break-words\">Le dernier rapatriement a \u00e9t\u00e9 r\u00e9alis\u00e9 dans le cadre d&rsquo;un effort conjoint entre les forces arm\u00e9es, les services de s\u00e9curit\u00e9 de l&rsquo;Ukraine, le minist\u00e8re de l&rsquo;Int\u00e9rieur et avec le soutien de la Croix-Rouge, a d\u00e9clar\u00e9 le centre de coordination ukrainien.<\/p>\n<p class=\"mb-4 text-lg md:leading-8 break-words\">L&rsquo;Ukraine a d\u00e9j\u00e0 d\u00e9clar\u00e9 que la Russie <strong>avait remis les corps de ses propres soldats, affirmant qu&rsquo;ils \u00e9taient ukrainiens<\/strong>.<\/p>\n<p class=\"mb-4 text-lg md:leading-8 break-words\">Les m\u00e9dias nationaux, citant des responsables, ont rapport\u00e9 en juin que trois soldats rendus \u00e0 l&rsquo;Ukraine dans le cadre d&rsquo;un \u00e9change de soldats tomb\u00e9s \u00e9taient en r\u00e9alit\u00e9 russes, dans une tentative de Moscou de <strong>dissimuler l&rsquo;ampleur r\u00e9elle de ses pertes sur le champ de bataille<\/strong>.<\/p>\n<p class=\"mb-4 text-lg md:leading-8 break-words\">Malgr\u00e9 cette rare instance de coop\u00e9ration jeudi, <strong>les pourparlers entre la Russie et l&rsquo;Ukraine restent bloqu\u00e9s,<\/strong> les ultimatums et les d\u00e9lais du pr\u00e9sident am\u00e9ricain Donald Trump pour que le Kremlin accepte la paix \u00e9tant pass\u00e9s sans cons\u00e9quence.<\/p>\n<p class=\"mb-4 text-lg md:leading-8 break-words\">Les attaques russes de jeudi ont <strong>tu\u00e9 au moins cinq personnes dans la ville de Kostiantynivka<\/strong>, dans la r\u00e9gion de Donetsk, ont indiqu\u00e9 des responsables, apr\u00e8s que Moscou a utilis\u00e9 une bombe FAB-250 sur une zone r\u00e9sidentielle.<\/p>\n<p class=\"mb-4 text-lg md:leading-8 break-words\">Le pr\u00e9sident ukrainien Volodymyr Zelensky a appel\u00e9 \u00e0 un syst\u00e8me de d\u00e9fense a\u00e9rienne europ\u00e9en \u00e0 plusieurs niveaux face \u00e0 l&rsquo;agression continue de la Russie.<\/p>\n","protected":false},"excerpt":{"rendered":"L&rsquo;Ukraine a re\u00e7u les corps de ce que la Russie a d\u00e9clar\u00e9 \u00eatre 1 000 soldats tomb\u00e9s au&hellip;\n","protected":false},"author":2,"featured_media":405620,"comment_status":"","ping_status":"","sticky":false,"template":"","format":"standard","meta":{"footnotes":""},"categories":[1590],"tags":[11,53684,31906,1777,674,5493,9932,12,11232,220],"class_list":{"0":"post-405619","1":"post","2":"type-post","3":"status-publish","4":"format-standard","5":"has-post-thumbnail","7":"category-ukraine","8":"tag-actualites","9":"tag-declare-que","10":"tag-echanges-de-prisonniers","11":"tag-eu","12":"tag-europe","13":"tag-lukraine","14":"tag-ministre-des-affaires-etrangeres","15":"tag-news","16":"tag-soldats","17":"tag-ukraine"},"share_on_mastodon":{"url":"https:\/\/pubeurope.com\/@fr\/115238496560022660","error":""},"_links":{"self":[{"href":"https:\/\/www.europesays.com\/fr\/wp-json\/wp\/v2\/posts\/405619","targetHints":{"allow":["GET"]}}],"collection":[{"href":"https:\/\/www.europesays.com\/fr\/wp-json\/wp\/v2\/posts"}],"about":[{"href":"https:\/\/www.europesays.com\/fr\/wp-json\/wp\/v2\/types\/post"}],"author":[{"embeddable":true,"href":"https:\/\/www.europesays.com\/fr\/wp-json\/wp\/v2\/users\/2"}],"replies":[{"embeddable":true,"href":"https:\/\/www.europesays.com\/fr\/wp-json\/wp\/v2\/comments?post=405619"}],"version-history":[{"count":0,"href":"https:\/\/www.europesays.com\/fr\/wp-json\/wp\/v2\/posts\/405619\/revisions"}],"wp:featuredmedia":[{"embeddable":true,"href":"https:\/\/www.europesays.com\/fr\/wp-json\/wp\/v2\/media\/405620"}],"wp:attachment":[{"href":"https:\/\/www.europesays.com\/fr\/wp-json\/wp\/v2\/media?parent=405619"}],"wp:term":[{"taxonomy":"category","embeddable":true,"href":"https:\/\/www.europesays.com\/fr\/wp-json\/wp\/v2\/categories?post=405619"},{"taxonomy":"post_tag","embeddable":true,"href":"https:\/\/www.europesays.com\/fr\/wp-json\/wp\/v2\/tags?post=405619"}],"curies":[{"name":"wp","href":"https:\/\/api.w.org\/{rel}","templated":true}]}}