{"id":405628,"date":"2025-09-20T20:28:15","date_gmt":"2025-09-20T20:28:15","guid":{"rendered":"https:\/\/www.europesays.com\/fr\/405628\/"},"modified":"2025-09-20T20:28:15","modified_gmt":"2025-09-20T20:28:15","slug":"apres-trump-budapest-exhorte-lue-a-classer-le-mouvement-antifa-comme-terroriste","status":"publish","type":"post","link":"https:\/\/www.europesays.com\/fr\/405628\/","title":{"rendered":"Apr\u00e8s Trump, Budapest exhorte l&rsquo;UE \u00e0 classer le mouvement \u00ab\u00a0Antifa\u00a0\u00bb comme \u00ab\u00a0terroriste\u00a0\u00bb"},"content":{"rendered":"<p class=\"ap-StoryElement ap-StoryElement--mb ap-StoryText\">Sur X, il mentionne le cas de la militante antifasciste italienne Ilaria Salis qui \u00ab\u00a0a obtenu l&rsquo;immunit\u00e9 apr\u00e8s \u00eatre devenue d\u00e9put\u00e9e europ\u00e9enne\u00a0\u00bb.<\/p>\n<p class=\"ap-StoryElement ap-StoryElement--mb ap-StoryText\">Mme Salis avait \u00e9t\u00e9 arr\u00eat\u00e9e en f\u00e9vrier 2023 avec d&rsquo;autres militants, comme l&rsquo;activiste allemand Maja T., \u00e0 Budapest, qui protestaient contre le \u00ab\u00a0Jour de l&rsquo;Honneur\u00a0\u00bb, comm\u00e9moration annuelle organis\u00e9e par les milieux n\u00e9onazis.<\/p>\n<p class=\"ap-StoryElement ap-StoryElement--mb ap-StoryText\">Son \u00e9lection au parlement europ\u00e9en en juin 2024 avait entra\u00een\u00e9 la lev\u00e9e de son assignation \u00e0 r\u00e9sidence en Hongrie o\u00f9 elle avait \u00e9t\u00e9 incarc\u00e9r\u00e9e auparavant pendant plus d&rsquo;un an.<\/p>\n<p class=\"ap-StoryElement ap-StoryElement--mb ap-StoryText\">Mercredi, une semaine apr\u00e8s l&rsquo;assassinat du militant ultraconservateur Charlie Kirk, le pr\u00e9sident am\u00e9ricain Donald Trump avait d\u00e9sign\u00e9 comme organisation \u00ab\u00a0terroriste\u00a0\u00bb le mouvement \u00ab\u00a0Antifa\u00a0\u00bb.<\/p>\n<p class=\"ap-StoryElement ap-StoryElement--mb ap-StoryText\">Apparu aux Etats-Unis apr\u00e8s l&rsquo;\u00e9lection de Donald Trump en 2016, le mouvement \u00ab\u00a0Antifa\u00a0\u00bb s&rsquo;apparente davantage \u00e0 une mouvance qu&rsquo;\u00e0 un groupe organis\u00e9. D\u00e9pourvu de dirigeants, comme d&rsquo;une structure formelle, il d\u00e9signe plut\u00f4t des groupes informels fonctionnant de fa\u00e7on ind\u00e9pendante, selon l&rsquo;historien am\u00e9ricain Mark Bray, auteur d&rsquo;un livre de r\u00e9f\u00e9rence sur le sujet.<\/p>\n","protected":false},"excerpt":{"rendered":"Sur X, il mentionne le cas de la militante antifasciste italienne Ilaria Salis qui \u00ab\u00a0a obtenu l&rsquo;immunit\u00e9 apr\u00e8s&hellip;\n","protected":false},"author":2,"featured_media":2837,"comment_status":"","ping_status":"","sticky":false,"template":"","format":"standard","meta":{"footnotes":""},"categories":[1586],"tags":[11,672,73,1777,674,1779,1011,27,804,452,12,25,1778,364],"class_list":{"0":"post-405628","1":"post","2":"type-post","3":"status-publish","4":"format-standard","5":"has-post-thumbnail","7":"category-europe","8":"tag-actualites","9":"tag-allemagne","10":"tag-etats-unis","11":"tag-eu","12":"tag-europe","13":"tag-european-union","14":"tag-fr","15":"tag-france","16":"tag-hongrie","17":"tag-italie","18":"tag-news","19":"tag-republique-francaise","20":"tag-ue","21":"tag-union-europeenne"},"share_on_mastodon":{"url":"https:\/\/pubeurope.com\/@fr\/115238515814726870","error":""},"_links":{"self":[{"href":"https:\/\/www.europesays.com\/fr\/wp-json\/wp\/v2\/posts\/405628","targetHints":{"allow":["GET"]}}],"collection":[{"href":"https:\/\/www.europesays.com\/fr\/wp-json\/wp\/v2\/posts"}],"about":[{"href":"https:\/\/www.europesays.com\/fr\/wp-json\/wp\/v2\/types\/post"}],"author":[{"embeddable":true,"href":"https:\/\/www.europesays.com\/fr\/wp-json\/wp\/v2\/users\/2"}],"replies":[{"embeddable":true,"href":"https:\/\/www.europesays.com\/fr\/wp-json\/wp\/v2\/comments?post=405628"}],"version-history":[{"count":0,"href":"https:\/\/www.europesays.com\/fr\/wp-json\/wp\/v2\/posts\/405628\/revisions"}],"wp:featuredmedia":[{"embeddable":true,"href":"https:\/\/www.europesays.com\/fr\/wp-json\/wp\/v2\/media\/2837"}],"wp:attachment":[{"href":"https:\/\/www.europesays.com\/fr\/wp-json\/wp\/v2\/media?parent=405628"}],"wp:term":[{"taxonomy":"category","embeddable":true,"href":"https:\/\/www.europesays.com\/fr\/wp-json\/wp\/v2\/categories?post=405628"},{"taxonomy":"post_tag","embeddable":true,"href":"https:\/\/www.europesays.com\/fr\/wp-json\/wp\/v2\/tags?post=405628"}],"curies":[{"name":"wp","href":"https:\/\/api.w.org\/{rel}","templated":true}]}}