{"id":405629,"date":"2025-09-20T20:29:11","date_gmt":"2025-09-20T20:29:11","guid":{"rendered":"https:\/\/www.europesays.com\/fr\/405629\/"},"modified":"2025-09-20T20:29:11","modified_gmt":"2025-09-20T20:29:11","slug":"giorgia-meloni-espere-larrivee-dun-gouvernement-conservateur-en-france","status":"publish","type":"post","link":"https:\/\/www.europesays.com\/fr\/405629\/","title":{"rendered":"Giorgia Meloni esp\u00e8re l&rsquo;arriv\u00e9e d&rsquo;un gouvernement conservateur en France"},"content":{"rendered":"<p>Dans une vid\u00e9o adress\u00e9e aux participants d\u2019un \u00e9v\u00e9nement organis\u00e9 \u00e0 Paris, la premi\u00e8re ministre italienne a d\u00e9clar\u00e9 souhaiter \u00abplus de gouvernements conservateurs\u00bb \u00e0 ses c\u00f4t\u00e9s.<\/p>\n<p class=\"fig-paragraph\"><a href=\"http:\/\/www.lefigaro.fr\/politique\/giorgia-meloni-de-paria-postfasciste-a-modele-des-droites-francaises-20250609\" data-fig-type=\"Article\" data-gtm-custom-categorie=\"navigation\" data-gtm-custom-action=\"crossclick\" data-gtm-custom-label=\"Contextuel\" data-gtm-event=\"customEventSPE\" data-fig-domain=\"LEFIGARO\" rel=\"nofollow noopener\" target=\"_blank\">La premi\u00e8re ministre italienne Giorgia Meloni,<\/a>\u00a0disant vouloir \u00abchanger l\u2019Europe\u00bb, a souhait\u00e9 samedi davantage de \u00abgouvernements conservateurs\u00bb dans l&rsquo;UE, et notamment en France, en proie \u00e0 l&rsquo;instabilit\u00e9 politique. \u00abNous avons besoin de beaucoup plus de gouvernements conservateurs \u00e0 nos c\u00f4t\u00e9s\u00bb, a d\u00e9clar\u00e9 Meloni dans un message vid\u00e9o en fran\u00e7ais adress\u00e9 au mouvement Identit\u00e9 Libert\u00e9s de\u00a0<a href=\"http:\/\/www.lefigaro.fr\/politique\/dis-moi-comment-je-peux-etre-utile-marion-marechal-face-au-risque-du-grand-effacement-20250713\" data-fig-type=\"Article\" data-gtm-custom-categorie=\"navigation\" data-gtm-custom-action=\"crossclick\" data-gtm-custom-label=\"Contextuel\" data-gtm-event=\"customEventSPE\" data-fig-domain=\"LEFIGARO\" rel=\"nofollow noopener\" target=\"_blank\">l&rsquo;eurod\u00e9put\u00e9e fran\u00e7aise Marion Mar\u00e9chal<\/a>.<\/p>\n<p class=\"fig-paragraph\">\u00abJ&rsquo;esp\u00e8re qu&rsquo;un jour cela pourra aussi arriver en France, pour offrir une alternative gouvernementale forte et cr\u00e9dible \u00e0 des millions de Fran\u00e7ais\u00bb, a d\u00e9clar\u00e9 la Premi\u00e8re ministre italienne, \u00e0 la t\u00eate d&rsquo;un gouvernement ultraconservateur depuis presque trois ans en Italie.<\/p>\n<p>                                    <a class=\"fig-a11y-skip a11y-hidden\" href=\"#fig-a11y-skip-main-inarticle\"><br \/>\n        Passer la publicit\u00e9<br \/>\n    <\/a><\/p>\n<p>\u00abNous essayons aussi de changer l\u2019Europe\u00bb<\/p>\n<p class=\"fig-paragraph\">Dans cette vid\u00e9o, adress\u00e9e aux participants d&rsquo;un \u00e9v\u00e9nement intitul\u00e9 \u00abEn Europe, la droite qui gagne\u00bb organis\u00e9 \u00e0 Paris par Marion Mar\u00e9chal, Giorgia Meloni a dit sa volont\u00e9 de \u00abchanger l&rsquo;Europe\u00bb. \u00abNous devons transmettre le message que nous (les partis conservateurs, ndlr) sommes pr\u00eats partout dans le monde \u00e0 assumer la responsabilit\u00e9 gouvernementale\u00bb, a-t-elle affirm\u00e9.<\/p>\n<p class=\"fig-paragraph\">\u00abEn Italie nous avons d\u00e9montr\u00e9 que la droite est capable de gagner les \u00e9lections mais surtout de gouverner\u00bb, a ajout\u00e9 la premi\u00e8re ministre, au pouvoir depuis 2022 \u00e0 la t\u00eate d&rsquo;une coalition ultra conservatrice, se disant \u00abfi\u00e8re de pr\u00e9sider ce qui s&rsquo;appr\u00eate \u00e0 devenir le troisi\u00e8me gouvernement le plus durable de la R\u00e9publique italienne\u00bb.<\/p>\n<p class=\"fig-paragraph\">La dirigeante italienne a de nouveau vant\u00e9 les r\u00e9sultats \u00e9conomiques de son pays,\u00a0<a href=\"http:\/\/www.lefigaro.fr\/conjoncture\/note-de-l-italie-relevee-la-voie-empruntee-par-notre-gouvernement-est-la-bonne-jubile-giorgia-meloni-20250920\" data-fig-type=\"NewsFlash\" data-gtm-custom-categorie=\"navigation\" data-gtm-custom-action=\"crossclick\" data-gtm-custom-label=\"Contextuel\" data-gtm-event=\"customEventSPE\" data-fig-domain=\"LEFIGARO\" rel=\"nofollow noopener\" target=\"_blank\">dont l&rsquo;agence de notation Fitch a relev\u00e9 la note souveraine vendredi<\/a>, et s&rsquo;est f\u00e9licit\u00e9e d&rsquo;avoir remis l&rsquo;Italie \u00abau centre de la sc\u00e8ne internationale\u00bb. \u00abNous essayons aussi de changer l&rsquo;Europe\u00bb, a-t-elle dit, plaidant pour une UE \u00abmoins bureaucratique et plus souveraine\u00bb, pour \u00abl&rsquo;unit\u00e9 des droites et du centre droit\u00bb, et pour les \u00abvaleurs\u00bb de la \u00abfamille\u00bb, de la \u00abreligion\u00bb, et de l&rsquo;\u00abidentit\u00e9\u00bb.<\/p>\n<p class=\"fig-paragraph\">Le parti de Meloni, Fratelli d&rsquo;Italia, comme celui de Marion Mar\u00e9chal, font partie du groupe Conservateurs et r\u00e9formistes europ\u00e9ens (CRE) au sein du Parlement europ\u00e9en.<\/p>\n","protected":false},"excerpt":{"rendered":"Dans une vid\u00e9o adress\u00e9e aux participants d\u2019un \u00e9v\u00e9nement organis\u00e9 \u00e0 Paris, la premi\u00e8re ministre italienne a d\u00e9clar\u00e9 souhaiter&hellip;\n","protected":false},"author":2,"featured_media":405630,"comment_status":"","ping_status":"","sticky":false,"template":"","format":"standard","meta":{"footnotes":""},"categories":[2],"tags":[11,1011,27,3044,15233,12,25],"class_list":{"0":"post-405629","1":"post","2":"type-post","3":"status-publish","4":"format-standard","5":"has-post-thumbnail","7":"category-actualites","8":"tag-actualites","9":"tag-fr","10":"tag-france","11":"tag-giorgia-meloni","12":"tag-marion-marechal","13":"tag-news","14":"tag-republique-francaise"},"share_on_mastodon":{"url":"https:\/\/pubeurope.com\/@fr\/115238519734328944","error":""},"_links":{"self":[{"href":"https:\/\/www.europesays.com\/fr\/wp-json\/wp\/v2\/posts\/405629","targetHints":{"allow":["GET"]}}],"collection":[{"href":"https:\/\/www.europesays.com\/fr\/wp-json\/wp\/v2\/posts"}],"about":[{"href":"https:\/\/www.europesays.com\/fr\/wp-json\/wp\/v2\/types\/post"}],"author":[{"embeddable":true,"href":"https:\/\/www.europesays.com\/fr\/wp-json\/wp\/v2\/users\/2"}],"replies":[{"embeddable":true,"href":"https:\/\/www.europesays.com\/fr\/wp-json\/wp\/v2\/comments?post=405629"}],"version-history":[{"count":0,"href":"https:\/\/www.europesays.com\/fr\/wp-json\/wp\/v2\/posts\/405629\/revisions"}],"wp:featuredmedia":[{"embeddable":true,"href":"https:\/\/www.europesays.com\/fr\/wp-json\/wp\/v2\/media\/405630"}],"wp:attachment":[{"href":"https:\/\/www.europesays.com\/fr\/wp-json\/wp\/v2\/media?parent=405629"}],"wp:term":[{"taxonomy":"category","embeddable":true,"href":"https:\/\/www.europesays.com\/fr\/wp-json\/wp\/v2\/categories?post=405629"},{"taxonomy":"post_tag","embeddable":true,"href":"https:\/\/www.europesays.com\/fr\/wp-json\/wp\/v2\/tags?post=405629"}],"curies":[{"name":"wp","href":"https:\/\/api.w.org\/{rel}","templated":true}]}}