{"id":405645,"date":"2025-09-20T20:40:12","date_gmt":"2025-09-20T20:40:12","guid":{"rendered":"https:\/\/www.europesays.com\/fr\/405645\/"},"modified":"2025-09-20T20:40:12","modified_gmt":"2025-09-20T20:40:12","slug":"real-madrid-espanyol-mbappe-encore-brillant-le-real-toujours-leader","status":"publish","type":"post","link":"https:\/\/www.europesays.com\/fr\/405645\/","title":{"rendered":"Real Madrid &#8211; Espanyol\u00a0: Mbapp\u00e9 encore brillant, le Real toujours leader"},"content":{"rendered":"<p><a name=\"post1758386437\"\/>18:40 &#8211; Le r\u00e9sum\u00e9<\/p>\n<p>Le Real Madrid a confirm\u00e9 son excellent d\u00e9but de saison en dominant l\u2019Espanyol Barcelone (2-0) lors de la 5e journ\u00e9e de Liga, samedi. Face \u00e0 une \u00e9quipe catalane en confiance, les Merengues ont pris les devants gr\u00e2ce \u00e0 une frappe lointaine et magistrale de Militao (22e). Malgr\u00e9 plusieurs opportunit\u00e9s, Vinicius et Mbapp\u00e9 manquaient le break avant la pause.<\/p>\n<p>D\u00e8s le retour des vestiaires, Mbapp\u00e9 doublait la mise d\u2019une frappe puissante apr\u00e8s un service de Vinicius (47e), scellant quasiment le sort du match. Le Bondynois fr\u00f4lait m\u00eame le doubl\u00e9 sur un lob audacieux (52e). L\u2019Espanyol, volontaire et combatif, tentait de r\u00e9agir, mais Courtois et la d\u00e9fense madril\u00e8ne veillaient.<\/p>\n<p>Dans une seconde p\u00e9riode tendue et ponctu\u00e9e de duels rugueux, le Real ma\u00eetrisait son avance jusqu\u2019au coup de sifflet final. Avec cette victoire, la Casa Blanca (1re, 15 pts) consolide sa place de leader invaincu, tandis que l\u2019Espanyol (3e, 10 pts) voit son podium menac\u00e9.<\/p>\n<p><a name=\"post1758385478\"\/>18:24 &#8211; LE GOLAZO DE MBAPPE (VIDEO)<\/p>\n<p>Revivez en vid\u00e9o le joli but de <a href=\"https:\/\/www.linternaute.fr\/sport\/biographie\/2541514-kylian-mbappe-reintegre-vers-une-prolongation-surprise-au-psg\/\" title=\"Mbapp\u00e9\" target=\"_blank\" rel=\"noopener\">Kylian Mbapp\u00e9<\/a> face \u00e0 l&rsquo;Espanyol<\/p>\n<blockquote class=\"twitter-tweet\"><p>&#13;<\/p>\n<p dir=\"ltr\" lang=\"fr\">???? Encore un GOLAZO pour Kylian Mapp\u00e9 qui cloue le gardien sur place !<br \/>&#13;<br \/>\nLe Fran\u00e7ais est buteur pour son 5\u00e8me match cons\u00e9cutif !<\/p>\n<p>Real Madrid 2-0 Espanyol Barcelone <a href=\"https:\/\/t.co\/P7WsJsj6Ax\">pic.twitter.com\/P7WsJsj6Ax<\/a><\/p>\n<p>&#13;<br \/>\n\u2014 beIN SPORTS (@beinsports_FR) <a href=\"https:\/\/twitter.com\/beinsports_FR\/status\/1969424476480647212?ref_src=twsrc%5Etfw\" target=\"_blank\" rel=\"noopener\">September 20, 2025<\/a><\/p><\/blockquote>\n<p>&#13;<\/p>\n<p><a name=\"post1758384769\"\/>18:12 &#8211; CINQUIEME VICTOIRE DE REAL (2-0)<\/p>\n<p>Sans vraiment briller mais tout en restant sereins, le Real a su s&rsquo;imposer face \u00e0 l&rsquo;Espanyol gr\u00e2ce \u00e0 deux exploits individuels de Miltao et Mbapp\u00e9. Les Merengue mettent la pression sur ses poursuivants au classement<\/p>\n<p><a name=\"post1758384513\"\/>18:08 &#8211; 89&prime; -Retour de Camavinga<\/p>\n<p>Eduardo Camavinga fait son apparition sur le terrain \u00e0 la place Tchouan\u00e9mi alors que Bellingham remplace Mbapp\u00e9<\/p>\n<p><a name=\"post1758384491\"\/>18:08 &#8211; 5 minutes du temps additionnel<\/p>\n<p>Il y aura cinq minutes du temps additionnel dans cette seconde p\u00e9riode entre le Real et l&rsquo;Espanyol<\/p>\n<p><a name=\"post1758384309\"\/>18:05 &#8211; 87&prime; &#8211; Mauvais centre de Valverde<\/p>\n<p>Federico Valverde centre dans la surface, mais il est intercept\u00e9 par la d\u00e9fense.<\/p>\n<p><a name=\"post1758384124\"\/>18:02 &#8211; 85&prime; &#8211; Sortie de Roberto<\/p>\n<p>Le meilleur joueur d&rsquo;Espanyol, Roberto seul, il est remplac\u00e9 par Marc Roca<\/p>\n<p><a name=\"post1758383774\"\/>17:56 &#8211; 78&prime; &#8211; Changement madril\u00e8nes<\/p>\n<p>Entr\u00e9es de Brahim Diaz et Rodrygo \u00e0 la place de Vinicius Junior et Mastantuono du c\u00f4t\u00e9 de Real<\/p>\n<p><a name=\"post1758383565\"\/>17:52 &#8211; 75&prime; &#8211; Mastantuono averti<\/p>\n<p>L&rsquo;arbitre de la rencontre adresse un carton jaune pour Mastantuono pour un pied sur Romero<\/p>\n<p><a name=\"post1758383393\"\/>17:49 &#8211; 72&prime; &#8211; Frappe cadr\u00e9e de Vinicius<\/p>\n<p>Encore une jolie frappe cadr\u00e9e de Vinicius mais Dmitrovic sort le ballon en corner<\/p>\n<p><a name=\"post1758383131\"\/>17:45 &#8211; 67&prime; &#8211; Roberto tente un lob<\/p>\n<p>Belle action individuelle de Roberto mais sa tentative de lob est \u00e9cart\u00e9e par Courtois en corner<\/p>\n<p><a name=\"post1758383103\"\/>17:45 &#8211; 66&prime; &#8211; Tir de Militao<\/p>\n<p>Encore un tir du d\u00e9fenseur Br\u00e9silien, cette fois \u00e7a passe hors cadre largement<\/p>\n<p><a name=\"post1758383055\"\/>17:44 &#8211; 64&prime; &#8211; Vinicius touche le poteau<\/p>\n<p>Sur une action confuse dans la surface, Vinicius h\u00e9rite d&rsquo;un ballon sur le c\u00f4t\u00e9 gauche et tente sa chance mais touche le poteau<\/p>\n<p><a name=\"post1758382711\"\/>17:38 &#8211; 60&prime; &#8211; Entr\u00e9e de G\u00fcler<\/p>\n<p>Sortie de Gonzalo Garcia, invisible aujourd&rsquo;hui et entr\u00e9e d&rsquo;Arda G\u00fcler<\/p>\n<p><a name=\"post1758382409\"\/>17:33 &#8211; 57&prime; &#8211; Asencio au sol<\/p>\n<p>Touch\u00e9 au tibia, le d\u00e9fenseur madril\u00e8ne reste au sol et b\u00e9n\u00e9ficie des soins<\/p>\n<p><script async src=\"https:\/\/platform.twitter.com\/widgets.js\" charset=\"utf-8\"><\/script><\/p>\n","protected":false},"excerpt":{"rendered":"18:40 &#8211; Le r\u00e9sum\u00e9 Le Real Madrid a confirm\u00e9 son excellent d\u00e9but de saison en dominant l\u2019Espanyol Barcelone&hellip;\n","protected":false},"author":2,"featured_media":405646,"comment_status":"","ping_status":"","sticky":false,"template":"","format":"standard","meta":{"footnotes":""},"categories":[1410],"tags":[53685,51761,2257,63,51763,1011,27,6477,51767,4790,60],"class_list":{"0":"post-405645","1":"post","2":"type-post","3":"status-publish","4":"format-standard","5":"has-post-thumbnail","7":"category-football","8":"tag-cms-linternaute-8833490","9":"tag-controller-content","10":"tag-foot","11":"tag-football","12":"tag-format-papier","13":"tag-fr","14":"tag-france","15":"tag-kylian-mbappe","16":"tag-parallaxeinfeed","17":"tag-real-madrid","18":"tag-sports"},"share_on_mastodon":{"url":"https:\/\/pubeurope.com\/@fr\/115238562959426121","error":""},"_links":{"self":[{"href":"https:\/\/www.europesays.com\/fr\/wp-json\/wp\/v2\/posts\/405645","targetHints":{"allow":["GET"]}}],"collection":[{"href":"https:\/\/www.europesays.com\/fr\/wp-json\/wp\/v2\/posts"}],"about":[{"href":"https:\/\/www.europesays.com\/fr\/wp-json\/wp\/v2\/types\/post"}],"author":[{"embeddable":true,"href":"https:\/\/www.europesays.com\/fr\/wp-json\/wp\/v2\/users\/2"}],"replies":[{"embeddable":true,"href":"https:\/\/www.europesays.com\/fr\/wp-json\/wp\/v2\/comments?post=405645"}],"version-history":[{"count":0,"href":"https:\/\/www.europesays.com\/fr\/wp-json\/wp\/v2\/posts\/405645\/revisions"}],"wp:featuredmedia":[{"embeddable":true,"href":"https:\/\/www.europesays.com\/fr\/wp-json\/wp\/v2\/media\/405646"}],"wp:attachment":[{"href":"https:\/\/www.europesays.com\/fr\/wp-json\/wp\/v2\/media?parent=405645"}],"wp:term":[{"taxonomy":"category","embeddable":true,"href":"https:\/\/www.europesays.com\/fr\/wp-json\/wp\/v2\/categories?post=405645"},{"taxonomy":"post_tag","embeddable":true,"href":"https:\/\/www.europesays.com\/fr\/wp-json\/wp\/v2\/tags?post=405645"}],"curies":[{"name":"wp","href":"https:\/\/api.w.org\/{rel}","templated":true}]}}