{"id":405651,"date":"2025-09-20T20:43:09","date_gmt":"2025-09-20T20:43:09","guid":{"rendered":"https:\/\/www.europesays.com\/fr\/405651\/"},"modified":"2025-09-20T20:43:09","modified_gmt":"2025-09-20T20:43:09","slug":"justine-levy-ma-mere-est-dans-tous-mes-livres-car-cest-la-personne-la-plus-demesuree-qui-soit","status":"publish","type":"post","link":"https:\/\/www.europesays.com\/fr\/405651\/","title":{"rendered":"Justine L\u00e9vy: \u00abMa m\u00e8re est dans tous mes livres car c\u2019est la personne la plus d\u00e9mesur\u00e9e qui soit\u00bb"},"content":{"rendered":"<p>Elle confie n\u2019avoir jamais tent\u00e9 la psychanalyse et c\u2019est peut-\u00eatre ce qui donne \u00e0 chacun de ses livres une telle sinc\u00e9rit\u00e9, r\u00e9serv\u00e9e \u00e0 l\u2019\u00e9criture. Quand Justine L\u00e9vy raconte son sentiment d\u2019\u00e9tranget\u00e9, les angoisses qui cognent, ses mots consolent de tout ce qui nous ronge aussi. D\u2019autant qu\u2019elle a l\u2019\u00e9l\u00e9gance de la distance faussement l\u00e9g\u00e8re, l\u2019\u00e9criture solaire. La psychanalyse le sait, on ne gu\u00e9rit pas de ses traumas, on peut juste tenter de cohabiter, en volant toute la joie possible d\u00e8s qu\u2019elle se pointe.<\/p>\n<p>Sublime, aventuri\u00e8re, fantasque, r\u00e9volt\u00e9e, d\u00e9vor\u00e9e par la violence du pass\u00e9, Isabelle Doutreluigne, morte \u00e0 54\u00a0ans, aurait enflamm\u00e9 l\u2019\u00e9cran si sa vie avait \u00e9t\u00e9 adapt\u00e9e au cin\u00e9ma. Thelma et Louise \u00e0 elle seule. C\u2019\u00e9tait aussi une m\u00e8re d\u00e9faillante et h\u00e9ro\u00efnomane \u00e0 force d\u2019avoir \u00e9t\u00e9 bousill\u00e9e par des parents ogres. \u00abIl y avait, dans notre famille, un c\u00f4t\u00e9 Dupont de Ligonn\u00e8s. Mais double Dupont. C\u00f4t\u00e9 p\u00e8re et c\u00f4t\u00e9 m\u00e8re\u00bb, ironise Justine L\u00e9vy, sa fille, dont chaque cellule reste habit\u00e9e par le manque maternel. Deux d\u00e9cennies apr\u00e8s sa disparition, l\u2019\u00e9crivaine plonge aux origines de la trag\u00e9die. Et c\u2019est superbe. Inventaire d\u2019un petit bout de son ciel.<\/p>\n","protected":false},"excerpt":{"rendered":"Elle confie n\u2019avoir jamais tent\u00e9 la psychanalyse et c\u2019est peut-\u00eatre ce qui donne \u00e0 chacun de ses livres&hellip;\n","protected":false},"author":2,"featured_media":405652,"comment_status":"","ping_status":"","sticky":false,"template":"","format":"standard","meta":{"footnotes":""},"categories":[1357],"tags":[1379,58,59,3297,1011,27,1380,301],"class_list":{"0":"post-405651","1":"post","2":"type-post","3":"status-publish","4":"format-standard","5":"has-post-thumbnail","7":"category-livres","8":"tag-books","9":"tag-divertissement","10":"tag-entertainment","11":"tag-entre-temps","12":"tag-fr","13":"tag-france","14":"tag-livres","15":"tag-premium"},"share_on_mastodon":{"url":"https:\/\/pubeurope.com\/@fr\/115238575082081058","error":""},"_links":{"self":[{"href":"https:\/\/www.europesays.com\/fr\/wp-json\/wp\/v2\/posts\/405651","targetHints":{"allow":["GET"]}}],"collection":[{"href":"https:\/\/www.europesays.com\/fr\/wp-json\/wp\/v2\/posts"}],"about":[{"href":"https:\/\/www.europesays.com\/fr\/wp-json\/wp\/v2\/types\/post"}],"author":[{"embeddable":true,"href":"https:\/\/www.europesays.com\/fr\/wp-json\/wp\/v2\/users\/2"}],"replies":[{"embeddable":true,"href":"https:\/\/www.europesays.com\/fr\/wp-json\/wp\/v2\/comments?post=405651"}],"version-history":[{"count":0,"href":"https:\/\/www.europesays.com\/fr\/wp-json\/wp\/v2\/posts\/405651\/revisions"}],"wp:featuredmedia":[{"embeddable":true,"href":"https:\/\/www.europesays.com\/fr\/wp-json\/wp\/v2\/media\/405652"}],"wp:attachment":[{"href":"https:\/\/www.europesays.com\/fr\/wp-json\/wp\/v2\/media?parent=405651"}],"wp:term":[{"taxonomy":"category","embeddable":true,"href":"https:\/\/www.europesays.com\/fr\/wp-json\/wp\/v2\/categories?post=405651"},{"taxonomy":"post_tag","embeddable":true,"href":"https:\/\/www.europesays.com\/fr\/wp-json\/wp\/v2\/tags?post=405651"}],"curies":[{"name":"wp","href":"https:\/\/api.w.org\/{rel}","templated":true}]}}