{"id":405659,"date":"2025-09-20T20:47:12","date_gmt":"2025-09-20T20:47:12","guid":{"rendered":"https:\/\/www.europesays.com\/fr\/405659\/"},"modified":"2025-09-20T20:47:12","modified_gmt":"2025-09-20T20:47:12","slug":"vosges-atteinte-dalzheimer-elle-temoigne-avec-pudeur-de-son-quotidien-bouleverse-par-la-maladie","status":"publish","type":"post","link":"https:\/\/www.europesays.com\/fr\/405659\/","title":{"rendered":"Vosges. Atteinte d\u2019Alzheimer, elle t\u00e9moigne avec pudeur de son quotidien boulevers\u00e9 par la maladie"},"content":{"rendered":"<p>\u00ab Je cherchais beaucoup de choses : des objets, des habits, mais je n\u2019allais pas dans la bonne pi\u00e8ce. \u00bb Monique Brunner, 78 ans, souriante et coquette, a re\u00e7u le diagnostic de la maladie d\u2019Alzheimer il y a un an.<\/p>\n<p>Son mari, Alain, 78 ans \u00e9galement, s\u2019aper\u00e7oit des premiers sympt\u00f4mes deux ans auparavant, lorsqu\u2019il r\u00e9am\u00e9nage leur cuisine. Depuis ces travaux, son \u00e9pouse ne sait plus utiliser le micro-ondes. \u00ab Il y a trois actions \u00e0 faire, mais elle ne les assimile pas. \u00bb<\/p>\n<p>C\u2019est le point de d\u00e9part du d\u00e9pistage : tests, ponction lombaire, IRM.<\/p>\n<p>Mais la femme dynamique est investie dans diff\u00e9rentes associations, dont <a href=\"https:\/\/www.vosgesmatin.fr\/paroles-de-partenaires\/2024\/02\/01\/mieux-comprendre-la-comprendre-pour-mieux-vivre-avec\" target=\"_blank\" rel=\"noopener\">France Alzheimer<\/a>. Elle a&#8230;<\/p>\n","protected":false},"excerpt":{"rendered":"\u00ab Je cherchais beaucoup de choses : des objets, des habits, mais je n\u2019allais pas dans la bonne&hellip;\n","protected":false},"author":2,"featured_media":405660,"comment_status":"","ping_status":"","sticky":false,"template":"","format":"standard","meta":{"footnotes":""},"categories":[10],"tags":[8479,1796,1797,1798,1799,107,1011,27,72,53687,71,104,774],"class_list":{"0":"post-405659","1":"post","2":"type-post","3":"status-publish","4":"format-standard","5":"has-post-thumbnail","7":"category-sante","8":"tag-cc-de-la-region-de-rambervillers-88a","9":"tag-edition-epinal","10":"tag-edition-la-plaine","11":"tag-edition-remiremont-gerardmer","12":"tag-edition-saint-die","13":"tag-fil-info","14":"tag-fr","15":"tag-france","16":"tag-health","17":"tag-jeanmenil","18":"tag-sante","19":"tag-societe","20":"tag-vosges"},"share_on_mastodon":{"url":"https:\/\/pubeurope.com\/@fr\/115238590468707943","error":""},"_links":{"self":[{"href":"https:\/\/www.europesays.com\/fr\/wp-json\/wp\/v2\/posts\/405659","targetHints":{"allow":["GET"]}}],"collection":[{"href":"https:\/\/www.europesays.com\/fr\/wp-json\/wp\/v2\/posts"}],"about":[{"href":"https:\/\/www.europesays.com\/fr\/wp-json\/wp\/v2\/types\/post"}],"author":[{"embeddable":true,"href":"https:\/\/www.europesays.com\/fr\/wp-json\/wp\/v2\/users\/2"}],"replies":[{"embeddable":true,"href":"https:\/\/www.europesays.com\/fr\/wp-json\/wp\/v2\/comments?post=405659"}],"version-history":[{"count":0,"href":"https:\/\/www.europesays.com\/fr\/wp-json\/wp\/v2\/posts\/405659\/revisions"}],"wp:featuredmedia":[{"embeddable":true,"href":"https:\/\/www.europesays.com\/fr\/wp-json\/wp\/v2\/media\/405660"}],"wp:attachment":[{"href":"https:\/\/www.europesays.com\/fr\/wp-json\/wp\/v2\/media?parent=405659"}],"wp:term":[{"taxonomy":"category","embeddable":true,"href":"https:\/\/www.europesays.com\/fr\/wp-json\/wp\/v2\/categories?post=405659"},{"taxonomy":"post_tag","embeddable":true,"href":"https:\/\/www.europesays.com\/fr\/wp-json\/wp\/v2\/tags?post=405659"}],"curies":[{"name":"wp","href":"https:\/\/api.w.org\/{rel}","templated":true}]}}