{"id":405681,"date":"2025-09-20T20:58:28","date_gmt":"2025-09-20T20:58:28","guid":{"rendered":"https:\/\/www.europesays.com\/fr\/405681\/"},"modified":"2025-09-20T20:58:28","modified_gmt":"2025-09-20T20:58:28","slug":"photos-les-anciens-de-las-nancy-lorraine-et-ceux-du-fc-metz-se-sont-retrouves-pour-la-bonne-cause","status":"publish","type":"post","link":"https:\/\/www.europesays.com\/fr\/405681\/","title":{"rendered":"Photos. Les anciens de l&rsquo;AS Nancy Lorraine et ceux du FC Metz se sont retrouv\u00e9s pour la bonne cause"},"content":{"rendered":"<p>Le stade Pavageau de Dombasle accueillait ce samedi une rencontre de gala entre les anciens de l&rsquo;ASNL et ceux du FC Metz, au b\u00e9n\u00e9fice de l&rsquo;association \u00ab\u00a0Nina un rayon de soleil\u00a0\u00bb, qui lutte contre les cancers infantiles. Pr\u00e8s d&rsquo;un millier de personnes avaient pris place en tribune ou derri\u00e8re la main courante. Score final : 2-2. Revivez l&rsquo;apr\u00e8s-midi en images.\u00a0<\/p>\n","protected":false},"excerpt":{"rendered":"Le stade Pavageau de Dombasle accueillait ce samedi une rencontre de gala entre les anciens de l&rsquo;ASNL et&hellip;\n","protected":false},"author":2,"featured_media":405682,"comment_status":"","ping_status":"","sticky":false,"template":"","format":"standard","meta":{"footnotes":""},"categories":[9635],"tags":[1111,11,3703,18871,1707,1704,1706,1705,1777,674,8113,1701,63,1011,27,5325,2798,9540,775,1702,12,25,517,1700],"class_list":{"0":"post-405681","1":"post","2":"type-post","3":"status-publish","4":"format-standard","5":"has-post-thumbnail","7":"category-nancy","8":"tag-actu","9":"tag-actualites","10":"tag-asnl","11":"tag-dombasle-sur-meurthe","12":"tag-edition-luneville","13":"tag-edition-nancy-et-agglomeration","14":"tag-edition-pont-a-mousson","15":"tag-edition-toul","16":"tag-eu","17":"tag-europe","18":"tag-fc-metz","19":"tag-fil-info-sport","20":"tag-football","21":"tag-fr","22":"tag-france","23":"tag-galerie-media","24":"tag-galerie-photo","25":"tag-galerie-sport","26":"tag-grand-est","27":"tag-nancy","28":"tag-news","29":"tag-republique-francaise","30":"tag-sport","31":"tag-sport-lorrain"},"share_on_mastodon":{"url":"https:\/\/pubeurope.com\/@fr\/115238633814502930","error":""},"_links":{"self":[{"href":"https:\/\/www.europesays.com\/fr\/wp-json\/wp\/v2\/posts\/405681","targetHints":{"allow":["GET"]}}],"collection":[{"href":"https:\/\/www.europesays.com\/fr\/wp-json\/wp\/v2\/posts"}],"about":[{"href":"https:\/\/www.europesays.com\/fr\/wp-json\/wp\/v2\/types\/post"}],"author":[{"embeddable":true,"href":"https:\/\/www.europesays.com\/fr\/wp-json\/wp\/v2\/users\/2"}],"replies":[{"embeddable":true,"href":"https:\/\/www.europesays.com\/fr\/wp-json\/wp\/v2\/comments?post=405681"}],"version-history":[{"count":0,"href":"https:\/\/www.europesays.com\/fr\/wp-json\/wp\/v2\/posts\/405681\/revisions"}],"wp:featuredmedia":[{"embeddable":true,"href":"https:\/\/www.europesays.com\/fr\/wp-json\/wp\/v2\/media\/405682"}],"wp:attachment":[{"href":"https:\/\/www.europesays.com\/fr\/wp-json\/wp\/v2\/media?parent=405681"}],"wp:term":[{"taxonomy":"category","embeddable":true,"href":"https:\/\/www.europesays.com\/fr\/wp-json\/wp\/v2\/categories?post=405681"},{"taxonomy":"post_tag","embeddable":true,"href":"https:\/\/www.europesays.com\/fr\/wp-json\/wp\/v2\/tags?post=405681"}],"curies":[{"name":"wp","href":"https:\/\/api.w.org\/{rel}","templated":true}]}}