{"id":405691,"date":"2025-09-20T21:03:09","date_gmt":"2025-09-20T21:03:09","guid":{"rendered":"https:\/\/www.europesays.com\/fr\/405691\/"},"modified":"2025-09-20T21:03:09","modified_gmt":"2025-09-20T21:03:09","slug":"basket-malgre-une-preparation-compliquee-luso-mondeville-realise-le-hold-up-parfait-a-rouen","status":"publish","type":"post","link":"https:\/\/www.europesays.com\/fr\/405691\/","title":{"rendered":"Basket. Malgr\u00e9 une pr\u00e9paration compliqu\u00e9e, l&rsquo;USO Mondeville r\u00e9alise le hold-up parfait \u00e0 Rouen"},"content":{"rendered":"<p>            Par<br \/>\n        <strong><br \/>\n            <a href=\"https:\/\/actu.fr\/auteur\/alexandre-gourlaouen\" title=\"Consulter tous les articles de Alexandre Gourlaouen\" target=\"_blank\" rel=\"noopener\">Alexandre Gourlaouen<\/a><br \/>\n        <\/strong><\/p>\n<p>        Publi\u00e9 le<\/p>\n<p>            20 sept. 2025 \u00e0 22h15        <\/p>\n<p>Il est <b>des victoires qui forgent un groupe. <\/b>C\u2019est peut-\u00eatre ce qu\u2019a v\u00e9cu l\u2019<a href=\"https:\/\/actu.fr\/tag\/uso-mondeville\" target=\"_blank\" rel=\"noopener\">USO Mondeville<\/a> ce samedi 20 septembre 2025 \u00e0 Rouen au 1er tour de la Coupe de France. Men\u00e9es, <b>mais au contact pendant la majorit\u00e9 de la rencontre<\/b>, les joueuses de Morgan Debrosse ont su faire la diff\u00e9rence dans le money-time pour se qualifier pour le prochain tour (61-74).<\/p>\n<p>Des Lionnes en patronnes en fin de match<\/p>\n<p class=\" wall-content\">Le d\u00e9but de match, s\u2019il est en faveur de Rouen, est tr\u00e8s serr\u00e9. L\u2019\u00e9cart <b>ne passe au-dessus des cinq points<\/b> que juste avant la pause (33-27, 18\u2032). Avant cela, l\u2019USOM se bat <b>gr\u00e2ce \u00e0 sa facult\u00e9 \u00e0 se procurer des lancers francs<\/b> (13 tirs depuis la ligne \u00e0 la mi-temps). Au retour des vestiaires, Rouen <b>pense faire le plus dur<\/b> en s\u2019approchant des dix points d\u2019avance (39-30, 21\u2032). Mais Shelby Saint-Juste inscrit cinq points cons\u00e9cutifs et lance le retour mondevillais. De retour \u00e0 \u00e9galit\u00e9 (47-47, 26\u2032), <b>les Lionnes ne l\u00e2chent pas le morceau<\/b> et passent m\u00eame devant avant les dix derni\u00e8res minutes (49-52, 30\u2032).<\/p>\n<p class=\" wall-content\">Les deux \u00e9quipes placent leur s\u00e9rie de paniers et le score <b>est encore tr\u00e8s ind\u00e9cis \u00e0 cinq minutes du buzzer final <\/b>(59-60, 35\u2032). En patronnes, les joueuses de Morgan Debrosse r\u00e9alisent <b>un money time parfait <\/b>pour se mettre d\u00e9finitivement \u00e0 l\u2019abri.<b> Elle passe un 14-2 aux Rouennaises<\/b> et s\u2019offrent une qualification obtenue au courage (61-74).<\/p>\n<p class=\" wall-content\">Si l\u2019objectif principal de l\u2019USO Mondeville <b>sera \u00e9videmment la Ligue F\u00e9minine 2<\/b>, les joueuses de Morgan Debrosse ont bien n\u00e9goci\u00e9 le court d\u00e9placement chez leurs voisines de Rouen et <b>acc\u00e8dent au second tour de la Coupe de France.<\/b><\/p>\n<p class=\" wall-content\">Personnalisez votre actualit\u00e9 en ajoutant vos villes et m\u00e9dias en favori avec <a href=\"https:\/\/moncompte.actu.fr\" title=\"D\u00e9couvez Mon Actu\" rel=\"nofollow noopener\" data-trk=\"{&quot;cta&quot;:{&quot;action&quot;:&quot;https:\\\/\\\/moncompte.actu.fr&quot;,&quot;category&quot;:&quot;mon compte&quot;,&quot;from&quot;:&quot;article footer&quot;,&quot;name&quot;:&quot;Mon actu&quot;,&quot;type&quot;:&quot;cta&quot;}}\" target=\"_blank\">Mon Actu<\/a>.<\/p>\n","protected":false},"excerpt":{"rendered":"Par Alexandre Gourlaouen Publi\u00e9 le 20 sept. 2025 \u00e0 22h15 Il est des victoires qui forgent un groupe.&hellip;\n","protected":false},"author":2,"featured_media":405692,"comment_status":"","ping_status":"","sticky":false,"template":"","format":"standard","meta":{"footnotes":""},"categories":[9587],"tags":[1111,11,1465,1777,674,1011,27,53688,12,5161,25,9590,1745,60,16511],"class_list":{"0":"post-405691","1":"post","2":"type-post","3":"status-publish","4":"format-standard","5":"has-post-thumbnail","7":"category-rouen","8":"tag-actu","9":"tag-actualites","10":"tag-basket","11":"tag-eu","12":"tag-europe","13":"tag-fr","14":"tag-france","15":"tag-halle-beregovoy","16":"tag-news","17":"tag-normandie","18":"tag-republique-francaise","19":"tag-rouen","20":"tag-sport-caen","21":"tag-sports","22":"tag-uso-mondeville"},"share_on_mastodon":{"url":"https:\/\/pubeurope.com\/@fr\/115238653308334292","error":""},"_links":{"self":[{"href":"https:\/\/www.europesays.com\/fr\/wp-json\/wp\/v2\/posts\/405691","targetHints":{"allow":["GET"]}}],"collection":[{"href":"https:\/\/www.europesays.com\/fr\/wp-json\/wp\/v2\/posts"}],"about":[{"href":"https:\/\/www.europesays.com\/fr\/wp-json\/wp\/v2\/types\/post"}],"author":[{"embeddable":true,"href":"https:\/\/www.europesays.com\/fr\/wp-json\/wp\/v2\/users\/2"}],"replies":[{"embeddable":true,"href":"https:\/\/www.europesays.com\/fr\/wp-json\/wp\/v2\/comments?post=405691"}],"version-history":[{"count":0,"href":"https:\/\/www.europesays.com\/fr\/wp-json\/wp\/v2\/posts\/405691\/revisions"}],"wp:featuredmedia":[{"embeddable":true,"href":"https:\/\/www.europesays.com\/fr\/wp-json\/wp\/v2\/media\/405692"}],"wp:attachment":[{"href":"https:\/\/www.europesays.com\/fr\/wp-json\/wp\/v2\/media?parent=405691"}],"wp:term":[{"taxonomy":"category","embeddable":true,"href":"https:\/\/www.europesays.com\/fr\/wp-json\/wp\/v2\/categories?post=405691"},{"taxonomy":"post_tag","embeddable":true,"href":"https:\/\/www.europesays.com\/fr\/wp-json\/wp\/v2\/tags?post=405691"}],"curies":[{"name":"wp","href":"https:\/\/api.w.org\/{rel}","templated":true}]}}