{"id":405715,"date":"2025-09-20T21:17:12","date_gmt":"2025-09-20T21:17:12","guid":{"rendered":"https:\/\/www.europesays.com\/fr\/405715\/"},"modified":"2025-09-20T21:17:12","modified_gmt":"2025-09-20T21:17:12","slug":"les-nouveautes-de-la-rentree-au-bikini","status":"publish","type":"post","link":"https:\/\/www.europesays.com\/fr\/405715\/","title":{"rendered":"les nouveaut\u00e9s de la rentr\u00e9e au Bikini"},"content":{"rendered":"<p>            Par<br \/>\n        <strong><br \/>\n            <a href=\"https:\/\/actu.fr\/auteur\/gabriel-kenedi\" title=\"Consulter tous les articles de Gabriel Kenedi\" target=\"_blank\" rel=\"noopener\">Gabriel Kenedi<\/a><br \/>\n        <\/strong><\/p>\n<p>        Publi\u00e9 le<\/p>\n<p>            20 sept. 2025 \u00e0 17h20        <\/p>\n<p>Salle iconique \u00e0 Toulouse, <strong>le Bikini<\/strong> a cartonn\u00e9 cet \u00e9t\u00e9 avec sa guinguette estivale, le Petit Bikini. Que pr\u00e9voit la salle cr\u00e9\u00e9e en 1983 par <a href=\"https:\/\/actu.fr\/occitanie\/toulouse_31555\/toulouse-herve-sansonetto-patron-du-bikini-un-jour-j-ai-eu-le-malheur-de-dire-oui-a-ma-mere_59761270.html\" target=\"_blank\" rel=\"noopener\">Herv\u00e9 Sansonetto<\/a> pour les prochains mois ? Nouveau rendez-vous, programmation aux petits oignons\u2026 On fait le point sur ce qui vous attend du c\u00f4t\u00e9 de Ramonville-Saint-Agne !<\/p>\n<p>Un Open Air gratuit pour ouvrir le bal\u00a0<\/p>\n<p class=\" wall-content\">La grosse nouveaut\u00e9 de la rentr\u00e9e pour le Bikini, c\u2019est la cr\u00e9ation d\u2019un <strong>Open-Air<\/strong> totalement gratuit,<strong> In Bikini Dura Electro XXL<\/strong>, qui se d\u00e9roulera de 18 heures \u00e0 minuit, le 27 septembre, en ext\u00e9rieur, au niveau de la place du canal de Ramonville\u2026 \u00e0 deux pas du Bikini, donc ! Le tout sera suivi par un after (payant, \u00e0 10 euros) dans la salle de spectacles, de 0h \u00e0 5 heures.\u00a0<\/p>\n<p class=\" wall-content\">\u00a0\u00bb Depuis pr\u00e8s de 10 ans, on organise des soir\u00e9es \u00e9lectro qui mettent en avant la sc\u00e8ne locale en mettant en avant les assos et collectifs qui font des soir\u00e9es toute l\u2019ann\u00e9e. C\u2019est devenu un rendez-vous hyper appr\u00e9ci\u00e9 au fil des ann\u00e9es. On avait vraiment \u00e0 c\u0153ur de faire un Open-Air, sur cette place du canal qui est vraiment g\u00e9niale ! <strong>14 collectifs locaux<\/strong> seront repr\u00e9sent\u00e9s au cours de cette soir\u00e9e\u00a0\u00bb, d\u00e9taille Antoine Fantuz, programmateur au Bikini.\u00a0<\/p>\n<p class=\" wall-content\"><a href=\"https:\/\/www.instagram.com\/p\/DOEMffJjOqz\/embed\" title=\"Ouvrir le lien sur Instagram\" target=\"_blank\" rel=\"noopener\">Visualiser le contenu sur Instagram<\/a><\/p>\n<p>Yam\u00ea, Patrick Watson et Suzane en t\u00eates d\u2019affiche\u00a0<\/p>\n<p class=\" wall-content\">Pour le reste, le Bikini va continuer de proposer ce qu\u2019il sait si bien faire : \u00ab\u00a0Des concerts au maximum, et dans tous les styles, des soir\u00e9es club le vendredi, le samedi et certains dimanches et le retour de la Gayguette un dimanche par mois\u00a0\u00bb, compl\u00e8te Antoine Fantuz.\u00a0<\/p>\n<p class=\" wall-content\">Parmi les concerts tr\u00e8s attendus cet automne, citons d\u2019abord celui de <strong>Yam\u00ea<\/strong> (25 octobre), artiste totalement autodidacte qui s\u2019est d\u00e9j\u00e0 forg\u00e9 une tr\u00e8s belle r\u00e9putation sur sc\u00e8ne. La date n\u2019est pas encore compl\u00e8te\u2026 Mais cela ne devrait pas tarder ! <strong>Patrick Watson<\/strong>, artiste canadien absolument g\u00e9nial, sera lui pour la premi\u00e8re fois au Bikni le 28 octobre. Parmi les valeurs s\u00fbres, citons <strong>Charlie Winston<\/strong> (21 novembre), la chanteuse <strong>Suzane<\/strong> (27 novembre), <strong>Barbara Pravi<\/strong> (21 octobre)<strong>, John Butler<\/strong> (28 novembre),<strong> Inspector Cluzo<\/strong> (29 novembre) ou encore le groupe de reggae mythique <strong>Groundation<\/strong> (10 octobre) !\u00a0<\/p>\n<p>Vid\u00e9os : en ce moment sur ActuDu rap \u00e0 l\u2019ancienne (mais pas que !)\u00a0<\/p>\n<p class=\" wall-content\">Le rap \u00e0 l\u2019ancienne sera bien repr\u00e9sent\u00e9 cet automne au Bikini avec <strong>M\u00e9dine<\/strong> (15 octobre), <strong>Sinik &amp; Davodka<\/strong> (25 septembre)\u2026 mais la nouvelle g\u00e9n\u00e9ration n\u2019est pas en reste avec la venue de <strong>Fav\u00e9<\/strong> (18 d\u00e9cembre), <strong>Bekar<\/strong> (19 d\u00e9cembre) ou encore <strong>Ziak<\/strong> (9 octobre). Signalons aussi la tr\u00e8s jolie double date avec <strong>Scylla<\/strong> et le rappeur toulousain <strong>Furax Barbarossa<\/strong> (18 et 19 octobre), ou encore la date du rappeur \u2013 lui aussi toulousain \u2013 <strong>Realo<\/strong> (5 d\u00e9cembre). Autre repr\u00e9sentant de la Ville rose, le trompettiste <strong>Daoud<\/strong> (12 novembre), sera quant \u00e0 lui pour la premi\u00e8re fois au Bikini\u2026 forc\u00e9ment un grand moment pour lui !\u00a0<\/p>\n<p>Votre r\u00e9gion, votre actu !<\/p>\n<p>Recevez chaque jour les infos qui comptent pour vous.<\/p>\n<p>\t<a href=\"https:\/\/actu.fr\/newsletter\" class=\"ac-btn ac-btn--corner ac-btn--medium ac-btn--blue800\" target=\"_blank\" rel=\"noopener\">S&rsquo;incrire<\/a><\/p>\n<p class=\" wall-content\">Parmi les jeunes projets qui devraient attirer les curieux, citons \u00e9galement <strong>Lucky Love<\/strong> (4 novembre), <strong>Vendredi Sur Mer<\/strong> (7 novembre), <strong>Iliona<\/strong> (26 septembre), <strong>Styleto<\/strong> (16 novembre) ou encore <strong>Emma Peters<\/strong> (26 novembre).\u00a0<\/p>\n<p>Du lourd aussi en 2026\u00a0<br \/>\n    <img   decoding=\"async\" loading=\"lazy\" class=\"size-large\" src=\"https:\/\/www.europesays.com\/fr\/wp-content\/uploads\/2025\/09\/94b1927f86e76a8b1927f86e79cb19v-960x640.jpg\" alt=\"Miki sera \u00e0 l'affiche du Weekend des Curiosit\u00e9s.\" width=\"960\" height=\"640\"\/><br \/>\n    Miki est annonc\u00e9e au Bikini en 2026. \u00a9DR<\/p>\n<p class=\" wall-content\">Une belle programmation qui se prolongera en 2026. <strong>Oxmo Puccino<\/strong> (14 janvier), <strong>Thylacine<\/strong> (15 et 16 janvier), <strong>Bertrand Belin<\/strong> (30 janvier),<strong> Boulevard des Airs<\/strong> (14 f\u00e9vrier), <strong>Miki<\/strong> (18 f\u00e9vrier), <strong>Franz Ferdinand<\/strong> (14 avril) ou en les d\u00e9sormais incontournables <strong>Feu! Chatterton<\/strong> (14 mai) sont d\u00e9j\u00e0 programm\u00e9s. \u00ab\u00a0Et on n\u2019a pas encore tout annonc\u00e9 !\u00a0\u00bb, sourit Antoine Fantuz. En attendant, allons voir (ce que le Bikini nous r\u00e9serve !) !\u00a0<\/p>\n<p>Infos et tarifs sur : https:\/\/lebikini.com<\/p>\n<p class=\" wall-content\">Personnalisez votre actualit\u00e9 en ajoutant vos villes et m\u00e9dias en favori avec <a href=\"https:\/\/moncompte.actu.fr\" title=\"D\u00e9couvez Mon Actu\" rel=\"nofollow noopener\" data-trk=\"{&quot;cta&quot;:{&quot;action&quot;:&quot;https:\\\/\\\/moncompte.actu.fr&quot;,&quot;category&quot;:&quot;mon compte&quot;,&quot;from&quot;:&quot;article footer&quot;,&quot;name&quot;:&quot;Mon actu&quot;,&quot;type&quot;:&quot;cta&quot;}}\" target=\"_blank\">Mon Actu<\/a>.<\/p>\n<p>                    <script async src=\"\/\/www.instagram.com\/embed.js\"><\/script><\/p>\n","protected":false},"excerpt":{"rendered":"Par Gabriel Kenedi Publi\u00e9 le 20 sept. 2025 \u00e0 17h20 Salle iconique \u00e0 Toulouse, le Bikini a cartonn\u00e9&hellip;\n","protected":false},"author":2,"featured_media":405716,"comment_status":"","ping_status":"","sticky":false,"template":"","format":"standard","meta":{"footnotes":""},"categories":[2816],"tags":[1111,11,1777,674,1011,27,3478,1652,12,2680,25,1341,2312],"class_list":{"0":"post-405715","1":"post","2":"type-post","3":"status-publish","4":"format-standard","5":"has-post-thumbnail","7":"category-toulouse","8":"tag-actu","9":"tag-actualites","10":"tag-eu","11":"tag-europe","12":"tag-fr","13":"tag-france","14":"tag-le-bikini","15":"tag-loisirs-culture","16":"tag-news","17":"tag-occitanie","18":"tag-republique-francaise","19":"tag-sortir-a-toulouse","20":"tag-toulouse"},"share_on_mastodon":{"url":"https:\/\/pubeurope.com\/@fr\/115238708846739131","error":""},"_links":{"self":[{"href":"https:\/\/www.europesays.com\/fr\/wp-json\/wp\/v2\/posts\/405715","targetHints":{"allow":["GET"]}}],"collection":[{"href":"https:\/\/www.europesays.com\/fr\/wp-json\/wp\/v2\/posts"}],"about":[{"href":"https:\/\/www.europesays.com\/fr\/wp-json\/wp\/v2\/types\/post"}],"author":[{"embeddable":true,"href":"https:\/\/www.europesays.com\/fr\/wp-json\/wp\/v2\/users\/2"}],"replies":[{"embeddable":true,"href":"https:\/\/www.europesays.com\/fr\/wp-json\/wp\/v2\/comments?post=405715"}],"version-history":[{"count":0,"href":"https:\/\/www.europesays.com\/fr\/wp-json\/wp\/v2\/posts\/405715\/revisions"}],"wp:featuredmedia":[{"embeddable":true,"href":"https:\/\/www.europesays.com\/fr\/wp-json\/wp\/v2\/media\/405716"}],"wp:attachment":[{"href":"https:\/\/www.europesays.com\/fr\/wp-json\/wp\/v2\/media?parent=405715"}],"wp:term":[{"taxonomy":"category","embeddable":true,"href":"https:\/\/www.europesays.com\/fr\/wp-json\/wp\/v2\/categories?post=405715"},{"taxonomy":"post_tag","embeddable":true,"href":"https:\/\/www.europesays.com\/fr\/wp-json\/wp\/v2\/tags?post=405715"}],"curies":[{"name":"wp","href":"https:\/\/api.w.org\/{rel}","templated":true}]}}