{"id":405720,"date":"2025-09-20T21:21:16","date_gmt":"2025-09-20T21:21:16","guid":{"rendered":"https:\/\/www.europesays.com\/fr\/405720\/"},"modified":"2025-09-20T21:21:16","modified_gmt":"2025-09-20T21:21:16","slug":"aux-baumettes-une-visite-surprise-pour-tenter-de-comprendre-les-causes-de-la-mort-de-robin-cotta","status":"publish","type":"post","link":"https:\/\/www.europesays.com\/fr\/405720\/","title":{"rendered":"Aux Baumettes, une visite surprise pour tenter de comprendre les causes de la mort de Robin Cotta"},"content":{"rendered":"<p>\u00c9charpe tricolore en travers de la poitrine, Hendrik Davi s\u2019avance devant le guichet des <a href=\"https:\/\/www.laprovence.com\/article\/faits-divers-justice\/153734041953315\/aux-baumettes-frustre-de-ne-pas-participer-a-l-atelier-graffitis-le-detenu-donne-un-coup-de-boule-au-surveillant\" target=\"_blank\" rel=\"noopener\">Baumettes<\/a>. Comme tout parlementaire, l\u2019\u00e9lu (ex-LFI) dispose d\u2019une pr\u00e9rogative peu connue\u00a0: le droit de visiter inopin\u00e9ment des lieux de privation de libert\u00e9. Ce jeudi 18\u00a0septembre, entre une matin\u00e9e de manifestation et le trajet d\u2019\u00e9cole de ses enfants, il a d\u00e9cid\u00e9 d\u2019en faire usage. Objectif\u00a0: contr\u00f4ler les unit\u00e9s de soin de <a href=\"https:\/\/www.laprovence.com\/article\/region\/2079281688070115\/a-marseille-les-riverains-des-baumettes-3-se-calfeutrent-avant-l-ouverture-de-la-prison-en-decembre-2025\" target=\"_blank\" rel=\"noopener\">la prison historique marseillaise<\/a>, mais aussi le quartier des arrivants.<\/p>\n<p>Celui-l\u00e0 m\u00eame o\u00f9 <a href=\"https:\/\/www.laprovence.com\/article\/region\/175584247476514\/tue-par-son-codetenu-aux-baumettes-une-association-et-une-marche-blanche-pour-robin-sisteronais-mort-a-22-ans\" target=\"_blank\" rel=\"noopener\">Robin Cotta, 22\u00a0ans, a trouv\u00e9 la mort le 9\u00a0octobre\u00a02024, \u00e9gorg\u00e9 par son co-d\u00e9tenu<\/a>. \u00ab\u00a0Nous avons rencontr\u00e9 sa famille cet \u00e9t\u00e9, nous voulons comprendre ce qui a men\u00e9 \u00e0 ce drame terrible\u00a0\u00bb, glisse l\u2019\u00e9lu, avant de se faire ouvrir la porte.<\/p>\n<p>Direction, donc, le \u00ab\u00a0QAE\u00a0\u00bb. Son nom officiel, quartier d\u2019accueil et d\u2019\u00e9valuation, dit tout de sa vocation. Passage obligatoire pour tous les d\u00e9tenus incarc\u00e9r\u00e9s ou transf\u00e9r\u00e9s avant leur affectation en b\u00e2timent d\u2019habitation, il compte officiellement une soixantaine de places\u2026 mais 127 d\u00e9tenus y r\u00e9sident en ce 18\u00a0septembre, dont 25 dorment sur des matelas pos\u00e9s au sol. Un taux de suroccupation de 208%, pr\u00e9cise le sous-directeur de l\u2019\u00e9tablissement. Le s\u00e9jour th\u00e9o&#8230;<\/p>\n","protected":false},"excerpt":{"rendered":"\u00c9charpe tricolore en travers de la poitrine, Hendrik Davi s\u2019avance devant le guichet des Baumettes. Comme tout parlementaire,&hellip;\n","protected":false},"author":2,"featured_media":405721,"comment_status":"","ping_status":"","sticky":false,"template":"","format":"standard","meta":{"footnotes":""},"categories":[2814],"tags":[17,1111,11,1007,2829,1777,674,274,1011,27,884,12,471,882,25,10540,96,510],"class_list":{"0":"post-405720","1":"post","2":"type-post","3":"status-publish","4":"format-standard","5":"has-post-thumbnail","7":"category-marseille","8":"tag-17","9":"tag-actu","10":"tag-actualites","11":"tag-aux","12":"tag-baumettes","13":"tag-eu","14":"tag-europe","15":"tag-faits-divers-justice","16":"tag-fr","17":"tag-france","18":"tag-marseille","19":"tag-news","20":"tag-pour","21":"tag-provence-alpes-cote-dazur","22":"tag-republique-francaise","23":"tag-surprise","24":"tag-une","25":"tag-visite"},"share_on_mastodon":{"url":"https:\/\/pubeurope.com\/@fr\/115238724144517075","error":""},"_links":{"self":[{"href":"https:\/\/www.europesays.com\/fr\/wp-json\/wp\/v2\/posts\/405720","targetHints":{"allow":["GET"]}}],"collection":[{"href":"https:\/\/www.europesays.com\/fr\/wp-json\/wp\/v2\/posts"}],"about":[{"href":"https:\/\/www.europesays.com\/fr\/wp-json\/wp\/v2\/types\/post"}],"author":[{"embeddable":true,"href":"https:\/\/www.europesays.com\/fr\/wp-json\/wp\/v2\/users\/2"}],"replies":[{"embeddable":true,"href":"https:\/\/www.europesays.com\/fr\/wp-json\/wp\/v2\/comments?post=405720"}],"version-history":[{"count":0,"href":"https:\/\/www.europesays.com\/fr\/wp-json\/wp\/v2\/posts\/405720\/revisions"}],"wp:featuredmedia":[{"embeddable":true,"href":"https:\/\/www.europesays.com\/fr\/wp-json\/wp\/v2\/media\/405721"}],"wp:attachment":[{"href":"https:\/\/www.europesays.com\/fr\/wp-json\/wp\/v2\/media?parent=405720"}],"wp:term":[{"taxonomy":"category","embeddable":true,"href":"https:\/\/www.europesays.com\/fr\/wp-json\/wp\/v2\/categories?post=405720"},{"taxonomy":"post_tag","embeddable":true,"href":"https:\/\/www.europesays.com\/fr\/wp-json\/wp\/v2\/tags?post=405720"}],"curies":[{"name":"wp","href":"https:\/\/api.w.org\/{rel}","templated":true}]}}