{"id":405722,"date":"2025-09-20T21:22:10","date_gmt":"2025-09-20T21:22:10","guid":{"rendered":"https:\/\/www.europesays.com\/fr\/405722\/"},"modified":"2025-09-20T21:22:10","modified_gmt":"2025-09-20T21:22:10","slug":"n2m-marseille-provence-fini-par-simposer-contre-villeneuve-loubet","status":"publish","type":"post","link":"https:\/\/www.europesays.com\/fr\/405722\/","title":{"rendered":"N2M : Marseille Provence fini par s&rsquo;imposer contre Villeneuve-Loubet"},"content":{"rendered":"<p>En rodage au coup d&rsquo;envoi, les premi\u00e8res minutes ont sembl\u00e9 poussives ce samedi pour Marseille Provence HB. Mais d\u00e8s que la m\u00e9canique s&rsquo;est d\u00e9gripp\u00e9e, elle a lib\u00e9r\u00e9 toute sa puissance, laissant Villeneuve-Loubet impuissant (33-28). Quand tout s&#8217;emboite, le collectif phoc\u00e9en para\u00eet inarr\u00eatable avec notamment<a href=\"https:\/\/www.laprovence.com\/article\/sports\/4412679760629114\/handball-n2m-apres-avoir-pris-sa-retraite-cet-ete-edgar-dentz-renait-au-marseille-provence\" target=\"_blank\" rel=\"noopener\"> l&rsquo;arriv\u00e9e d&rsquo;Edgar Dentz<\/a>. Encore faut-il le faire pendant soixante minutes&#8230; \u00ab\u00a0On a parfois du mal \u00e0 se mettre dedans, ce n&rsquo;est pas de la suffisance, les gars sont concentr\u00e9s et motiv\u00e9s. Il faut juste trouver le d\u00e9clic d\u00e8s le d\u00e9but, rappelle Abdel Boudaouch, le coach marseillais. L&rsquo;avantage, c&rsquo;est qu&rsquo;on sait d\u00e9sormais sur quoi travailler et la tr\u00eave va nous permettre d&rsquo;y rem\u00e9dier. On veut aborder les prochains matches avec plus de constance, sans attendre d&rsquo;\u00eatre bouscul\u00e9s. C&rsquo;est une question de pr\u00e9paration mentale autant que tactique.\u00a0\u00bb<\/p>\n<p>\u00ab\u00a0Notre turn-over est exceptionnel\u00a0\u00bb<\/p>\n<p>\u00c0 l&rsquo;image des deux pr\u00e9c\u00e9dentes rencontres, les Marseillais ont longtemps dout\u00e9 accumulant errements d\u00e9fensifs et exclusions temporaires. Un sc\u00e9nario catastrophe qui a profit\u00e9 aux Maralpins, d\u00e9cid\u00e9s \u00e0 jouer leur va-tout. Les camarades de Maxime Morel n&rsquo;ont pris les commandes qu&rsquo;au milieu de la seconde p\u00e9riode (19-18, 40e). Un basculement issu des consignes d&rsquo;Abdel Boudaouch\u00a0: bloc d\u00e9fensif plus compact, interceptions mieux n\u00e9goci\u00e9es et des sorties de banc efficaces. En dix minutes, ses hommes ont assign\u00e9 un s\u00e9v\u00e8re 6-1 qui a laiss\u00e9 Villeneuve-Loubet sur le carreau. \u00ab\u00a0Notre turn-over est exceptionnel. Les adversaires n&rsquo;ont pas le temps de s&rsquo;habituer\u00a0\u00e0 leur vis-\u00e0-vis qu&rsquo;un autre joueur rentre pour cr\u00e9er la diff\u00e9rence. La preuve en est avec l&rsquo;entr\u00e9e de Thomas Paya, qui a \u00e9t\u00e9 l&rsquo;homme du match\u00a0\u00bb, d\u00e9voile l&rsquo;entra\u00eeneur marseillais.<\/p>\n<p>Appel\u00e9 \u00e0 la mi-temps pour remplacer un Dylan Maligue en difficult\u00e9, le jeune portier a multipli\u00e9 les arr\u00eats d\u00e9cisifs, changeant le visage du MPHB. Son sang-froid et sa r\u00e9activit\u00e9 ont stopp\u00e9 net les offensives de Villeneuvoises, redonnant confiance \u00e0 ses camarades.<\/p>\n<p>Avec ses trois victoires en autant de rencontres, Marseille Provence a confirm\u00e9 son statut de favori. De quoi aborder sereinement une semaine de pause avant un d\u00e9placement p\u00e9rilleux \u00e0 Frontignan.<\/p>\n<p>Marseille Provence 33 &#8211; Villeneuve-Loubet 28<\/p>\n<p>Gymnase de Bois-Luzy. Mi-temps\u00a0: 13 -15.<\/p>\n<p>MPHB\u00a0: Maligue (1 arr\u00eat), Paya (10) &#8211; Morel (6 dont 5 P), Camarero (3), Noyer (2), Limousin (1), Dentz (7), Lacenaire (3), Bertrand (1), Tobal (2), Porte (5), Ramognino (2), Chastrusse (1).<\/p>\n","protected":false},"excerpt":{"rendered":"En rodage au coup d&rsquo;envoi, les premi\u00e8res minutes ont sembl\u00e9 poussives ce samedi pour Marseille Provence HB. Mais&hellip;\n","protected":false},"author":2,"featured_media":405723,"comment_status":"","ping_status":"","sticky":false,"template":"","format":"standard","meta":{"footnotes":""},"categories":[2814],"tags":[17,1111,11,1777,674,36905,1011,27,1792,884,21040,12,5912,1186,882,25,53690,60],"class_list":{"0":"post-405722","1":"post","2":"type-post","3":"status-publish","4":"format-standard","5":"has-post-thumbnail","7":"category-marseille","8":"tag-17","9":"tag-actu","10":"tag-actualites","11":"tag-eu","12":"tag-europe","13":"tag-fini","14":"tag-fr","15":"tag-france","16":"tag-handball","17":"tag-marseille","18":"tag-n2m","19":"tag-news","20":"tag-par","21":"tag-provence","22":"tag-provence-alpes-cote-dazur","23":"tag-republique-francaise","24":"tag-simposer","25":"tag-sports"},"share_on_mastodon":{"url":"https:\/\/pubeurope.com\/@fr\/115238728078032192","error":""},"_links":{"self":[{"href":"https:\/\/www.europesays.com\/fr\/wp-json\/wp\/v2\/posts\/405722","targetHints":{"allow":["GET"]}}],"collection":[{"href":"https:\/\/www.europesays.com\/fr\/wp-json\/wp\/v2\/posts"}],"about":[{"href":"https:\/\/www.europesays.com\/fr\/wp-json\/wp\/v2\/types\/post"}],"author":[{"embeddable":true,"href":"https:\/\/www.europesays.com\/fr\/wp-json\/wp\/v2\/users\/2"}],"replies":[{"embeddable":true,"href":"https:\/\/www.europesays.com\/fr\/wp-json\/wp\/v2\/comments?post=405722"}],"version-history":[{"count":0,"href":"https:\/\/www.europesays.com\/fr\/wp-json\/wp\/v2\/posts\/405722\/revisions"}],"wp:featuredmedia":[{"embeddable":true,"href":"https:\/\/www.europesays.com\/fr\/wp-json\/wp\/v2\/media\/405723"}],"wp:attachment":[{"href":"https:\/\/www.europesays.com\/fr\/wp-json\/wp\/v2\/media?parent=405722"}],"wp:term":[{"taxonomy":"category","embeddable":true,"href":"https:\/\/www.europesays.com\/fr\/wp-json\/wp\/v2\/categories?post=405722"},{"taxonomy":"post_tag","embeddable":true,"href":"https:\/\/www.europesays.com\/fr\/wp-json\/wp\/v2\/tags?post=405722"}],"curies":[{"name":"wp","href":"https:\/\/api.w.org\/{rel}","templated":true}]}}