{"id":405742,"date":"2025-09-20T21:33:12","date_gmt":"2025-09-20T21:33:12","guid":{"rendered":"https:\/\/www.europesays.com\/fr\/405742\/"},"modified":"2025-09-20T21:33:12","modified_gmt":"2025-09-20T21:33:12","slug":"competences-etrangeres-trump-impose-un-ticket-dentree-payant-aux-usa","status":"publish","type":"post","link":"https:\/\/www.europesays.com\/fr\/405742\/","title":{"rendered":"Comp\u00e9tences \u00e9trang\u00e8res : Trump impose un ticket d\u2019entr\u00e9e payant aux USA"},"content":{"rendered":"<p><img fetchpriority=\"high\" decoding=\"async\" class=\"aligncenter wp-image-551935 size-full\" src=\"data:image\/svg+xml,%3Csvg%20xmlns=\" http:=\"\" alt=\"Visa USA\" width=\"680\" height=\"454\" data-lazy- data-lazy- data-lazy-src=\"https:\/\/www.europesays.com\/fr\/wp-content\/uploads\/2025\/09\/Vusa-USA-Competences.jpg\"\/>Le pr\u00e9sident am\u00e9ricain, Donald Trump, a sign\u00e9 vendredi un d\u00e9cret imposant des frais de 100 000 dollars pour l\u2019obtention du visa de travail H-1B, largement utilis\u00e9 par les entreprises du secteur technologique. Lors de la c\u00e9r\u00e9monie, il a affirm\u00e9 vouloir attirer uniquement des talents dot\u00e9s de \u00ab comp\u00e9tences exceptionnelles \u00bb.<\/p>\n<p>Les objectifs affich\u00e9s<\/p>\n<p>Donald Trump a d\u00e9fendu cette mesure en soulignant ses b\u00e9n\u00e9fices attendus : renflouer les caisses de l\u2019\u00c9tat, r\u00e9duire les imp\u00f4ts et contribuer au remboursement de la dette nationale. Le chef de l\u2019ex\u00e9cutif a pr\u00e9sent\u00e9 cette r\u00e9forme comme une \u00e9tape visant \u00e0 ce que les contribuables am\u00e9ricains profitent directement du syst\u00e8me d\u2019immigration l\u00e9gale.<\/p>\n<p>Les visas H-1B en question<\/p>\n<p>Le visa H-1B concerne les travailleurs \u00e9trangers aux qualifications sp\u00e9cifiques, comme les ing\u00e9nieurs, scientifiques ou informaticiens. Ces permis sont valables trois ans, renouvelables jusqu\u2019\u00e0 six ans, \u00e0 condition d\u2019un parrainage par un employeur. L\u2019annonce d\u2019une taxe de 100 000 dollars repr\u00e9sente un changement majeur pour les entreprises qui recrutent \u00e0 l\u2019international.<\/p>\n<p>Une carte de s\u00e9jour \u00ab Trump Gold Card \u00bb<\/p>\n<p>Dans le m\u00eame d\u00e9cret, Donald Trump a introduit une nouvelle carte de s\u00e9jour \u00ab dor\u00e9e \u00bb, baptis\u00e9e Trump Gold Card. Elle sera propos\u00e9e \u00e0 un million de dollars pour les particuliers et deux millions pour les entreprises. Le pr\u00e9sident estime que ce dispositif pourrait g\u00e9n\u00e9rer rapidement plus de 100 milliards de dollars.<\/p>\n<p>Une politique migratoire durcie<\/p>\n<p>Ces d\u00e9cisions s\u2019inscrivent dans une s\u00e9rie plus large de mesures de l\u2019administration Trump en mati\u00e8re d\u2019immigration, incluant l\u2019expulsion d\u2019immigrants en situation irr\u00e9guli\u00e8re. Elles confirment la volont\u00e9 de la Maison-Blanche de durcir les conditions d\u2019acc\u00e8s au march\u00e9 du travail am\u00e9ricain.<\/p>\n","protected":false},"excerpt":{"rendered":"Le pr\u00e9sident am\u00e9ricain, Donald Trump, a sign\u00e9 vendredi un d\u00e9cret imposant des frais de 100 000 dollars pour&hellip;\n","protected":false},"author":2,"featured_media":405743,"comment_status":"","ping_status":"","sticky":false,"template":"","format":"standard","meta":{"footnotes":""},"categories":[1589],"tags":[11,33,73,1866,1061,12,35319,53691,467,1864,1865,1863,308,53692],"class_list":{"0":"post-405742","1":"post","2":"type-post","3":"status-publish","4":"format-standard","5":"has-post-thumbnail","7":"category-etats-unis","8":"tag-actualites","9":"tag-economie","10":"tag-etats-unis","11":"tag-etats-unis-damerique","12":"tag-immigration","13":"tag-news","14":"tag-politique-migratoire","15":"tag-travailleurs-etrangers","16":"tag-trump","17":"tag-united-states","18":"tag-united-states-of-america","19":"tag-us","20":"tag-usa","21":"tag-visa-h-1b"},"share_on_mastodon":{"url":"https:\/\/pubeurope.com\/@fr\/115238771816732227","error":""},"_links":{"self":[{"href":"https:\/\/www.europesays.com\/fr\/wp-json\/wp\/v2\/posts\/405742","targetHints":{"allow":["GET"]}}],"collection":[{"href":"https:\/\/www.europesays.com\/fr\/wp-json\/wp\/v2\/posts"}],"about":[{"href":"https:\/\/www.europesays.com\/fr\/wp-json\/wp\/v2\/types\/post"}],"author":[{"embeddable":true,"href":"https:\/\/www.europesays.com\/fr\/wp-json\/wp\/v2\/users\/2"}],"replies":[{"embeddable":true,"href":"https:\/\/www.europesays.com\/fr\/wp-json\/wp\/v2\/comments?post=405742"}],"version-history":[{"count":0,"href":"https:\/\/www.europesays.com\/fr\/wp-json\/wp\/v2\/posts\/405742\/revisions"}],"wp:featuredmedia":[{"embeddable":true,"href":"https:\/\/www.europesays.com\/fr\/wp-json\/wp\/v2\/media\/405743"}],"wp:attachment":[{"href":"https:\/\/www.europesays.com\/fr\/wp-json\/wp\/v2\/media?parent=405742"}],"wp:term":[{"taxonomy":"category","embeddable":true,"href":"https:\/\/www.europesays.com\/fr\/wp-json\/wp\/v2\/categories?post=405742"},{"taxonomy":"post_tag","embeddable":true,"href":"https:\/\/www.europesays.com\/fr\/wp-json\/wp\/v2\/tags?post=405742"}],"curies":[{"name":"wp","href":"https:\/\/api.w.org\/{rel}","templated":true}]}}