{"id":405746,"date":"2025-09-20T21:35:11","date_gmt":"2025-09-20T21:35:11","guid":{"rendered":"https:\/\/www.europesays.com\/fr\/405746\/"},"modified":"2025-09-20T21:35:11","modified_gmt":"2025-09-20T21:35:11","slug":"lallemagne-envisage-de-lacher-la-france-et-leur-projet-davion-de-combat-du-futur","status":"publish","type":"post","link":"https:\/\/www.europesays.com\/fr\/405746\/","title":{"rendered":"L&rsquo;Allemagne envisage de l\u00e2cher la France et leur projet d\u2019avion de combat du futur"},"content":{"rendered":"<p>L&rsquo;entente franco-allemande a du plomb dans l&rsquo;aile. Selon les informations de <a class=\"Link\" href=\"https:\/\/www.politico.eu\/article\/germany-france-europe-fighter-jet-defense-aviation\/\" target=\"_blank\" title=\"\" data-gtm=\"click:capsule\" data-capsule=\"Lien\" rel=\"noopener\">Politico<\/a>, l&rsquo;Allemagne r\u00e9fl\u00e9chit \u00e0 abandonner le projet\u00a0europ\u00e9en <a class=\"Link\" href=\"https:\/\/www.lepoint.fr\/monde\/avion-de-combat-du-futur-pourquoi-la-france-et-l-allemagne-s-opposent-sur-le-projet-scaf-28-08-2025-2597166_24.php\" title=\"\" data-gtm=\"click:capsule\" data-capsule=\"Lien\" target=\"_blank\" rel=\"noopener\">d&rsquo;avion de combat du futur<\/a> nomm\u00e9 Scaf (Syst\u00e8me de combat a\u00e9rien du futur) et nou\u00e9 avec la <a class=\"Link\" href=\"https:\/\/www.lepoint.fr\/tags\/france\" data-gtm=\"click:capsule\" data-capsule=\"Lien\" target=\"_blank\" rel=\"noopener\">France<\/a> et l&rsquo;Espagne. Berlin envisage ainsi de collaborer avec d&rsquo;autres pays comme la Su\u00e8de ou le Royaume-Uni.\u00a0<\/p>\n<p>En cause\u00a0: <a class=\"Link\" href=\"https:\/\/www.lepoint.fr\/monde\/entre-la-france-et-l-allemagne-une-brouille-a-contretemps-18-01-2023-2505239_24.php\" title=\"\" data-gtm=\"click:capsule\" data-capsule=\"Lien\" target=\"_blank\" rel=\"noopener\">une brouille lors de la deuxi\u00e8me phase du projet<\/a> entre le constructeur fran\u00e7ais Dassault et\u00a0<a class=\"Link\" href=\"https:\/\/www.lepoint.fr\/tags\/airbus\" data-gtm=\"click:capsule\" data-capsule=\"Lien\" target=\"_blank\" rel=\"noopener\">Airbus<\/a>, qui repr\u00e9sente\u00a0l&rsquo;Allemagne dans ce dossier. Le constructeur fran\u00e7ais entend conserver le pilotage de l&rsquo;avion de combat, pi\u00e8ce ma\u00eetresse du programme, fort de son exp\u00e9rience. De son c\u00f4t\u00e9, Airbus plaide pour une gouvernance plus \u00e9quilibr\u00e9e, avec un v\u00e9ritable partage des responsabilit\u00e9s entre industriels et pays partenair<\/p>\n<p>R\u00e9sultat\u00a0: le Scaf est au point mort, paralys\u00e9 avant m\u00eame la mise en place d&rsquo;un prototype. Ce programme militaire \u00e0\u00a0100\u00a0milliards d&rsquo;euros, lanc\u00e9 en 2017, devait pourtant accoucher d&rsquo;ici\u00a02040\u00a0d&rsquo;un syst\u00e8me complet\u00a0: un avion de combat de nouvelle g\u00e9n\u00e9ration, accompagn\u00e9 de drones, d&rsquo;armes sophistiqu\u00e9es, de r\u00e9seaux de communication et d&rsquo;un chasseur ultramoderne.<\/p>\n<p>\u00ab\u00a0Il y aura un avion de combat avec ou sans la France\u00a0\u00bb<\/p>\n<p>Face \u00e0 l&rsquo;impasse actuelle, l&rsquo;Allemagne envisage d\u00e9sormais de poursuivre le projet sans la France, en se rapprochant de la Su\u00e8de ou du Royaume-Uni, voire en continuant seule avec l&rsquo;Espagne.\u00a0\u00ab\u00a0Il y aura un avion de combat avec ou sans la France\u00a0\u00bb, a ainsi alert\u00e9 une personne proche du dossier au <a class=\"Link\" href=\"https:\/\/www.ft.com\/content\/29f56fd5-d831-43a2-b7be-216918231f09\" target=\"_blank\" title=\"\" data-gtm=\"click:capsule\" data-capsule=\"Lien\" rel=\"noopener\">Financial Times<\/a>, tandis qu&rsquo;une autre a eu le sens de la formule\u00a0: \u00ab\u00a0Mieux vaut une fin terrible qu&rsquo;une terreur sans fin.\u00a0\u00bb<\/p>\n<p>Reste que la menace est plus facile \u00e0 brandir qu&rsquo;\u00e0 concr\u00e9tiser. Changer de partenaires reviendrait pour Berlin \u00e0 repartir presque de z\u00e9ro, au risque de cr\u00e9er une nouvelle brouille diplomatique avec Paris. Le Royaume-Uni est d\u00e9j\u00e0 engag\u00e9 dans un autre programme concurrent, le <a class=\"Link\" href=\"https:\/\/www.lepoint.fr\/monde\/alliance-entre-tokyo-londres-et-rome-pour-developper-un-avion-de-combat-09-12-2022-2501027_24.php\" title=\"\" data-gtm=\"click:capsule\" data-capsule=\"Lien\" target=\"_blank\" rel=\"noopener\">GCAP<\/a> (Global Combat Air Programme), avec l&rsquo;Italie et le Japon. La Su\u00e8de, qui s&rsquo;en est retir\u00e9e en 2023, pourrait en revanche constituer une option.<\/p>\n<p>En octobre, les pays membres du Scaf doivent se retrouver pour tenter de sortir de l&rsquo;impasse et trouver un accord d&rsquo;ici la fin de l&rsquo;ann\u00e9e, condition indispensable au lancement de la construction d&rsquo;un d\u00e9monstrateur.\u00c0 LIRE AUSSI <strong class=\"strong\"><a href=\"https:\/\/www.lepoint.fr\/monde\/macron-et-merz-peuvent-ils-encore-sauver-le-moteur-franco-allemand-28-08-2025-2597162_24.php\" title=\"Macron et Merz peuvent-ils encore sauver le moteur franco-allemand\u00a0?\" style=\"text-decoration: none; color: inherit;\" data-gtm=\"click:capsule\" data-capsule=\"\u00c0 lire aussi\" target=\"_blank\" rel=\"noopener\">Macron et Merz peuvent-ils encore sauver le moteur franco-allemand\u00a0?<\/a><\/strong><br \/>\n\u00c0 D\u00e9couvrir<br \/>\n<strong class=\"discover-kangourou__line\"><br \/>\n<img decoding=\"async\" class=\"discover-kangourou__img\" src=\"https:\/\/static.lpnt.fr\/static\/img\/kangourou\/kangourou_filled.svg\"\/><br \/>\n<strong class=\"discover-kangourou__txt\"><br \/>\n<strong>Le Kangourou du jour<\/strong><br \/>\n<a href=\"https:\/\/kangourou.lepoint.fr\" title=\"kangourou\" data-gtm-cta=\"kangourou_article\" class=\"discover-kangourou__lnk\" target=\"_blank\" rel=\"noopener\"><br \/>\nR\u00e9pondre<br \/>\n<\/a><br \/>\n<\/strong><br \/>\n<\/strong>\n<\/p>\n<p>Le chancelier allemand,\u00a0Friedrich Merz a fait savoir que l&rsquo;Allemagne voulait une solution au plus vite. \u00ab\u00a0Les choses ne peuvent pas continuer comme elles le sont actuellement\u00a0\u00bb, a-t-il pr\u00e9venu.\u00a0<\/p>\n<p>Toute l\u2019actualit\u00e9 \u00e0 1\u20ac le premier mois<\/p>\n<p><a href=\"https:\/\/abo.lepoint.fr\/?provenance=21EDI020098\" class=\"btn\" title=\"S&#039;abonner\" data-gtm=\"click:abo|display:abo\" data-campaign=\"paywall_maison\" target=\"_blank\" rel=\"noopener\">S&rsquo;abonner<\/a><\/p>\n<p>ou<\/p>\n","protected":false},"excerpt":{"rendered":"L&rsquo;entente franco-allemande a du plomb dans l&rsquo;aile. Selon les informations de Politico, l&rsquo;Allemagne r\u00e9fl\u00e9chit \u00e0 abandonner le projet\u00a0europ\u00e9en&hellip;\n","protected":false},"author":2,"featured_media":405747,"comment_status":"","ping_status":"","sticky":false,"template":"","format":"standard","meta":{"footnotes":""},"categories":[1587],"tags":[11,36,672,1804,20286,1805,1803,1777,674,27,4710,1801,12,1802],"class_list":{"0":"post-405746","1":"post","2":"type-post","3":"status-publish","4":"format-standard","5":"has-post-thumbnail","7":"category-allemagne","8":"tag-actualites","9":"tag-airbus","10":"tag-allemagne","11":"tag-bundesrepublik-deutschland","12":"tag-dassault-aviation","13":"tag-de","14":"tag-deutschland","15":"tag-eu","16":"tag-europe","17":"tag-france","18":"tag-friedrich-merz","19":"tag-germany","20":"tag-news","21":"tag-republique-federale-dallemagne"},"share_on_mastodon":{"url":"https:\/\/pubeurope.com\/@fr\/115238780021399403","error":""},"_links":{"self":[{"href":"https:\/\/www.europesays.com\/fr\/wp-json\/wp\/v2\/posts\/405746","targetHints":{"allow":["GET"]}}],"collection":[{"href":"https:\/\/www.europesays.com\/fr\/wp-json\/wp\/v2\/posts"}],"about":[{"href":"https:\/\/www.europesays.com\/fr\/wp-json\/wp\/v2\/types\/post"}],"author":[{"embeddable":true,"href":"https:\/\/www.europesays.com\/fr\/wp-json\/wp\/v2\/users\/2"}],"replies":[{"embeddable":true,"href":"https:\/\/www.europesays.com\/fr\/wp-json\/wp\/v2\/comments?post=405746"}],"version-history":[{"count":0,"href":"https:\/\/www.europesays.com\/fr\/wp-json\/wp\/v2\/posts\/405746\/revisions"}],"wp:featuredmedia":[{"embeddable":true,"href":"https:\/\/www.europesays.com\/fr\/wp-json\/wp\/v2\/media\/405747"}],"wp:attachment":[{"href":"https:\/\/www.europesays.com\/fr\/wp-json\/wp\/v2\/media?parent=405746"}],"wp:term":[{"taxonomy":"category","embeddable":true,"href":"https:\/\/www.europesays.com\/fr\/wp-json\/wp\/v2\/categories?post=405746"},{"taxonomy":"post_tag","embeddable":true,"href":"https:\/\/www.europesays.com\/fr\/wp-json\/wp\/v2\/tags?post=405746"}],"curies":[{"name":"wp","href":"https:\/\/api.w.org\/{rel}","templated":true}]}}