{"id":405750,"date":"2025-09-20T21:38:13","date_gmt":"2025-09-20T21:38:13","guid":{"rendered":"https:\/\/www.europesays.com\/fr\/405750\/"},"modified":"2025-09-20T21:38:13","modified_gmt":"2025-09-20T21:38:13","slug":"mourir-au-travail-sans-retraite-et-mourir-a-la-guerre-les-frontaliers-alertent-sur-la-necessite-de-sortir-de-la-politique-de-mort-de-lunion-europeenne","status":"publish","type":"post","link":"https:\/\/www.europesays.com\/fr\/405750\/","title":{"rendered":"Mourir au travail sans retraite et mourir \u00e0 la guerre : les frontaliers alertent sur la n\u00e9cessit\u00e9 de sortir de la politique de mort de l&rsquo;Union Europ\u00e9enne."},"content":{"rendered":"<p><img fetchpriority=\"high\" decoding=\"async\" width=\"2057\" height=\"1200\" src=\"https:\/\/www.europesays.com\/fr\/wp-content\/uploads\/2025\/09\/20250920-Frontalier-europe-retraite-2057x1200.jpeg\" alt=\"\" class=\"wp-image-213730\" style=\"width:682px;height:auto\"  \/><\/p>\n<p>En France face aux gouvernants de Macron appuy\u00e9s par le RN de Bardela Le Pen, en Belgique face \u00e0 la coalition Arizona emmen\u00e9e par la droite extr\u00eame euronationaliste, c\u2019est la m\u00eame r\u00e9sistance des peuples : refuser le recul de l\u2019\u00e2ge de d\u00e9part \u00e0 la retraite et la baisse des pensions r\u00e9duite \u00e0 mis\u00e8re. Une m\u00eame bataille qui s\u2019explique par des m\u00eame causes : la politique impos\u00e9e par l\u2019Union Europ\u00e9enne, l\u2019euro et l\u2019OTAN de r\u00e9duction des salaires et des pensions. Dans l\u2019objectif constant de gonfler les profits des multinationales et de leurs milliardaires, en mettant en concurrence les peuples europ\u00e9ens dans le moins disant social et salarial, mais \u00e9galement d\u00e9sormais et tr\u00e8s ouvertement de lancer une course aux armements, \u00e0 l\u2019\u00e9conomie de guerre et \u00e0 l\u2019entr\u00e9e dans la guerre mondiale ouverte. De fait, l\u2019Union Europ\u00e9enne vient d\u2019imposer un plan de d\u00e9pense de 813 milliards d\u2019euros pour l\u2019armement aux peuples des 27 pays de l\u2019UE, et l\u2019OTAN d\u2019ordonner de consacrer au sein des budgets un minimum de 5% du PIB, de la totalit\u00e9 des richesse produite, pour ses d\u00e9penses. Les m\u00eames imposent, via les crit\u00e8res de Maastricht une limitation du d\u00e9ficit public du budget \u00e0 3% du PIB. Avec des budgets militaires de l\u2019ordres de 1%, on voit bien que math\u00e9matiquement c\u2019est 4 points de PIB qu\u2019il faut retrancher des budgets pour les salaires, les prestations sociales, les services publics, la retraites.<\/p>\n<blockquote class=\"twitter-tweet\" data-width=\"500\" data-dnt=\"true\">\n<p lang=\"fr\" dir=\"ltr\">Les milieux \u00e9conomiques inform\u00e9s confirment ce qu&rsquo;expliquent les communistes avec le PRCF : \u00e0 la racine du budget aust\u00e9ritaire attaquant la France des travailleurs, ses salaires et services publiques, c&rsquo;est les ordres de l&rsquo;Union Europ\u00e9enne. Pour s&rsquo;en sortir, il faut en sortir\u2026 <a href=\"https:\/\/t.co\/E6DvhEq84g\">pic.twitter.com\/E6DvhEq84g<\/a><\/p>\n<p>\u2014 PRCF (@PRCF_) <a href=\"https:\/\/twitter.com\/PRCF_\/status\/1969076207607009646?ref_src=twsrc%5Etfw\" target=\"_blank\" rel=\"noopener\">September 19, 2025<\/a><\/p><\/blockquote>\n<blockquote class=\"twitter-tweet\" data-width=\"500\" data-dnt=\"true\">\n<p lang=\"fr\" dir=\"ltr\">L&rsquo;argent pour les salaires pas pour la guerre :<br \/>notre slogan est tr\u00e8s majoritaire dans la France des travailleurs qui veut que les milliardaires et leur UE OTAN nous fichent la paix !<\/p>\n<p>Sortons de l&rsquo;OTAN qui nous coute 5% du PIB, de l&rsquo;UE qui nous imposent l&rsquo;aust\u00e9rit\u00e9.<br \/>Augmentation\u2026 <a href=\"https:\/\/t.co\/h2HiBZ79r6\">https:\/\/t.co\/h2HiBZ79r6<\/a><\/p>\n<p>\u2014 PRCF (@PRCF_) <a href=\"https:\/\/twitter.com\/PRCF_\/status\/1969073872096940155?ref_src=twsrc%5Etfw\" target=\"_blank\" rel=\"noopener\">September 19, 2025<\/a><\/p><\/blockquote>\n<p>Les travailleurs frontaliers sont les mieux plac\u00e9s pour observer ce jeu dangereux pilot\u00e9, organis\u00e9 et verrouill\u00e9 par l\u2019Union Europ\u00e9enne. Dans son \u00e9ditorial du Frontalier, le pr\u00e9sident de la puissante association Comit\u00e9 de d\u00e9fense des travailleurs Frontaliers de la Moselle, notre camarade Ars\u00e8ne Schmidt, mais les faits sur la table pour que chaque travailleurs puisse r\u00e9fl\u00e9chir et agir en connaissance de cause. C\u2019est l\u00e0 en-effet des faits soigneusement cach\u00e9s par les m\u00e9dias pr\u00e9f\u00e9rant mettre en avant les tambouilles politiciennes de ces politiques qui en d\u00e9pit de leur chicanerie sont tous d\u2019accord pour ob\u00e9ir \u00e0 l\u2019UE, de Macron \u00e0 Le Pen en passant par Glucksmann ou Tondelier, et faire les poches des travailleurs pour faire la guerre.<\/p>\n<p><img loading=\"lazy\" decoding=\"async\" width=\"873\" height=\"576\" src=\"https:\/\/www.europesays.com\/fr\/wp-content\/uploads\/2025\/09\/20221126-Lille-paix.jpg\" alt=\"\" class=\"wp-image-104653\" style=\"width:427px;height:auto\"  \/>Fadi Kassem, Georges Gastaud, Vincent Flament, prenant l\u2019initiative d\u2019une initiative contre l\u2019\u00e9conomie de guerre de l\u2019UE OTAN \u00e0 Lille.<\/p>\n<p>A la <a href=\"https:\/\/www.cdifl.fr\/information\" target=\"_blank\" rel=\"noopener\">CDIFL<\/a> qui r\u00e9uni les frontaliers du Luxembourg, l\u2019\u00e9cho est le m\u00eame. Les membres de l\u2019association comprennent et approuvent la Une du frontalier comme l\u2019expliquent l\u2019un d\u2019eux : \u00ab\u00a0la photo en dit long sur ce qui attend les g\u00e9n\u00e9rations futures. je r\u00e9sume cela en disant du \u00ab\u00a0du boulot au tombeau\u00a0\u00bb.  Il faut absolument stopper cette Union Europ\u00e9enne qui d\u00e9truit toutes nos acquis sociaux. Rares sont ceux malheureusement qui d\u00e9noncent cette Europe. Nous ne nous d\u00e9tournerons pas de nos valeurs face \u00e0 cette Union Europ\u00e9enne\u00a0\u00bb.<\/p>\n<p>Du Nord au sud de la France, dans les manifestations de Marseille et de Lille le 10 et 18 octobre, c\u2019est bien cette explication que portent courageusement, m\u00e9gaphone en main et en donnant de la voix le secr\u00e9taire du PRCF \u00e0 Lille comme le secr\u00e9taire du PRCF 13 \u00e0 Marseille avec l\u2019appui des militantes et militants donnant pour cela de la voix : manifester pour gagner une fin d\u00e9finitive du plan Bayrou, c\u2019est d\u2019abord manifester contre les ordres budg\u00e9taires et le syst\u00e8me de l\u2019Union Europ\u00e9enne qui en sont le fondement, et concr\u00e8tement faire le choix entre les salaires et la vie des travailleurs, ou l\u2019Union Europ\u00e9enne et l\u2019OTAN qui sont le bras arm\u00e9 des milliardaires pour nous plonger une troisi\u00e8me fois dans la guerre mondiale. Un choix s\u2019impose entre d\u00e9mocratie et union europ\u00e9enne, entre les int\u00e9r\u00eats vitaux des peuples et l\u2019exploitation par les milliardaires. Budget d\u2019aust\u00e9rit\u00e9 ou Frexit progressiste, le choix est tr\u00e8s concret : c\u2019est la bourse ou la vie, la guerre ou les salaires, la s\u00e9cu et l\u2019h\u00f4pital ou la guerre mondiale.<\/p>\n<p>JBC pour <a href=\"http:\/\/www.initiative-communiste.fr\" target=\"_blank\" rel=\"noopener\">www.initiative-communiste.fr<\/a><\/p>\n<p>Ca y est ! 70 ans \u2013 l\u2019\u00e9dito du Frontalier<\/p>\n<p>Le Danemark devient le premier pays de l\u2019Union europ\u00e9enne \u00e0 franchir le cap : la retraite \u00e0 70 ans ! Il a ouvert la br\u00e8che ! Et ceci, comme nous l\u2019avons toujours d\u00e9nonc\u00e9, au nom des \u00ab valeurs \u00bb de cette UE de malheur qui veut nous faire travailler jusqu\u2019au tombeau. Un scandale ! Et cette mesure de la honte est applaudie par Macron qui aime citer l\u2019exemple du gouvernement danois de porter la retraite \u00e0 70 ans pour financer l\u2019effort de guerre. Il faut savoir que les retraites sont depuis longtemps dans le viseur du broyeur europ\u00e9en. Lors du sommet europ\u00e9en \u00e0 Barcelone le 22 mars 2002, Chirac, Jospin, Schroeder et Blair ont sign\u00e9 avec le m\u00eame stylo le re cul de l\u2019\u00e2ge de la retraite de cinq ans. <\/p>\n<p>Oui, travailler, jusqu\u2019au tombeau !<\/p>\n<p>C\u2019est \u00e7a leur trajectoire de \u00ab civilisation \u00bb soulign\u00e9e dans le pr\u00e9ambule du trait\u00e9 de Lisbonne : le copier-coller du trait\u00e9 constitutionnel europ\u00e9en contre lequel le peuple fran\u00e7ais a vot\u00e9 contre \u00e0 55% le 29 mai 2005. Vote viol\u00e9 par Sarkosy, Hollande et leurs parlementaires qui ont fait ratifier ce trait\u00e9 par l\u2019Assembl\u00e9e nationale. Un coup d\u2019\u00c9tat institutionnel ! Et ces individus l\u00e0 osent prononcer le mot d\u00e9mocratie. 70 ans ! Cela va dans le droit fil des d\u00e9clarations du \u00ab socialiste \u00bb allemand Sigmar Gabriel, de Siegfried Russwurm, pr\u00e9sident de la f\u00e9d\u00e9ration allemande de l\u2019industrie et Stefan Wolf, pr\u00e9sident de la f\u00e9d\u00e9ration de la m\u00e9tallurgie qui revendiquent de porter la retraite \u00e0 70 ans. C\u2019est un affront \u00e0 la classe ouvri\u00e8re.<br \/>Ces gens-l\u00e0, ces politiciens clament que le d\u00e9part en retraite doit \u00eatre en concordance avec l\u2019esp\u00e9rance de vie. Donc la retraite \u00e0 80 ans pour les hommes et 85 pour les femmes. Mais il va jusqu\u2019o\u00f9 ce d\u00e9lire de ceux qui n\u2019ont jamais mis les pieds dans une usine. Oui, cette saloperie de travailler jusqu\u2019\u00e0 70 ans est depuis longtemps dans les tiroirs de la Commission europ\u00e9enne. En effet, la retraite \u00e0 67 ans avait \u00e9t\u00e9 engag\u00e9e en 2005 en Allemagne par le \u00ab socialiste \u00bb Schr\u00f6der dans le cadre des mesures Hartz IV avec en prime les f\u00e9licitations de la Commission europ\u00e9enne qui avait dit que ces mesures vont dans le bon sens de l\u2019Europe. <\/p>\n<p>A l\u2019\u00e9poque d\u00e9j\u00e0, les politiciens allemands avaient dit : \u00ab die Gespr\u00e4che der Renten mit 70 d\u00fcrfen kein Tabu mehr sein \u00bb (discuter de la retraite \u00e0 70 ans ne doit plus \u00eatre tabou). Une honte ! Oui, \u00e0 l\u2019exemple de Macron : la retraite \u00e0 70 ans pour financer l\u2019effort de guerre. Guerre en Ukraine provoqu\u00e9e par les USA et l\u2019Union europ\u00e9enne (voir frontalier no 1\/2025, pages 16-18). Oui, il faut taper dans les d\u00e9penses sociales, proc\u00e9der \u00e0 des r\u00e9formes structurelles dans les domaines de l\u2019assurance maladie, des soins, des retraites\u2026 pour faire la guerre. Le nouveau chancelier allemand, Friedrich Merz (Macron en pire, corrompu comme ancien directeur de Black Rock, va-t\u2019en guerre\u2026), donne un exemple : il attend des directions syndicales qu\u2019elles \u00ab convainquent \u00bb les travailleurs de leur \u00ab maintien volontaire dans la vie active au-del\u00e0 de 67 ans \u00bb\u2026 Tout cela pour que l\u2019arm\u00e9e re\u00e7oive \u00ab tous les moyens financiers \u00bb dont elle a besoin pour devenir l\u2019arm\u00e9e conventionnelle la plus puissante d\u2019Europe.<\/p>\n<p>Comme l\u2019a dit le ministre de la d\u00e9fense, Boris Pistorius, \u00ab il faut rendre \u00e0 l\u2019arm\u00e9e allemande sa capacit\u00e9 \u00e0 faire la guerre \u00bb face \u00e0 la menace russe. C\u2019est l\u2019hyst\u00e9rie totale ! C\u2019est de nouveau la ru\u00e9e vers l\u2019Est, l\u2019op\u00e9ration Barbarossa de juin 1941 ! Oui d\u00e9truire notre protection sociale, nos services publics \u2026 pour faire la guerre, r\u00e9clam\u00e9e aussi par le secr\u00e9taire g\u00e9n\u00e9ral de l\u2019OTAN, Mark Rutte au Parlement europ\u00e9en le 13 janvier : \u00ab il faut r\u00e9affecter l\u2019argent de la protection sociale \u00e0 la d\u00e9fense. \u00bb<br \/>Ils sont devenus fous nos gouvernants !<\/p>\n<p>Il est grand temps que les syndicats de base et de classe harc\u00e8lent nos directions syndicales fran\u00e7aises et allemandes euro-format\u00e9es afin qu\u2019elles se r\u00e9veillent et appellent \u00e0 la mobilisation g\u00e9n\u00e9rale contre toute cette politique guerri\u00e8re qui est en train de se mettre en oeuvre dont le prix \u00e0 payer est de travailler jusqu\u2019\u00e0 70 ans.<\/p>\n<p>C\u2019est maintenant tout de suite qu\u2019il faut agir ! Rompons avec cette UE de malheur qui ne g\u00e9n\u00e8re que mis\u00e8re et guerre !<\/p>\n<p>\t\t\t\t\t\t\t\t\t\t\t\t\t\t\t<script async src=\"https:\/\/platform.twitter.com\/widgets.js\" charset=\"utf-8\"><\/script><\/p>\n","protected":false},"excerpt":{"rendered":"En France face aux gouvernants de Macron appuy\u00e9s par le RN de Bardela Le Pen, en Belgique face&hellip;\n","protected":false},"author":2,"featured_media":405751,"comment_status":"","ping_status":"","sticky":false,"template":"","format":"standard","meta":{"footnotes":""},"categories":[1586],"tags":[11,53693,1018,1777,674,1779,1011,27,15501,53694,53695,29473,53696,12,136,25,137,53697,11254,53698,1778,364],"class_list":{"0":"post-405750","1":"post","2":"type-post","3":"status-publish","4":"format-standard","5":"has-post-thumbnail","7":"category-europe","8":"tag-actualites","9":"tag-arsene-schmidt","10":"tag-economie-de-guerre","11":"tag-eu","12":"tag-europe","13":"tag-european-union","14":"tag-fr","15":"tag-france","16":"tag-frexit","17":"tag-frexit-porgressiste","18":"tag-frontalier","19":"tag-guerre-mondiale","20":"tag-largent-pour-les-salaires-pas-pour-la-guerre","21":"tag-news","22":"tag-otan","23":"tag-republique-francaise","24":"tag-retraite","25":"tag-retraite-a-60-ans","26":"tag-salaires","27":"tag-sortie-de-lotan","28":"tag-ue","29":"tag-union-europeenne"},"share_on_mastodon":{"url":"https:\/\/pubeurope.com\/@fr\/115238791306948754","error":""},"_links":{"self":[{"href":"https:\/\/www.europesays.com\/fr\/wp-json\/wp\/v2\/posts\/405750","targetHints":{"allow":["GET"]}}],"collection":[{"href":"https:\/\/www.europesays.com\/fr\/wp-json\/wp\/v2\/posts"}],"about":[{"href":"https:\/\/www.europesays.com\/fr\/wp-json\/wp\/v2\/types\/post"}],"author":[{"embeddable":true,"href":"https:\/\/www.europesays.com\/fr\/wp-json\/wp\/v2\/users\/2"}],"replies":[{"embeddable":true,"href":"https:\/\/www.europesays.com\/fr\/wp-json\/wp\/v2\/comments?post=405750"}],"version-history":[{"count":0,"href":"https:\/\/www.europesays.com\/fr\/wp-json\/wp\/v2\/posts\/405750\/revisions"}],"wp:featuredmedia":[{"embeddable":true,"href":"https:\/\/www.europesays.com\/fr\/wp-json\/wp\/v2\/media\/405751"}],"wp:attachment":[{"href":"https:\/\/www.europesays.com\/fr\/wp-json\/wp\/v2\/media?parent=405750"}],"wp:term":[{"taxonomy":"category","embeddable":true,"href":"https:\/\/www.europesays.com\/fr\/wp-json\/wp\/v2\/categories?post=405750"},{"taxonomy":"post_tag","embeddable":true,"href":"https:\/\/www.europesays.com\/fr\/wp-json\/wp\/v2\/tags?post=405750"}],"curies":[{"name":"wp","href":"https:\/\/api.w.org\/{rel}","templated":true}]}}