{"id":405761,"date":"2025-09-20T21:46:27","date_gmt":"2025-09-20T21:46:27","guid":{"rendered":"https:\/\/www.europesays.com\/fr\/405761\/"},"modified":"2025-09-20T21:46:27","modified_gmt":"2025-09-20T21:46:27","slug":"get-to-know-ousmane-dieng","status":"publish","type":"post","link":"https:\/\/www.europesays.com\/fr\/405761\/","title":{"rendered":"Get To Know : Ousmane Dieng"},"content":{"rendered":"<p>Il ne cache pas que l&rsquo;\u00e9pisode l&rsquo;avait frustr\u00e9. Laiss\u00e9 libre avant m\u00eame d&rsquo;avoir pu commencer \u00e0 s&rsquo;entra\u00eener avec les Bleus, Ousmane Dieng est de retour avec la volont\u00e9 de montrer ses qualit\u00e9s. L&rsquo;ancien \u00e9l\u00e8ve du P\u00f4le France, 11e choix de la draft 2022, n&rsquo;a pas toujours eu l&rsquo;occasion de s&rsquo;exprimer dans l&rsquo;effectif XXL d&rsquo;OKC. Comme en NBA, il va devoir prouver au staff que son talent multi-facettes, qui lui permet d&rsquo;occuper des postes \u00e0 l&rsquo;ext\u00e9rieur comme \u00e0 l&rsquo;int\u00e9rieur, peut s&rsquo;exprimer au niveau international.<\/p><\/p>\n","protected":false},"excerpt":{"rendered":"Il ne cache pas que l&rsquo;\u00e9pisode l&rsquo;avait frustr\u00e9. Laiss\u00e9 libre avant m\u00eame d&rsquo;avoir pu commencer \u00e0 s&rsquo;entra\u00eener avec&hellip;\n","protected":false},"author":2,"featured_media":405762,"comment_status":"","ping_status":"","sticky":false,"template":"","format":"standard","meta":{"footnotes":""},"categories":[1414],"tags":[1465,1464,1011,27,60],"class_list":{"0":"post-405761","1":"post","2":"type-post","3":"status-publish","4":"format-standard","5":"has-post-thumbnail","7":"category-basket","8":"tag-basket","9":"tag-basketball","10":"tag-fr","11":"tag-france","12":"tag-sports"},"share_on_mastodon":{"url":"https:\/\/pubeurope.com\/@fr\/115238822427825999","error":""},"_links":{"self":[{"href":"https:\/\/www.europesays.com\/fr\/wp-json\/wp\/v2\/posts\/405761","targetHints":{"allow":["GET"]}}],"collection":[{"href":"https:\/\/www.europesays.com\/fr\/wp-json\/wp\/v2\/posts"}],"about":[{"href":"https:\/\/www.europesays.com\/fr\/wp-json\/wp\/v2\/types\/post"}],"author":[{"embeddable":true,"href":"https:\/\/www.europesays.com\/fr\/wp-json\/wp\/v2\/users\/2"}],"replies":[{"embeddable":true,"href":"https:\/\/www.europesays.com\/fr\/wp-json\/wp\/v2\/comments?post=405761"}],"version-history":[{"count":0,"href":"https:\/\/www.europesays.com\/fr\/wp-json\/wp\/v2\/posts\/405761\/revisions"}],"wp:featuredmedia":[{"embeddable":true,"href":"https:\/\/www.europesays.com\/fr\/wp-json\/wp\/v2\/media\/405762"}],"wp:attachment":[{"href":"https:\/\/www.europesays.com\/fr\/wp-json\/wp\/v2\/media?parent=405761"}],"wp:term":[{"taxonomy":"category","embeddable":true,"href":"https:\/\/www.europesays.com\/fr\/wp-json\/wp\/v2\/categories?post=405761"},{"taxonomy":"post_tag","embeddable":true,"href":"https:\/\/www.europesays.com\/fr\/wp-json\/wp\/v2\/tags?post=405761"}],"curies":[{"name":"wp","href":"https:\/\/api.w.org\/{rel}","templated":true}]}}