{"id":405763,"date":"2025-09-20T21:48:27","date_gmt":"2025-09-20T21:48:27","guid":{"rendered":"https:\/\/www.europesays.com\/fr\/405763\/"},"modified":"2025-09-20T21:48:27","modified_gmt":"2025-09-20T21:48:27","slug":"esteban-ocon-disqualifie-a-bakou","status":"publish","type":"post","link":"https:\/\/www.europesays.com\/fr\/405763\/","title":{"rendered":"Esteban Ocon disqualifi\u00e9 \u00e0 Bakou"},"content":{"rendered":"<p>\u00c9limin\u00e9 d\u00e8s la Q1 et seulement 18e sur la grille de d\u00e9part du Grand Prix d&rsquo;Azerba\u00efdjan, <a href=\"https:\/\/fr.motorsport.com\/driver\/esteban-ocon\/95096\/\" target=\"_blank\" rel=\"noopener\">Esteban Ocon<\/a> a \u00e9t\u00e9 disqualifi\u00e9, le contraignant \u00e0 s&rsquo;\u00e9lancer dimanche depuis la voie des stands. La d\u00e9cision \u00e9tait entre les mains des commissaires et faisait peu de doutes, puisqu&rsquo;ils ont \u00e9t\u00e9 alert\u00e9s par Jo Bauer, le d\u00e9l\u00e9gu\u00e9 technique de la FIA \u00e0 l&rsquo;issue de la s\u00e9ance disput\u00e9e \u00e0 Bakou.\u00a0<\/p>\n<p>La <a href=\"https:\/\/fr.motorsport.com\/team\/haas\/1949\/\" target=\"_blank\" rel=\"noopener\">Haas<\/a> VF-25 du pilote fran\u00e7ais s&rsquo;est av\u00e9r\u00e9e non conforme lorsqu&rsquo;elle a \u00e9t\u00e9 inspect\u00e9e, l&rsquo;aileron arri\u00e8re n&rsquo;ayant pas pass\u00e9 avec succ\u00e8s les tests de flexibilit\u00e9.\u00a0<\/p>\n<p>\u00ab\u00a0Un test de d\u00e9flexion de l&rsquo;extr\u00e9mit\u00e9 du plan principal de l&rsquo;aileron arri\u00e8re, conform\u00e9ment \u00e0 l&rsquo;Article 3.15.17 du R\u00e8glement Technique, a \u00e9t\u00e9 effectu\u00e9 sur la voiture n\u00b031\u00a0\u00bb, indique Jo Bauer dans son rapport. \u00ab\u00a0Les valeurs de d\u00e9flexion mesur\u00e9es sur cet aileron arri\u00e8re ont d\u00e9pass\u00e9 la limite autoris\u00e9e de 0,5 mm. Par cons\u00e9quent, je transmets cette affaire aux commissaires pour examen.\u00a0\u00bb<\/p>\n<p>Apr\u00e8s avoir rendu leur d\u00e9cision, les commissaires ont pr\u00e9cis\u00e9 que la d\u00e9flexion mesur\u00e9e \u00e9tait de 0,6 mm sur le c\u00f4t\u00e9 gauche et de 0,825 mm sur le c\u00f4t\u00e9 droit. \u00ab\u00a0L&rsquo;\u00e9quipe a reconnu que la proc\u00e9dure de test telle que d\u00e9crite dans le r\u00e8glement avait \u00e9t\u00e9 suivie et a expliqu\u00e9 que l&rsquo;\u00e9cart r\u00e9sultait d&rsquo;un probl\u00e8me lors de la production de l&rsquo;assemblage de cette pi\u00e8ce sp\u00e9cifique\u00a0\u00bb, ont-ils ajout\u00e9.\u00a0<\/p>\n<p>Depuis le d\u00e9but de l&rsquo;ann\u00e9e, les tests de flexibilit\u00e9 des ailerons arri\u00e8re et avant ont \u00e9t\u00e9 renforc\u00e9s par la FIA. Quelle que soit l&rsquo;explication fournie par l&rsquo;\u00e9curie am\u00e9ricaine, il y a une tr\u00e8s forte probabilit\u00e9 pour que les commissaires disqualifient Esteban Ocon, conform\u00e9ment \u00e0 la sanction pr\u00e9vue dans le cas d&rsquo;une monoplace non r\u00e9glementaire.\u00a0<\/p>\n<p>Au micro de Canal+ apr\u00e8s son \u00e9limination, le pilote tricolore a confi\u00e9 qu&rsquo;il vivait un week-end difficile et que les nombreux probl\u00e8mes rencontr\u00e9s au volant commen\u00e7aient \u00e0 lui peser.\u00a0<\/p>\n<p>\u00ab\u00a0Je ne pense pas que ce soit les conditions le probl\u00e8me, c&rsquo;est pour tout le monde pareil sur la piste\u00a0\u00bb, a-t-il r\u00e9agi. \u00ab\u00a0Nous, on a un probl\u00e8me de freins depuis ce matin, on n&rsquo;arrive pas \u00e0 stopper la voiture. Je pense qu&rsquo;on a bloqu\u00e9 trois ou quatre fois les roues dans le tour, donc on a perdu \u00e9norm\u00e9ment de temps, en freinant tr\u00e8s t\u00f4t. Il y a clairement quelque chose qui ne fonctionnait pas aujourd&rsquo;hui. M\u00eame hier c&rsquo;\u00e9tait difficile, et aujourd&rsquo;hui c&rsquo;\u00e9tait bien s\u00fbr encore pire.\u00a0\u00bb <\/p>\n<p>\u00ab\u00a0C&rsquo;est d\u00e9cevant parce que je pense qu&rsquo;on avait l&rsquo;opportunit\u00e9 de faire quelque chose de bien. Il faut qu&rsquo;on arrive \u00e0 g\u00e9rer tous ces probl\u00e8mes qui viennent et reviennent sans arr\u00eat, parce que \u00e7a commence \u00e0 \u00eatre un peu fatiguant.\u00a0\u00bb<\/p>\n<p>La disqualification et le d\u00e9part des stands d&rsquo;Esteban Ocon permettent \u00e0 <a href=\"https:\/\/fr.motorsport.com\/driver\/pierre-gasly\/95098\/\" target=\"_blank\" rel=\"noopener\">Pierre Gasly<\/a> et <a href=\"https:\/\/fr.motorsport.com\/driver\/alexander-albon\/109635\/\" target=\"_blank\" rel=\"noopener\">Alexander Albon<\/a> de remonter d&rsquo;une place sur la grille.\u00a0<\/p>\n<p>Lire aussi :<\/p>\n","protected":false},"excerpt":{"rendered":"\u00c9limin\u00e9 d\u00e8s la Q1 et seulement 18e sur la grille de d\u00e9part du Grand Prix d&rsquo;Azerba\u00efdjan, Esteban Ocon&hellip;\n","protected":false},"author":2,"featured_media":405764,"comment_status":"","ping_status":"","sticky":false,"template":"","format":"standard","meta":{"footnotes":""},"categories":[1412],"tags":[52446,2249,53699,1451,1452,1453,1454,1455,1011,27,52445,4443,60],"class_list":{"0":"post-405763","1":"post","2":"type-post","3":"status-publish","4":"format-standard","5":"has-post-thumbnail","7":"category-f1","8":"tag-baku-city-circuit","9":"tag-esteban-ocon","10":"tag-esteban-ocon-disqualifiu00e9-u00e0-bakou","11":"tag-f1","12":"tag-formula-1","13":"tag-formula1","14":"tag-formule-1","15":"tag-formule1","16":"tag-fr","17":"tag-france","18":"tag-gp-dazerbau00efdjan","19":"tag-haas","20":"tag-sports"},"share_on_mastodon":{"url":"https:\/\/pubeurope.com\/@fr\/115238830363420906","error":""},"_links":{"self":[{"href":"https:\/\/www.europesays.com\/fr\/wp-json\/wp\/v2\/posts\/405763","targetHints":{"allow":["GET"]}}],"collection":[{"href":"https:\/\/www.europesays.com\/fr\/wp-json\/wp\/v2\/posts"}],"about":[{"href":"https:\/\/www.europesays.com\/fr\/wp-json\/wp\/v2\/types\/post"}],"author":[{"embeddable":true,"href":"https:\/\/www.europesays.com\/fr\/wp-json\/wp\/v2\/users\/2"}],"replies":[{"embeddable":true,"href":"https:\/\/www.europesays.com\/fr\/wp-json\/wp\/v2\/comments?post=405763"}],"version-history":[{"count":0,"href":"https:\/\/www.europesays.com\/fr\/wp-json\/wp\/v2\/posts\/405763\/revisions"}],"wp:featuredmedia":[{"embeddable":true,"href":"https:\/\/www.europesays.com\/fr\/wp-json\/wp\/v2\/media\/405764"}],"wp:attachment":[{"href":"https:\/\/www.europesays.com\/fr\/wp-json\/wp\/v2\/media?parent=405763"}],"wp:term":[{"taxonomy":"category","embeddable":true,"href":"https:\/\/www.europesays.com\/fr\/wp-json\/wp\/v2\/categories?post=405763"},{"taxonomy":"post_tag","embeddable":true,"href":"https:\/\/www.europesays.com\/fr\/wp-json\/wp\/v2\/tags?post=405763"}],"curies":[{"name":"wp","href":"https:\/\/api.w.org\/{rel}","templated":true}]}}