{"id":405767,"date":"2025-09-20T21:50:13","date_gmt":"2025-09-20T21:50:13","guid":{"rendered":"https:\/\/www.europesays.com\/fr\/405767\/"},"modified":"2025-09-20T21:50:13","modified_gmt":"2025-09-20T21:50:13","slug":"en-national-3-le-gardien-de-thonon-evian-marque-apres-un-degagement-depuis-sa-propre-surface-lequipe","status":"publish","type":"post","link":"https:\/\/www.europesays.com\/fr\/405767\/","title":{"rendered":"En National 3, le gardien de Thonon Evian marque apr\u00e8s un d\u00e9gagement depuis sa propre surface &#8211; L&#039;\u00c9quipe"},"content":{"rendered":"<ol>\n<li><a href=\"https:\/\/news.google.com\/rss\/articles\/CBMi2wFBVV95cUxOM1BBeGJXY3I2NVVoaG9hQXMzYXI1a3ZJWVk5clZLLU1YMVI0V1BBel9KYURlbjFsMTRDU1hGc29MQ1l1a1dneDdrVWl2cWJjTE9ncGZraVRuTXlsMElZM3NsTnVZa0YyRndLblRfaVZNZ1RvN3pfTHpQN0l2WlUxb2J0TjhFMGNMalQzbHBMeTJZdTN2RzdwcVJhVndjOV9zMFByZTJkTUx6Y204VmFEc0VOaUhWT2NpNkw2eXpna3BqLXJud3FpUG81ZlhpSlpLcWF2REVZd2tKb28?oc=5\" target=\"_blank\" rel=\"nofollow noopener\">En National 3, le gardien de Thonon Evian marque apr\u00e8s un d\u00e9gagement depuis sa propre surface<\/a>&nbsp;&nbsp;L&rsquo;\u00c9quipe<\/li>\n<li><a href=\"https:\/\/news.google.com\/rss\/articles\/CBMiiwFBVV95cUxPVFF4Y29scDJqNkVoYjN2Ynk0NXFjNWlYU0pJTTdBRmk3WWZqLUJlUWxiZWRYZlk2cDd0aHNxSElMSHkydW5MX1A2QXdDTkJVaEEyb3lFZDhoR09FU2FLTVpLOGlzd3lZc0w3S1BEQjd0RHU2bDFRQUg3Wjk3WEhtRjRRMVowaDlsa2ZB?oc=5\" target=\"_blank\" rel=\"nofollow noopener\">Vid\u00e9o &#8211; Football. Sur un d\u00e9gagement, le gardien de Thonon Evian marque et offre la victoire \u00e0 son \u00e9quipe<\/a>&nbsp;&nbsp;Le Dauphin\u00e9 Lib\u00e9r\u00e9<\/li>\n<li><a href=\"https:\/\/news.google.com\/rss\/articles\/CBMi6wFBVV95cUxOTTlzS1djdTU3OTgwbzdiUVZ3MVpLT3FQb3FkQVFHcDdHUUZEYld5MmRQVzdqdmhyYU9BajFHUGVJU2w4M1VKWWo0Qy1ucS1JS3FyWlR3UjduSkRVTFc5eWt3bTQxQlFncVZyLWZzcDd2ZDJoYUhsdG5DQWVDRWhhUmR0RkVjbVdWajJLbndDR3pidjVPWDNmUkRmSld1MWV6Snh6VzlqM2xTbWpMQWh6MTJUMUYxQjVSMVA5S2NWdldqdXhvN2FyNXd4aEJJZlN1aGhsTWVPd2loMXBTU0dTTFBYY29OQUVxcm8w?oc=5\" target=\"_blank\" rel=\"nofollow noopener\">Le gardien de Thonon Evian marque apr\u00e8s un d\u00e9gagement depuis sa propre surface &#8211; Foot &#8211; National 3<\/a>&nbsp;&nbsp;Orange Actualit\u00e9s | Sports<\/li>\n<li><a href=\"https:\/\/news.google.com\/rss\/articles\/CBMirAFBVV95cUxOd2ZNQUlDeHhOWGNNVko1MXFDZjFJVUEzOFd4QXZ4QU5IWWVlZ0d2T3d1eVBwR2ZBMHNxZGQ0a0ZNMm9ncGNZTkExVnk5c1hGWjg3Nkw5eUJzTzNVZmtmcDdyTDJxRmJTUXhZOGdIZGpITVhKS0ExV0U2Q19PUW1rVGlvSU9KaTB4OGZHWUNvc0owNFNLOVBkemt4TlhoWXFiejFBYm4zWFVQNlEw?oc=5\" target=\"_blank\" rel=\"nofollow noopener\">National 3 : un but dingue inscrit par un gardien depuis sa surface<\/a>&nbsp;&nbsp;Foot National<\/li>\n<\/ol>\n","protected":false},"excerpt":{"rendered":"En National 3, le gardien de Thonon Evian marque apr\u00e8s un d\u00e9gagement depuis sa propre surface&nbsp;&nbsp;L&rsquo;\u00c9quipe Vid\u00e9o &#8211;&hellip;\n","protected":false},"author":2,"featured_media":405768,"comment_status":"","ping_status":"","sticky":false,"template":"","format":"standard","meta":{"footnotes":""},"categories":[1410],"tags":[63,1011,27,60],"class_list":{"0":"post-405767","1":"post","2":"type-post","3":"status-publish","4":"format-standard","5":"has-post-thumbnail","7":"category-football","8":"tag-football","9":"tag-fr","10":"tag-france","11":"tag-sports"},"share_on_mastodon":{"url":"https:\/\/pubeurope.com\/@fr\/115238838265972467","error":""},"_links":{"self":[{"href":"https:\/\/www.europesays.com\/fr\/wp-json\/wp\/v2\/posts\/405767","targetHints":{"allow":["GET"]}}],"collection":[{"href":"https:\/\/www.europesays.com\/fr\/wp-json\/wp\/v2\/posts"}],"about":[{"href":"https:\/\/www.europesays.com\/fr\/wp-json\/wp\/v2\/types\/post"}],"author":[{"embeddable":true,"href":"https:\/\/www.europesays.com\/fr\/wp-json\/wp\/v2\/users\/2"}],"replies":[{"embeddable":true,"href":"https:\/\/www.europesays.com\/fr\/wp-json\/wp\/v2\/comments?post=405767"}],"version-history":[{"count":0,"href":"https:\/\/www.europesays.com\/fr\/wp-json\/wp\/v2\/posts\/405767\/revisions"}],"wp:featuredmedia":[{"embeddable":true,"href":"https:\/\/www.europesays.com\/fr\/wp-json\/wp\/v2\/media\/405768"}],"wp:attachment":[{"href":"https:\/\/www.europesays.com\/fr\/wp-json\/wp\/v2\/media?parent=405767"}],"wp:term":[{"taxonomy":"category","embeddable":true,"href":"https:\/\/www.europesays.com\/fr\/wp-json\/wp\/v2\/categories?post=405767"},{"taxonomy":"post_tag","embeddable":true,"href":"https:\/\/www.europesays.com\/fr\/wp-json\/wp\/v2\/tags?post=405767"}],"curies":[{"name":"wp","href":"https:\/\/api.w.org\/{rel}","templated":true}]}}