{"id":405769,"date":"2025-09-20T21:51:16","date_gmt":"2025-09-20T21:51:16","guid":{"rendered":"https:\/\/www.europesays.com\/fr\/405769\/"},"modified":"2025-09-20T21:51:16","modified_gmt":"2025-09-20T21:51:16","slug":"lex-animatrice-veronique-mounier-publie-son-premier-livre-de-conseils-pour-rester-en-bonne-sante-grace-a-la-micronutrition-la-methode-des-4-p-video","status":"publish","type":"post","link":"https:\/\/www.europesays.com\/fr\/405769\/","title":{"rendered":"L\u2019ex-animatrice V\u00e9ronique Mounier publie son premier livre de conseils pour rester en bonne sant\u00e9 gr\u00e2ce \u00e0 la micronutrition : \u00ab\u00a0La m\u00e9thode des 4 P\u00a0\u00bb &#8211; VIDEO"},"content":{"rendered":"<p>L&rsquo;ex-animatrice de M6 et de Ch\u00e9rie 25 V\u00e9ronique Mounier vient de publier son premier livre : \u00ab\u00a0La M\u00e9thode des 4 P : Personnalis\u00e9e &#8211; Pr\u00e9ventive &#8211; Pr\u00e9dictive &#8211; Participative\u00a0\u00bb aux \u00e9ditions Flammarion.<\/p>\n<p>Dans une vid\u00e9o, V\u00e9ronique Mounier se dit \u00ab tr\u00e8s fi\u00e8re et tr\u00e8s \u00e9mue \u00bb de pr\u00e9senter ce premier livre sur un sujet qui la \u00ab passionne depuis des ann\u00e9es \u00bb.<\/p>\n<p><strong>Pr\u00e9sentation<\/strong> <\/p>\n<p>Depuis quelques ann\u00e9es d\u00e9j\u00e0, une nouvelle m\u00e9decine a \u00e9merg\u00e9 : la m\u00e9decine dite des 4 P pour \u00ab personnalis\u00e9e \u00bb, \u00ab pr\u00e9ventive \u00bb, \u00ab pr\u00e9dictive \u00bb et \u00ab participative \u00bb. Cette pratique est n\u00e9e d\u2019un constat : parce que l\u2019\u00eatre humain n\u2019est pas seulement un assemblage d\u2019organes avec d\u2019un c\u00f4t\u00e9 le corps et de l\u2019autre l\u2019esprit, il doit \u00eatre envisag\u00e9 dans sa globalit\u00e9, car tout est en lien.<\/p>\n<p>Cette vision holistique de la sant\u00e9 est aujourd\u2019hui pl\u00e9biscit\u00e9e par les patients eux-m\u00eames. Ils l\u2019ont bien compris : il y a la m\u00e9decine de la maladie et il y a la m\u00e9decine de la sant\u00e9, qui nous dit comment gagner de l\u2019esp\u00e9rance de vie en bonne sant\u00e9 \u2013 quel est l\u2019int\u00e9r\u00eat de vivre plus longtemps avec un corps dysfonctionnel et un cerveau qui tourne au ralenti ?<\/p>\n<p>C\u2019est toute l\u2019ambition de cette m\u00e9decine des 4 P : nous aider \u00e0 rester en bonne sant\u00e9 le plus longtemps possible par la pr\u00e9vention des maladies, la pr\u00e9diction de certains facteurs de risques, notamment g\u00e9n\u00e9tiques, la personnalisation de la prise en charge et la participation du patient, qui devient v\u00e9ritablement acteur de sa sant\u00e9.<\/p>\n<p>.<\/p>\n<p><img loading=\"lazy\" decoding=\"async\" src=\"https:\/\/www.europesays.com\/fr\/wp-content\/uploads\/2025\/09\/capture_decran_2025-09-16_a_12.57.00.png\" width=\"731\" height=\"1200\" style=\"display: block; margin-left: auto; margin-right: auto;\"\/><\/p>\n","protected":false},"excerpt":{"rendered":"L&rsquo;ex-animatrice de M6 et de Ch\u00e9rie 25 V\u00e9ronique Mounier vient de publier son premier livre : \u00ab\u00a0La M\u00e9thode&hellip;\n","protected":false},"author":2,"featured_media":405770,"comment_status":"","ping_status":"","sticky":false,"template":"","format":"standard","meta":{"footnotes":""},"categories":[1359],"tags":[58,59,1011,27,2003,4991,973,8755,6676,53700],"class_list":{"0":"post-405769","1":"post","2":"type-post","3":"status-publish","4":"format-standard","5":"has-post-thumbnail","7":"category-people","8":"tag-divertissement","9":"tag-entertainment","10":"tag-fr","11":"tag-france","12":"tag-livre","13":"tag-nutrition","14":"tag-people","15":"tag-santu00e9","16":"tag-u00e9dition","17":"tag-vu00e9ronique-mounier"},"share_on_mastodon":{"url":"https:\/\/pubeurope.com\/@fr\/115238842546462893","error":""},"_links":{"self":[{"href":"https:\/\/www.europesays.com\/fr\/wp-json\/wp\/v2\/posts\/405769","targetHints":{"allow":["GET"]}}],"collection":[{"href":"https:\/\/www.europesays.com\/fr\/wp-json\/wp\/v2\/posts"}],"about":[{"href":"https:\/\/www.europesays.com\/fr\/wp-json\/wp\/v2\/types\/post"}],"author":[{"embeddable":true,"href":"https:\/\/www.europesays.com\/fr\/wp-json\/wp\/v2\/users\/2"}],"replies":[{"embeddable":true,"href":"https:\/\/www.europesays.com\/fr\/wp-json\/wp\/v2\/comments?post=405769"}],"version-history":[{"count":0,"href":"https:\/\/www.europesays.com\/fr\/wp-json\/wp\/v2\/posts\/405769\/revisions"}],"wp:featuredmedia":[{"embeddable":true,"href":"https:\/\/www.europesays.com\/fr\/wp-json\/wp\/v2\/media\/405770"}],"wp:attachment":[{"href":"https:\/\/www.europesays.com\/fr\/wp-json\/wp\/v2\/media?parent=405769"}],"wp:term":[{"taxonomy":"category","embeddable":true,"href":"https:\/\/www.europesays.com\/fr\/wp-json\/wp\/v2\/categories?post=405769"},{"taxonomy":"post_tag","embeddable":true,"href":"https:\/\/www.europesays.com\/fr\/wp-json\/wp\/v2\/tags?post=405769"}],"curies":[{"name":"wp","href":"https:\/\/api.w.org\/{rel}","templated":true}]}}