{"id":405771,"date":"2025-09-20T21:52:25","date_gmt":"2025-09-20T21:52:25","guid":{"rendered":"https:\/\/www.europesays.com\/fr\/405771\/"},"modified":"2025-09-20T21:52:25","modified_gmt":"2025-09-20T21:52:25","slug":"a-douarnenez-une-centaine-detudiants-en-architecture-bientot-au-travail-dans-la-ville-un-appel-lance-aux-hebergeurs","status":"publish","type":"post","link":"https:\/\/www.europesays.com\/fr\/405771\/","title":{"rendered":"\u00c0 Douarnenez, une centaine d\u2019\u00e9tudiants en architecture bient\u00f4t au travail dans la ville, un appel lanc\u00e9 aux h\u00e9bergeurs"},"content":{"rendered":"<p>Le projet associe l\u2019\u00c9cole nationale sup\u00e9rieure d\u2019architecture de Bretagne (Ensab), la Ville de Douarnenez et l\u2019\u00e9tablissement public foncier de Bretagne\u00a0: du 6 au 10 octobre 2025, une centaine d\u2019\u00e9tudiants en architecture en Licence III \u00e0 l\u2019Ensab viendront mener une \u00e9tude autour du b\u00e2ti ancien, \u00e0 Douarnenez. \u00ab\u00a0Ce travail consistera \u00e0 relever, dessiner et analyser des maisons et b\u00e2timents du centre-ville afin de mieux comprendre les sp\u00e9cificit\u00e9s du patrimoine b\u00e2ti douarneniste\u00a0\u00bb, indique la municipalit\u00e9.<\/p>\n<p>\u00ab\u00a0Ces travaux viendront nourrir la r\u00e9flexion municipale\u00a0\u00bb<\/p>\n<p>L\u2019Ensab a sollicit\u00e9 la Ville de Douarnenez pour un partenariat de trois ans, dans la lign\u00e9e d\u2019un travail similaire r\u00e9alis\u00e9 \u00e0 Quintin (22). \u00ab\u00a0Chaque fin d\u2019ann\u00e9e scolaire, une restitution publique de ces travaux sera organis\u00e9e, sous forme d\u2019exposition. Les relev\u00e9s et analyses permettront de comprendre et \u00e9tudier les pathologies du b\u00e2ti ancien, d\u2019identifier des solutions techniques durables et de proposer des pistes de r\u00e9habilitation en lien avec les habitants. Ces travaux viendront nourrir la r\u00e9flexion municipale <a href=\"https:\/\/www.letelegramme.fr\/finistere\/douarnenez-29100\/a-douarnenez-ou-en-est-lopah-ru-un-an-apres-son-lancement-6391335.php\" target=\"_blank\" rel=\"noopener\">sur la valorisation et la r\u00e9habilitation du centre-ville, tout en sensibilisant les particuliers \u00e0 la pr\u00e9servation de leur patrimoine<\/a>\u00a0\u00bb, consid\u00e8re la municipalit\u00e9.<\/p>\n<p>Onze \u00e9tudiants \u00e0 loger<\/p>\n<p>La Ville pr\u00e9cise enfin que, parmi la centaine d\u2019\u00e9tudiants, onze ne disposent pas encore de solution d\u2019h\u00e9bergement. Un appel est donc lanc\u00e9 aux h\u00e9bergeurs, pour quatre nuits (du 6 au 9 octobre). \u00ab\u00a0Les \u00e9tudiants viendront avec leur sac de couchage et seront autonomes pour leurs repas (d\u00eeners et petits-d\u00e9jeuners). Id\u00e9alement, les chambres propos\u00e9es devraient se situer en centre-ville, \u00e0 proximit\u00e9 imm\u00e9diate des b\u00e2timents \u00e9tudi\u00e9s\u00a0\u00bb, pr\u00e9cise la municipalit\u00e9.<\/p>\n<p>Contact<\/p>\n<p class=\"note\">Pour toutes informations et proposition de logements, contacter l\u2019\u00c9cole nationale sup\u00e9rieure d\u2019architecture de Bretagne\u00a0: Vincent Jouve \u00e0 <a href=\"https:\/\/www.letelegramme.fr\/cdn-cgi\/l\/email-protection\" class=\"__cf_email__\" data-cfemail=\"8afce3e4e9efe4fea4e0e5fffcefcaf8efe4e4eff9a4ebf8e9e2e3a4ecf8\" target=\"_blank\" rel=\"noopener\">[email\u00a0protected]<\/a>\u00a0; Rozenn Kervella \u00e0 <a href=\"https:\/\/www.letelegramme.fr\/cdn-cgi\/l\/email-protection\" class=\"__cf_email__\" data-cfemail=\"dfadb0a5bab1b1f1b4baada9bab3b3be9fadbab1b1baacf1beadbcb7b6f1b9ad\" target=\"_blank\" rel=\"noopener\">[email\u00a0protected]<\/a>\u00a0; Mme Havard au 02\u00a099\u00a029\u00a068\u00a000.<\/p>\n","protected":false},"excerpt":{"rendered":"Le projet associe l\u2019\u00c9cole nationale sup\u00e9rieure d\u2019architecture de Bretagne (Ensab), la Ville de Douarnenez et l\u2019\u00e9tablissement public foncier&hellip;\n","protected":false},"author":2,"featured_media":405772,"comment_status":"","ping_status":"","sticky":false,"template":"","format":"standard","meta":{"footnotes":""},"categories":[1358],"tags":[1350,1348,1384,1385,1386,58,3320,59,1011,27,1908],"class_list":{"0":"post-405771","1":"post","2":"type-post","3":"status-publish","4":"format-standard","5":"has-post-thumbnail","7":"category-arts-et-design","8":"tag-architecture","9":"tag-arts","10":"tag-arts-and-design","11":"tag-arts-et-design","12":"tag-design","13":"tag-divertissement","14":"tag-douarnenez","15":"tag-entertainment","16":"tag-fr","17":"tag-france","18":"tag-logement"},"share_on_mastodon":{"url":"https:\/\/pubeurope.com\/@fr\/115238846040736914","error":""},"_links":{"self":[{"href":"https:\/\/www.europesays.com\/fr\/wp-json\/wp\/v2\/posts\/405771","targetHints":{"allow":["GET"]}}],"collection":[{"href":"https:\/\/www.europesays.com\/fr\/wp-json\/wp\/v2\/posts"}],"about":[{"href":"https:\/\/www.europesays.com\/fr\/wp-json\/wp\/v2\/types\/post"}],"author":[{"embeddable":true,"href":"https:\/\/www.europesays.com\/fr\/wp-json\/wp\/v2\/users\/2"}],"replies":[{"embeddable":true,"href":"https:\/\/www.europesays.com\/fr\/wp-json\/wp\/v2\/comments?post=405771"}],"version-history":[{"count":0,"href":"https:\/\/www.europesays.com\/fr\/wp-json\/wp\/v2\/posts\/405771\/revisions"}],"wp:featuredmedia":[{"embeddable":true,"href":"https:\/\/www.europesays.com\/fr\/wp-json\/wp\/v2\/media\/405772"}],"wp:attachment":[{"href":"https:\/\/www.europesays.com\/fr\/wp-json\/wp\/v2\/media?parent=405771"}],"wp:term":[{"taxonomy":"category","embeddable":true,"href":"https:\/\/www.europesays.com\/fr\/wp-json\/wp\/v2\/categories?post=405771"},{"taxonomy":"post_tag","embeddable":true,"href":"https:\/\/www.europesays.com\/fr\/wp-json\/wp\/v2\/tags?post=405771"}],"curies":[{"name":"wp","href":"https:\/\/api.w.org\/{rel}","templated":true}]}}