{"id":405775,"date":"2025-09-20T21:54:34","date_gmt":"2025-09-20T21:54:34","guid":{"rendered":"https:\/\/www.europesays.com\/fr\/405775\/"},"modified":"2025-09-20T21:54:34","modified_gmt":"2025-09-20T21:54:34","slug":"qui-sont-les-invites-de-frederic-lopez-ce-21-septembre","status":"publish","type":"post","link":"https:\/\/www.europesays.com\/fr\/405775\/","title":{"rendered":"Qui sont les invit\u00e9s de Fr\u00e9d\u00e9ric Lopez ce 21 septembre ?"},"content":{"rendered":"<p class=\"articleContent-meta\">\n        Aujourd&rsquo;hui \u00e0 17:00 &#8211; par             <a class=\"articleContent-metaAuthorsLink\" href=\"https:\/\/www.cesoirtv.com\/auteur\/thomas-fourcroy\/\" target=\"_blank\" rel=\"noopener\">Thomas Fourcroy<\/a><\/p>\n<p>                    Tweeter<\/p>\n<p>                    Partager sur Facebook<\/p>\n<p>                        <img decoding=\"async\" src=\"https:\/\/www.europesays.com\/fr\/wp-content\/uploads\/2025\/09\/claudia-tagbo-et-michele-laroque-pour-notre-interview-guess-who.jpg\" alt=\"Player Video\" class=\"player-applyRatio poster exclude-seedtag\"\/><\/p>\n<p>Le dimanche 21 septembre \u00e0 16h05, France 2 diffuse son \u00e9mission Un dimanche \u00e0 la campagne. Place \u00e0 un num\u00e9ro in\u00e9dit dont on vous d\u00e9voile les invit\u00e9s&#8230; <\/p>\n<p>Souvent bouscul\u00e9e par la diffusion de nombreux \u00e9v\u00e9nements sportifs, comme derni\u00e8rement avec les matchs de la coupe du monde f\u00e9minine de rugby, l&rsquo;\u00e9mission Un dimanche \u00e0 la campagne fait sa rentr\u00e9e ce dimanche 21 septembre. Un \u00e9pisode in\u00e9dit qui fait suite au dernier en date, diffus\u00e9 le 22 juin dernier. Comme \u00e0 son habitude, Fr\u00e9d\u00e9ric Lopez accueillera dans son cocon trois personnalit\u00e9s aux parcours parfois caboss\u00e9s, mais qui ont toujours cru en leur bonne \u00e9toile.<\/p>\n<p>Un dimanche \u00e0 la campagne : Claudia Tagbo, Chico et Roland Peres invit\u00e9s de l&rsquo;\u00e9mission<\/p>\n<p>\u00c0 16h05 ce dimanche sur France 2, Fr\u00e9d\u00e9ric Lopez appellera \u00e0 un moment de partage loin des projecteurs pour trois stars. Des invit\u00e9s in\u00e9dits, reconnus dans leurs domaines, qui seront <a href=\"https:\/\/www.cesoirtv.com\/news\/series\/1662-disparition-inquietante-ce-que-claudia-tagbo-a-particulierement-apprecie-dans-son-role\/\" target=\"_blank\" rel=\"noopener\">Claudia Tagbo<\/a>, Chico et Roland Peres. La premi\u00e8re multiplie les casquettes, entre spectacles humoristiques et exp\u00e9riences devant les cam\u00e9ras. Com\u00e9dienne, elle a depuis son plus jeune \u00e2ge tout fait pour r\u00e9aliser son r\u00eave, malgr\u00e9 le scepticisme de certains de ses proches. Chico, lui, est l&rsquo;un des musiciens les plus connus du globe, fort de ses exp\u00e9riences avec les Gipsy Kings et Chico et les Gypsies. Star de la musique gitane, il porte la cicatrice d&rsquo;un fr\u00e8re abattu \u00e0 tort par les services secrets isra\u00e9liens. Enfin, l&rsquo;auteur Roland Peres sera \u00e9galement au rendez-vous, lui qui a vu son roman Ma m\u00e8re, Dieu et Sylvie Vartan \u00eatre r\u00e9cemment port\u00e9 \u00e0 l&rsquo;\u00e9cran.<\/p>\n<p>                                Un dimanche \u00e0 la campagne : la petite surprise de Fr\u00e9d\u00e9ric Lopez, r\u00e9cemment annonc\u00e9e<\/p>\n<p>Le 23 ao\u00fbt, soit quelques semaines avant de faire sa rentr\u00e9e \u00e0 la t\u00e9l\u00e9vision avec Un dimanche \u00e0 la campagne, Fr\u00e9d\u00e9ric Lopez a r\u00e9serv\u00e9 une jolie surprise aux aficionados de l&rsquo;\u00e9mission. Sur son compte Instagram, l&rsquo;animateur a partag\u00e9 une belle nouvelle, \u00e0 savoir la cr\u00e9ation d&rsquo;une cha\u00eene YouTube un peu sp\u00e9ciale : \u00ab\u00a0Bonjour \u00e0 toutes et \u00e0 tous. Vous avez \u00e9t\u00e9 d\u2019une fid\u00e9lit\u00e9 inou\u00efe pour Un dimanche \u00e0 la campagne. Avec toute mon \u00e9quipe, je peux vous dire qu\u2019on lit tous vos messages, et que \u00e7a nous donne du baume au c\u0153ur, \u00e7a donne du sens \u00e0 notre travail (&#8230;) On est tr\u00e8s, tr\u00e8s heureux, de vous retrouver \u00e0 la rentr\u00e9e&#8230; Mais avant \u00e7a, petite surprise ! Puisqu\u2019avec mon \u00e9quipe, on a d\u00e9cid\u00e9 de lancer ma cha\u00eene YouTube. C\u2019est la premi\u00e8re fois. Je suis tr\u00e8s \u00e9mu. J\u2019esp\u00e8re que \u00e7a va vous plaire. Il y aura beaucoup de surprises.\u00a0\u00bb<\/p>\n","protected":false},"excerpt":{"rendered":"Aujourd&rsquo;hui \u00e0 17:00 &#8211; par Thomas Fourcroy Tweeter Partager sur Facebook Le dimanche 21 septembre \u00e0 16h05, France&hellip;\n","protected":false},"author":2,"featured_media":405776,"comment_status":"","ping_status":"","sticky":false,"template":"","format":"standard","meta":{"footnotes":""},"categories":[1356],"tags":[46677,58,59,1011,27,594,12294,16020,3774,19846,53701,36210,20271,12660,252,12661,1364,12295],"class_list":{"0":"post-405775","1":"post","2":"type-post","3":"status-publish","4":"format-standard","5":"has-post-thumbnail","7":"category-television","8":"tag-claudia-tagbo","9":"tag-divertissement","10":"tag-entertainment","11":"tag-fr","12":"tag-france","13":"tag-france-2","14":"tag-fru00e9du00e9ric-lopez","15":"tag-guess-who","16":"tag-invitu00e9s","17":"tag-karaoke","18":"tag-karaoku00e9","19":"tag-michele-laroque","20":"tag-michu00e8le-laroque","21":"tag-syndication","22":"tag-television","23":"tag-tm","24":"tag-tv","25":"tag-un-dimanche-u00e0-la-campagne"},"share_on_mastodon":{"url":"https:\/\/pubeurope.com\/@fr\/115238854152434495","error":""},"_links":{"self":[{"href":"https:\/\/www.europesays.com\/fr\/wp-json\/wp\/v2\/posts\/405775","targetHints":{"allow":["GET"]}}],"collection":[{"href":"https:\/\/www.europesays.com\/fr\/wp-json\/wp\/v2\/posts"}],"about":[{"href":"https:\/\/www.europesays.com\/fr\/wp-json\/wp\/v2\/types\/post"}],"author":[{"embeddable":true,"href":"https:\/\/www.europesays.com\/fr\/wp-json\/wp\/v2\/users\/2"}],"replies":[{"embeddable":true,"href":"https:\/\/www.europesays.com\/fr\/wp-json\/wp\/v2\/comments?post=405775"}],"version-history":[{"count":0,"href":"https:\/\/www.europesays.com\/fr\/wp-json\/wp\/v2\/posts\/405775\/revisions"}],"wp:featuredmedia":[{"embeddable":true,"href":"https:\/\/www.europesays.com\/fr\/wp-json\/wp\/v2\/media\/405776"}],"wp:attachment":[{"href":"https:\/\/www.europesays.com\/fr\/wp-json\/wp\/v2\/media?parent=405775"}],"wp:term":[{"taxonomy":"category","embeddable":true,"href":"https:\/\/www.europesays.com\/fr\/wp-json\/wp\/v2\/categories?post=405775"},{"taxonomy":"post_tag","embeddable":true,"href":"https:\/\/www.europesays.com\/fr\/wp-json\/wp\/v2\/tags?post=405775"}],"curies":[{"name":"wp","href":"https:\/\/api.w.org\/{rel}","templated":true}]}}