{"id":405777,"date":"2025-09-20T21:55:10","date_gmt":"2025-09-20T21:55:10","guid":{"rendered":"https:\/\/www.europesays.com\/fr\/405777\/"},"modified":"2025-09-20T21:55:10","modified_gmt":"2025-09-20T21:55:10","slug":"florent-pagny-a-lhonneur-dun-numero-special-de-cette-emission-culte","status":"publish","type":"post","link":"https:\/\/www.europesays.com\/fr\/405777\/","title":{"rendered":"Florent Pagny \u00e0 l&rsquo;honneur d&rsquo;un num\u00e9ro sp\u00e9cial de cette \u00e9mission culte"},"content":{"rendered":"<p><img decoding=\"async\" src=\"https:\/\/www.europesays.com\/fr\/wp-content\/uploads\/2025\/09\/photo_1757518813.jpg\" class=\"textcenter img-content\" loading=\"lazy\"\/>Bestimage<br \/>\n<br \/>\nEnfin ! Si l&rsquo;on a davantage parl\u00e9 de Florent Pagny ces derni\u00e8res ann\u00e9es pour \u00e9voquer <a href=\"https:\/\/www.chartsinfrance.net\/actualite\/news-133640.html\" target=\"_blank\" class=\"spip_out\" rel=\"nofollow noopener\">ses probl\u00e8mes de sant\u00e9<\/a>, l&rsquo;artiste replace la musique au centre de l&rsquo;actualit\u00e9. Cette semaine, l&rsquo;inimitable chanteur de 63 ans est de retour avec <a href=\"https:\/\/www.chartsinfrance.net\/actualite\/news-133200.html\" target=\"_blank\" class=\"spip_out\" rel=\"nofollow noopener\">\u00ab\u00a0Grandeur nature\u00a0\u00bb<\/a>, son premier album de chansons originales depuis <a href=\"https:\/\/www.chartsinfrance.net\/Florent-Pagny\/news-119633.html\" target=\"_blank\" class=\"spip_out\" rel=\"nofollow noopener\">\u00ab\u00a0L&rsquo;Avenir\u00a0\u00bb<\/a> (2021). \u00ab J&rsquo;ai laiss\u00e9 le temps aux \u00e9v\u00e9nements, \u00e0 ce qu&rsquo;il m&rsquo;est arriv\u00e9, de me redonner le go\u00fbt de retourner en studio. Quand j&rsquo;ai re\u00e7u <a href=\"https:\/\/www.chartsinfrance.net\/Florent-Pagny\/news-132443.html\" target=\"_blank\" class=\"spip_out\" rel=\"nofollow noopener\">\u00ab\u00a0T&rsquo;aimer encore\u00a0\u00bb<\/a> il y a trois ans pratiquement, \u00e7a m&rsquo;a assez boulevers\u00e9. J&rsquo;ai rappel\u00e9 Vianney en lui disant : \u00ab\u00a0Je n&rsquo;ai pas la t\u00eate \u00e0 \u00e7a. Par contre, je te promets que quand \u00e7a va revenir, ce sera une des premi\u00e8res que j&rsquo;enregistrerai\u00a0\u00bb. C&rsquo;est exactement ce qu&rsquo;il s&rsquo;est pass\u00e9 \u00bb relate \u00e0 l&rsquo;AFP celui qui r\u00e9unit des textes de Vianney, Marc Lavoine, Paul \u00c9cole, Jacques Veneruso, Daran ou Emmanuelle Cosso sur 11 titres et 6 interludes.<\/p>\n<p>Le player Dailymotion est en train de se charger&#8230;<\/p>\n<p>\u00ab\u00a0De grands moments d&rsquo;\u00e9motion\u00a0\u00bb<br \/>\nLe fil rouge de l&rsquo;album ? Les relations humaines et le rapport \u00e0 l&rsquo;autre. \u00ab La solution \u00e0 tous nos probl\u00e8mes, \u00e7a va \u00eatre l&rsquo;amour. Les moments les plus agr\u00e9ables pour chaque humain, c&rsquo;est quand il y a de l&rsquo;amour \u00bb souligne l&rsquo;interpr\u00e8te de <a href=\"https:\/\/www.chartsinfrance.net\/actualite\/news-130988.html\" target=\"_blank\" class=\"spip_out\" rel=\"nofollow noopener\">\u00ab\u00a0Savoir aimer\u00a0\u00bb<\/a>, qui partira bient\u00f4t \u00e0 la rencontre de son public pour <a href=\"https:\/\/www.chartsinfrance.net\/actualite\/news-130909.html\" target=\"_blank\" class=\"spip_out\" rel=\"nofollow noopener\">une tourn\u00e9e pharaonique en 2026<\/a> comprenant une r\u00e9sidence d&rsquo;un mois \u00e0 l&rsquo;Olympia. Mais avant ces concerts, le public aura l&rsquo;opportunit\u00e9 d&rsquo;aller applaudir Florent Pagny &#8211; qui a <a href=\"https:\/\/www.chartsinfrance.net\/Florent-Pagny\/news-133757.html\" target=\"_blank\" class=\"spip_out\" rel=\"nofollow noopener\">refus\u00e9 une tourn\u00e9e des stades<\/a> &#8211; lors d&rsquo;une soir\u00e9e exceptionnelle qui aura lieu \u00e0 la Seine Musicale, \u00e0 Boulogne-Billancourt, le samedi 25 septembre. Aux manettes ? Nul autre que Nagui !<\/p>\n<blockquote class=\"quote\"><p><b>\u00c0 LIRE &#8211;<\/b> <a href=\"https:\/\/www.chartsinfrance.net\/actualite\/news-133581.html\" target=\"_blank\" class=\"spip_out\" rel=\"nofollow noopener\">Jean-Jacques Goldman a \u00e9crit ces chansons pour Florent Pagny sous un faux nom<\/a><\/p><\/blockquote>\n<p>\nAfin de c\u00e9l\u00e9brer la longue et foisonnante carri\u00e8re du <a href=\"https:\/\/www.chartsinfrance.net\/Florent-Pagny\/news-133718.html\" target=\"_blank\" class=\"spip_out\" rel=\"nofollow noopener\">coach de \u00ab\u00a0The Voice\u00a0\u00bb<\/a>, le pr\u00e9sentateur de France 2 va mettre sur pied <b>un num\u00e9ro sp\u00e9cial de son \u00e9mission culte \u00ab\u00a0Taratata\u00a0\u00bb<\/b>. \u00ab Quand Florent Pagny fait son TARATATA, on ouvre grand les yeux et les oreilles&#8230; Florent Pagny sera entour\u00e9 de ses amis et de proches invit\u00e9s pour un concert 100% live et exclusif. \u00c0 cette occasion, il interpr\u00e9tera pour la premi\u00e8re fois de nouvelles chansons, en plus de ses plus grands succ\u00e8s. Au programme : des duos in\u00e9dits, des reprises originales, des rencontres artistiques uniques&#8230; et de grands moments d&rsquo;\u00e9motion, comme seule l&rsquo;\u00e9mission sait les cr\u00e9er \u00bb promet <a href=\"https:\/\/www.francetelevisions.fr\/et-vous\/avantages-fidelite\/communaute-fans-de-culture\/florent-pagny-fait-son-taratata-47035\" target=\"_blank\" class=\"spip_out\" rel=\"nofollow noopener\">un communiqu\u00e9 de la cha\u00eene<\/a>, qui lance un jeu concours pour gagner des places pour l&rsquo;\u00e9v\u00e9nement.<\/p>\n<p>Les artistes qui seront pr\u00e9sents pour chanter les tubes de Florent Pagny ? \u00ab CHUT&#8230; C&rsquo;est surprise \u00bb nous glisse-t-on. En revanche, on sait d\u00e9j\u00e0 que ce tournage servira une bonne cause. En effet, les recettes g\u00e9n\u00e9r\u00e9es par la vente des places pour la soir\u00e9e sera revers\u00e9e \u00e0 la Fondation Recherche M\u00e9dicale, afin de soutenir la lutte contre le cancer. Une belle initiative !<\/p>\n","protected":false},"excerpt":{"rendered":"Bestimage Enfin ! Si l&rsquo;on a davantage parl\u00e9 de Florent Pagny ces derni\u00e8res ann\u00e9es pour \u00e9voquer ses probl\u00e8mes&hellip;\n","protected":false},"author":2,"featured_media":405778,"comment_status":"","ping_status":"","sticky":false,"template":"","format":"standard","meta":{"footnotes":""},"categories":[1355],"tags":[58,59,1011,27,1361,873],"class_list":{"0":"post-405777","1":"post","2":"type-post","3":"status-publish","4":"format-standard","5":"has-post-thumbnail","7":"category-musique","8":"tag-divertissement","9":"tag-entertainment","10":"tag-fr","11":"tag-france","12":"tag-music","13":"tag-musique"},"share_on_mastodon":{"url":"https:\/\/pubeurope.com\/@fr\/115238857935039078","error":""},"_links":{"self":[{"href":"https:\/\/www.europesays.com\/fr\/wp-json\/wp\/v2\/posts\/405777","targetHints":{"allow":["GET"]}}],"collection":[{"href":"https:\/\/www.europesays.com\/fr\/wp-json\/wp\/v2\/posts"}],"about":[{"href":"https:\/\/www.europesays.com\/fr\/wp-json\/wp\/v2\/types\/post"}],"author":[{"embeddable":true,"href":"https:\/\/www.europesays.com\/fr\/wp-json\/wp\/v2\/users\/2"}],"replies":[{"embeddable":true,"href":"https:\/\/www.europesays.com\/fr\/wp-json\/wp\/v2\/comments?post=405777"}],"version-history":[{"count":0,"href":"https:\/\/www.europesays.com\/fr\/wp-json\/wp\/v2\/posts\/405777\/revisions"}],"wp:featuredmedia":[{"embeddable":true,"href":"https:\/\/www.europesays.com\/fr\/wp-json\/wp\/v2\/media\/405778"}],"wp:attachment":[{"href":"https:\/\/www.europesays.com\/fr\/wp-json\/wp\/v2\/media?parent=405777"}],"wp:term":[{"taxonomy":"category","embeddable":true,"href":"https:\/\/www.europesays.com\/fr\/wp-json\/wp\/v2\/categories?post=405777"},{"taxonomy":"post_tag","embeddable":true,"href":"https:\/\/www.europesays.com\/fr\/wp-json\/wp\/v2\/tags?post=405777"}],"curies":[{"name":"wp","href":"https:\/\/api.w.org\/{rel}","templated":true}]}}