{"id":405781,"date":"2025-09-20T21:57:15","date_gmt":"2025-09-20T21:57:15","guid":{"rendered":"https:\/\/www.europesays.com\/fr\/405781\/"},"modified":"2025-09-20T21:57:15","modified_gmt":"2025-09-20T21:57:15","slug":"le-cerveau-parle-a-limmunite-et-vice-versa-mediapart","status":"publish","type":"post","link":"https:\/\/www.europesays.com\/fr\/405781\/","title":{"rendered":"Le cerveau parle \u00e0 l\u2019immunit\u00e9. Et vice versa &#8211; Mediapart"},"content":{"rendered":"<ol>\n<li><a href=\"https:\/\/news.google.com\/rss\/articles\/CBMinwFBVV95cUxPV3RxZFJaWGFjRUFhVnBoMnVMc05UMldNbGtNTWx4Qjh5WGtBLTNzbTRnaFdOUDNicmRybk5vbU80RUtUZ1MwZFB1d2k3RmZaZEE5Q0Y2QUNuZ0t3ZWZmNU9hRnhsNGQ5end3S1dpSEhoRm5BalZrNFRKbHNLV3VKNW1tcXVKVkZCNFdGckhDMHlzZ01KeFRPQWstSHlBYlU?oc=5\" target=\"_blank\" rel=\"noopener\">Le cerveau parle \u00e0 l\u2019immunit\u00e9. Et vice versa<\/a>&nbsp;&nbsp;Mediapart<\/li>\n<li><a href=\"https:\/\/news.google.com\/rss\/articles\/CBMi4AFBVV95cUxQZnJXbmpLM2tTVHI1bmpKelFBS3FVSGVYTVVHbnRpSDFjLUdkZmlCeGgta2ItOHVNVWZtRHFHNml4T2xfaEp1UTZrNHBkMTlWMVBWanF1R2xzRTVicWlPT0pyTW1BX0c0VVU3bFhMUl9BZm93NG5WOGpEbjR2VW9fV1lxM3cwSDAwUzdxMUVicV8ta1ZjUTRVUjIzVXF0c2FpYUh4ZHlSclQ0LXh2bTRhek1XdHM2eUsxQ0ZMMnZ5LTRPVE1lbTMyRGxtMnhuR0ZvUkxGRHRIV2tMQzNtcEM3NA?oc=5\" target=\"_blank\" rel=\"noopener\">Voir un avatar malade en r\u00e9alit\u00e9 virtuelle d\u00e9clenche le syst\u00e8me immunitaire<\/a>&nbsp;&nbsp;Radio France<\/li>\n<li><a href=\"https:\/\/news.google.com\/rss\/articles\/CBMi1wFBVV95cUxNNW9xNEpDc0V3bHhnX0VQS1JmTTFRY2pKSmpVei0xTm1fZlNPckx3T2xqR0x5NzQ1eTNMTFNRaGIzZXNoWk5VSklRc3JhYTlhSHozNzc4QlFTM0k1S1N0Sl81YWI4bzRvRXZROEhhYkotS2VIMEVVLW1RbktJOUhkUEt6cjdDU1UtaTBvdDZ3dlVLR0RQakZRa1NkQ3ZsbVJuTkpJZ1VJTGdTUVhMUkZyN3NuNnZuNHVtZHMyb2xSWEZrYTBXOHZPRndKeEZMVlBUVHRiNGZNSQ?oc=5\" target=\"_blank\" rel=\"noopener\">La compassion est-elle un vaccin efficace contre les maladies infectieuses ?<\/a>&nbsp;&nbsp;Les Echos<\/li>\n<li><a href=\"https:\/\/news.google.com\/rss\/articles\/CBMi1AFBVV95cUxObFVpcUpaTUZiMUlhdERRVkVhV1dqQWp5bmRwcmlYaHUxeVB5NkNUdl9tdFBocXB4dkp2OFFZSlBvWHVnOTY2WVlrdmVrZ2lQOC1hcEdHejUyajVYSkVlWnh5UjROZGtTZUNMN0Fva3hJS0VadVlEQ2FLQzhNQ3V1SlNiRWE3dGdQS2dzSS1XWXR5OFJuTG5VUnctODdTTHNnX3RrUVlXUmdOLWhudWUwdkIxaEZ4OXVEWE9nRllCcWtYVUxOVnozaW9rTXRoNk9nUkNIUg?oc=5\" target=\"_blank\" rel=\"noopener\">Le cerveau active notre syst\u00e8me immunitaire quand il per\u00e7oit un risque d\u2019infection<\/a>&nbsp;&nbsp;Cerveau &amp; Psycho<\/li>\n<li><a href=\"https:\/\/news.google.com\/rss\/articles\/CBMickFVX3lxTFBrcEg3NnFBdWs4RU5XNnFkZHFjLXdxRktoSG8wUmpYT1dLZEREZjd6bFVseUM5Z0drZmRfdEpGNFIwQTlEVjZZR2NQcHU3bU1yYkt2STJlS0kzaFRycEY5NHlfTkNtQmRwbFdrNW81blJmdw?oc=5\" target=\"_blank\" rel=\"noopener\">Quand l\u2019avatar tousse<\/a>&nbsp;&nbsp;JIM.fr<\/li>\n<\/ol>\n","protected":false},"excerpt":{"rendered":"Le cerveau parle \u00e0 l\u2019immunit\u00e9. Et vice versa&nbsp;&nbsp;Mediapart Voir un avatar malade en r\u00e9alit\u00e9 virtuelle d\u00e9clenche le syst\u00e8me&hellip;\n","protected":false},"author":2,"featured_media":405782,"comment_status":"","ping_status":"","sticky":false,"template":"","format":"standard","meta":{"footnotes":""},"categories":[10],"tags":[231,1011,27,72,53702,71,41],"class_list":{"0":"post-405781","1":"post","2":"type-post","3":"status-publish","4":"format-standard","5":"has-post-thumbnail","7":"category-sante","8":"tag-cerveau","9":"tag-fr","10":"tag-france","11":"tag-health","12":"tag-immunite","13":"tag-sante","14":"tag-sciences"},"share_on_mastodon":{"url":"https:\/\/pubeurope.com\/@fr\/115238865827757517","error":""},"_links":{"self":[{"href":"https:\/\/www.europesays.com\/fr\/wp-json\/wp\/v2\/posts\/405781","targetHints":{"allow":["GET"]}}],"collection":[{"href":"https:\/\/www.europesays.com\/fr\/wp-json\/wp\/v2\/posts"}],"about":[{"href":"https:\/\/www.europesays.com\/fr\/wp-json\/wp\/v2\/types\/post"}],"author":[{"embeddable":true,"href":"https:\/\/www.europesays.com\/fr\/wp-json\/wp\/v2\/users\/2"}],"replies":[{"embeddable":true,"href":"https:\/\/www.europesays.com\/fr\/wp-json\/wp\/v2\/comments?post=405781"}],"version-history":[{"count":0,"href":"https:\/\/www.europesays.com\/fr\/wp-json\/wp\/v2\/posts\/405781\/revisions"}],"wp:featuredmedia":[{"embeddable":true,"href":"https:\/\/www.europesays.com\/fr\/wp-json\/wp\/v2\/media\/405782"}],"wp:attachment":[{"href":"https:\/\/www.europesays.com\/fr\/wp-json\/wp\/v2\/media?parent=405781"}],"wp:term":[{"taxonomy":"category","embeddable":true,"href":"https:\/\/www.europesays.com\/fr\/wp-json\/wp\/v2\/categories?post=405781"},{"taxonomy":"post_tag","embeddable":true,"href":"https:\/\/www.europesays.com\/fr\/wp-json\/wp\/v2\/tags?post=405781"}],"curies":[{"name":"wp","href":"https:\/\/api.w.org\/{rel}","templated":true}]}}